{"id":10795,"date":"2023-07-07T09:53:26","date_gmt":"2023-07-07T07:53:26","guid":{"rendered":"https:\/\/zsps.poznan.pl\/?p=10795"},"modified":"2023-07-10T10:15:31","modified_gmt":"2023-07-10T08:15:31","slug":"branzowe-centrum-umiejetnosci","status":"publish","type":"post","link":"https:\/\/zsps.poznan.pl\/index.php\/branzowe-centrum-umiejetnosci\/","title":{"rendered":"Bran\u017cowe Centrum Umiej\u0119tno\u015bci w dziedzinie: piekarstwo."},"content":{"rendered":"\t\t<div data-elementor-type=\"wp-post\" data-elementor-id=\"10795\" class=\"elementor elementor-10795\">\n\t\t\t\t\t\t<section class=\"elementor-section elementor-top-section elementor-element elementor-element-ffcdf78 elementor-section-boxed elementor-section-height-default elementor-section-height-default\" data-id=\"ffcdf78\" data-element_type=\"section\" data-e-type=\"section\">\n\t\t\t\t\t\t<div class=\"elementor-container elementor-column-gap-default\">\n\t\t\t\t\t<div class=\"elementor-column elementor-col-100 elementor-top-column elementor-element elementor-element-11c402b\" data-id=\"11c402b\" data-element_type=\"column\" data-e-type=\"column\">\n\t\t\t<div class=\"elementor-widget-wrap elementor-element-populated\">\n\t\t\t\t\t\t<div class=\"elementor-element elementor-element-7aa2ff2 elementor-widget elementor-widget-text-editor\" data-id=\"7aa2ff2\" data-element_type=\"widget\" data-e-type=\"widget\" data-widget_type=\"text-editor.default\">\n\t\t\t\t<div class=\"elementor-widget-container\">\n\t\t\t\t\t\t\t\t\t<p>Z rado\u015bci\u0105 pragniemy poinformowa\u0107, \u017ce wkr\u00f3tce na terenie szko\u0142y ruszy budowa Bran\u017cowego Centrum Umiej\u0119tno\u015bci w dziedzinie: piekarstwo. W dniu 4 lipca b.r. nast\u0105pi\u0142o uroczyste podpisanie umowy na budow\u0119 BCU oraz symboliczne przekazanie \u015brodk\u00f3w.<\/p><p>BCU b\u0119dzie publiczn\u0105 plac\u00f3wk\u0105 umo\u017cliwiaj\u0105c\u0105\u00a0 uzyskanie i uzupe\u0142nienie wiedzy, umiej\u0119tno\u015bci i kwalifikacji zawodowych lub zmian\u0119 kwalifikacji zawodowych, a tak\u017ce wspieraj\u0105c\u0105 wsp\u00f3\u0142prac\u0119 szk\u00f3\u0142, plac\u00f3wek i uczelni z pracodawcami.<\/p>\t\t\t\t\t\t\t\t<\/div>\n\t\t\t\t<\/div>\n\t\t\t\t\t<\/div>\n\t\t<\/div>\n\t\t\t\t\t<\/div>\n\t\t<\/section>\n\t\t\t\t<section class=\"elementor-section elementor-top-section elementor-element elementor-element-165c235 elementor-section-boxed elementor-section-height-default elementor-section-height-default\" data-id=\"165c235\" data-element_type=\"section\" data-e-type=\"section\">\n\t\t\t\t\t\t<div class=\"elementor-container elementor-column-gap-default\">\n\t\t\t\t\t<div class=\"elementor-column elementor-col-100 elementor-top-column elementor-element elementor-element-9e5e348\" data-id=\"9e5e348\" data-element_type=\"column\" data-e-type=\"column\">\n\t\t\t<div class=\"elementor-widget-wrap elementor-element-populated\">\n\t\t\t\t\t\t<div class=\"elementor-element elementor-element-fa49ece elementor-widget elementor-widget-image-gallery\" data-id=\"fa49ece\" data-element_type=\"widget\" data-e-type=\"widget\" data-widget_type=\"image-gallery.default\">\n\t\t\t\t<div class=\"elementor-widget-container\">\n\t\t\t\t\t\t\t<div class=\"elementor-image-gallery\">\n\t\t\t<div id='gallery-1' class='gallery galleryid-10795 gallery-columns-2 gallery-size-medium'><figure class='gallery-item'>\n\t\t\t<div class='gallery-icon portrait'>\n\t\t\t\t<a data-elementor-open-lightbox=\"yes\" data-elementor-lightbox-slideshow=\"fa49ece\" data-e-action-hash=\"#elementor-action%3Aaction%3Dlightbox%26settings%3DeyJpZCI6MTA3OTYsInVybCI6Imh0dHBzOlwvXC96c3BzLnBvem5hbi5wbFwvd3AtY29udGVudFwvdXBsb2Fkc1wvMjAyM1wvMDdcLzM1ODEwMDQzM183MzYwNTczNTUxOTY2NTZfMzY4NDQxMDkxODAyNTc1OTM4M19uLmpwZyIsInNsaWRlc2hvdyI6ImZhNDllY2UifQ%3D%3D\" href='https:\/\/zsps.poznan.pl\/wp-content\/uploads\/2023\/07\/358100433_736057355196656_3684410918025759383_n.jpg'><img fetchpriority=\"high\" decoding=\"async\" width=\"225\" height=\"300\" src=\"https:\/\/zsps.poznan.pl\/wp-content\/uploads\/2023\/07\/358100433_736057355196656_3684410918025759383_n-225x300.jpg\" class=\"attachment-medium size-medium\" alt=\"\" srcset=\"https:\/\/zsps.poznan.pl\/wp-content\/uploads\/2023\/07\/358100433_736057355196656_3684410918025759383_n-225x300.jpg 225w, https:\/\/zsps.poznan.pl\/wp-content\/uploads\/2023\/07\/358100433_736057355196656_3684410918025759383_n.jpg 750w\" sizes=\"(max-width: 225px) 100vw, 225px\" \/><\/a>\n\t\t\t<\/div><\/figure><figure class='gallery-item'>\n\t\t\t<div class='gallery-icon portrait'>\n\t\t\t\t<a data-elementor-open-lightbox=\"yes\" data-elementor-lightbox-slideshow=\"fa49ece\" data-e-action-hash=\"#elementor-action%3Aaction%3Dlightbox%26settings%3DeyJpZCI6MTA3OTcsInVybCI6Imh0dHBzOlwvXC96c3BzLnBvem5hbi5wbFwvd3AtY29udGVudFwvdXBsb2Fkc1wvMjAyM1wvMDdcLzM1ODEzNTM4N183MzYwNTczNzg1Mjk5ODdfNzM3MzE0MTI2Njg0MzEzNzAxX24uanBnIiwic2xpZGVzaG93IjoiZmE0OWVjZSJ9\" href='https:\/\/zsps.poznan.pl\/wp-content\/uploads\/2023\/07\/358135387_736057378529987_737314126684313701_n.jpg'><img decoding=\"async\" width=\"225\" height=\"300\" src=\"https:\/\/zsps.poznan.pl\/wp-content\/uploads\/2023\/07\/358135387_736057378529987_737314126684313701_n-225x300.jpg\" class=\"attachment-medium size-medium\" alt=\"\" srcset=\"https:\/\/zsps.poznan.pl\/wp-content\/uploads\/2023\/07\/358135387_736057378529987_737314126684313701_n-225x300.jpg 225w, https:\/\/zsps.poznan.pl\/wp-content\/uploads\/2023\/07\/358135387_736057378529987_737314126684313701_n.jpg 750w\" sizes=\"(max-width: 225px) 100vw, 225px\" \/><\/a>\n\t\t\t<\/div><\/figure><figure class='gallery-item'>\n\t\t\t<div class='gallery-icon portrait'>\n\t\t\t\t<a data-elementor-open-lightbox=\"yes\" data-elementor-lightbox-slideshow=\"fa49ece\" data-e-action-hash=\"#elementor-action%3Aaction%3Dlightbox%26settings%3DeyJpZCI6MTA3OTgsInVybCI6Imh0dHBzOlwvXC96c3BzLnBvem5hbi5wbFwvd3AtY29udGVudFwvdXBsb2Fkc1wvMjAyM1wvMDdcLzM1ODM2OTI5M183MzYwNTczODUxOTY2NTNfNjc5MTQ2NjQ4ODEyODA0NTU3M19uLmpwZyIsInNsaWRlc2hvdyI6ImZhNDllY2UifQ%3D%3D\" href='https:\/\/zsps.poznan.pl\/wp-content\/uploads\/2023\/07\/358369293_736057385196653_6791466488128045573_n.jpg'><img decoding=\"async\" width=\"225\" height=\"300\" src=\"https:\/\/zsps.poznan.pl\/wp-content\/uploads\/2023\/07\/358369293_736057385196653_6791466488128045573_n-225x300.jpg\" class=\"attachment-medium size-medium\" alt=\"\" srcset=\"https:\/\/zsps.poznan.pl\/wp-content\/uploads\/2023\/07\/358369293_736057385196653_6791466488128045573_n-225x300.jpg 225w, https:\/\/zsps.poznan.pl\/wp-content\/uploads\/2023\/07\/358369293_736057385196653_6791466488128045573_n.jpg 750w\" sizes=\"(max-width: 225px) 100vw, 225px\" \/><\/a>\n\t\t\t<\/div><\/figure><figure class='gallery-item'>\n\t\t\t<div class='gallery-icon landscape'>\n\t\t\t\t<a data-elementor-open-lightbox=\"yes\" data-elementor-lightbox-slideshow=\"fa49ece\" data-e-action-hash=\"#elementor-action%3Aaction%3Dlightbox%26settings%3DeyJpZCI6MTA4MDAsInVybCI6Imh0dHBzOlwvXC96c3BzLnBvem5hbi5wbFwvd3AtY29udGVudFwvdXBsb2Fkc1wvMjAyM1wvMDdcL0lNR181NjIxLmpwZyIsInNsaWRlc2hvdyI6ImZhNDllY2UifQ%3D%3D\" href='https:\/\/zsps.poznan.pl\/wp-content\/uploads\/2023\/07\/IMG_5621.jpg'><img loading=\"lazy\" decoding=\"async\" width=\"300\" height=\"216\" src=\"https:\/\/zsps.poznan.pl\/wp-content\/uploads\/2023\/07\/IMG_5621-300x216.jpg\" class=\"attachment-medium size-medium\" alt=\"\" srcset=\"https:\/\/zsps.poznan.pl\/wp-content\/uploads\/2023\/07\/IMG_5621-300x216.jpg 300w, https:\/\/zsps.poznan.pl\/wp-content\/uploads\/2023\/07\/IMG_5621-1024x737.jpg 1024w, https:\/\/zsps.poznan.pl\/wp-content\/uploads\/2023\/07\/IMG_5621-768x553.jpg 768w, https:\/\/zsps.poznan.pl\/wp-content\/uploads\/2023\/07\/IMG_5621.jpg 1390w\" sizes=\"(max-width: 300px) 100vw, 300px\" \/><\/a>\n\t\t\t<\/div><\/figure>\n\t\t<\/div>\n\t\t<\/div>\n\t\t\t\t\t\t<\/div>\n\t\t\t\t<\/div>\n\t\t\t\t\t<\/div>\n\t\t<\/div>\n\t\t\t\t\t<\/div>\n\t\t<\/section>\n\t\t\t\t<\/div>\n\t\t","protected":false},"excerpt":{"rendered":"<p>Z rado\u015bci\u0105 pragniemy poinformowa\u0107, \u017ce wkr\u00f3tce na terenie szko\u0142y ruszy budowa Bran\u017cowego Centrum Umiej\u0119tno\u015bci w dziedzinie: piekarstwo. W dniu 4 lipca b.r. nast\u0105pi\u0142o uroczyste podpisanie umowy na budow\u0119 BCU oraz symboliczne przekazanie \u015brodk\u00f3w. BCU b\u0119dzie publiczn\u0105 plac\u00f3wk\u0105 umo\u017cliwiaj\u0105c\u0105\u00a0 uzyskanie i<\/p>\n","protected":false},"author":9,"featured_media":0,"comment_status":"closed","ping_status":"closed","sticky":false,"template":"","format":"standard","meta":{"footnotes":""},"categories":[1],"tags":[],"class_list":["post-10795","post","type-post","status-publish","format-standard","hentry","category-aktualnosci"],"yoast_head":"<!-- This site is optimized with the Yoast SEO plugin v27.5 - https:\/\/yoast.com\/product\/yoast-seo-wordpress\/ -->\n<title>Bran\u017cowe Centrum Umiej\u0119tno\u015bci w dziedzinie: piekarstwo. - ZESP\u00d3\u0141 SZK\u00d3\u0141 PRZEMYS\u0141U SPO\u017bYWCZEGO<\/title>\n<meta name=\"robots\" content=\"index, follow, max-snippet:-1, max-image-preview:large, max-video-preview:-1\" \/>\n<link rel=\"canonical\" href=\"https:\/\/zsps.poznan.pl\/index.php\/branzowe-centrum-umiejetnosci\/\" \/>\n<meta property=\"og:locale\" content=\"pl_PL\" \/>\n<meta property=\"og:type\" content=\"article\" \/>\n<meta property=\"og:title\" content=\"Bran\u017cowe Centrum Umiej\u0119tno\u015bci w dziedzinie: piekarstwo. - ZESP\u00d3\u0141 SZK\u00d3\u0141 PRZEMYS\u0141U SPO\u017bYWCZEGO\" \/>\n<meta property=\"og:description\" content=\"Z rado\u015bci\u0105 pragniemy poinformowa\u0107, \u017ce wkr\u00f3tce na terenie szko\u0142y ruszy budowa Bran\u017cowego Centrum Umiej\u0119tno\u015bci w dziedzinie: piekarstwo. W dniu 4 lipca b.r. nast\u0105pi\u0142o uroczyste podpisanie umowy na budow\u0119 BCU oraz symboliczne przekazanie \u015brodk\u00f3w. BCU b\u0119dzie publiczn\u0105 plac\u00f3wk\u0105 umo\u017cliwiaj\u0105c\u0105\u00a0 uzyskanie i\" \/>\n<meta property=\"og:url\" content=\"https:\/\/zsps.poznan.pl\/index.php\/branzowe-centrum-umiejetnosci\/\" \/>\n<meta property=\"og:site_name\" content=\"ZESP\u00d3\u0141 SZK\u00d3\u0141 PRZEMYS\u0141U SPO\u017bYWCZEGO\" \/>\n<meta property=\"article:publisher\" content=\"https:\/\/www.facebook.com\/zsps.poznan\" \/>\n<meta property=\"article:published_time\" content=\"2023-07-07T07:53:26+00:00\" \/>\n<meta property=\"article:modified_time\" content=\"2023-07-10T08:15:31+00:00\" \/>\n<meta property=\"og:image\" content=\"https:\/\/zsps.poznan.pl\/wp-content\/uploads\/2023\/07\/358100433_736057355196656_3684410918025759383_n-225x300.jpg\" \/>\n<meta name=\"author\" content=\"nadmar\" \/>\n<meta name=\"twitter:card\" content=\"summary_large_image\" \/>\n<meta name=\"twitter:label1\" content=\"Napisane przez\" \/>\n\t<meta name=\"twitter:data1\" content=\"nadmar\" \/>\n\t<meta name=\"twitter:label2\" content=\"Szacowany czas czytania\" \/>\n\t<meta name=\"twitter:data2\" content=\"2 minuty\" \/>\n<script type=\"application\/ld+json\" class=\"yoast-schema-graph\">{\"@context\":\"https:\\\/\\\/schema.org\",\"@graph\":[{\"@type\":\"Article\",\"@id\":\"https:\\\/\\\/zsps.poznan.pl\\\/index.php\\\/branzowe-centrum-umiejetnosci\\\/#article\",\"isPartOf\":{\"@id\":\"https:\\\/\\\/zsps.poznan.pl\\\/index.php\\\/branzowe-centrum-umiejetnosci\\\/\"},\"author\":{\"name\":\"nadmar\",\"@id\":\"https:\\\/\\\/zsps.poznan.pl\\\/#\\\/schema\\\/person\\\/a863b9785be3f60f354ccce3c38e5e40\"},\"headline\":\"Bran\u017cowe Centrum Umiej\u0119tno\u015bci w dziedzinie: piekarstwo.\",\"datePublished\":\"2023-07-07T07:53:26+00:00\",\"dateModified\":\"2023-07-10T08:15:31+00:00\",\"mainEntityOfPage\":{\"@id\":\"https:\\\/\\\/zsps.poznan.pl\\\/index.php\\\/branzowe-centrum-umiejetnosci\\\/\"},\"wordCount\":89,\"publisher\":{\"@id\":\"https:\\\/\\\/zsps.poznan.pl\\\/#organization\"},\"image\":{\"@id\":\"https:\\\/\\\/zsps.poznan.pl\\\/index.php\\\/branzowe-centrum-umiejetnosci\\\/#primaryimage\"},\"thumbnailUrl\":\"https:\\\/\\\/zsps.poznan.pl\\\/wp-content\\\/uploads\\\/2023\\\/07\\\/358100433_736057355196656_3684410918025759383_n-225x300.jpg\",\"articleSection\":[\"Aktualno\u015bci\"],\"inLanguage\":\"pl-PL\"},{\"@type\":\"WebPage\",\"@id\":\"https:\\\/\\\/zsps.poznan.pl\\\/index.php\\\/branzowe-centrum-umiejetnosci\\\/\",\"url\":\"https:\\\/\\\/zsps.poznan.pl\\\/index.php\\\/branzowe-centrum-umiejetnosci\\\/\",\"name\":\"Bran\u017cowe Centrum Umiej\u0119tno\u015bci w dziedzinie: piekarstwo. - ZESP\u00d3\u0141 SZK\u00d3\u0141 PRZEMYS\u0141U SPO\u017bYWCZEGO\",\"isPartOf\":{\"@id\":\"https:\\\/\\\/zsps.poznan.pl\\\/#website\"},\"primaryImageOfPage\":{\"@id\":\"https:\\\/\\\/zsps.poznan.pl\\\/index.php\\\/branzowe-centrum-umiejetnosci\\\/#primaryimage\"},\"image\":{\"@id\":\"https:\\\/\\\/zsps.poznan.pl\\\/index.php\\\/branzowe-centrum-umiejetnosci\\\/#primaryimage\"},\"thumbnailUrl\":\"https:\\\/\\\/zsps.poznan.pl\\\/wp-content\\\/uploads\\\/2023\\\/07\\\/358100433_736057355196656_3684410918025759383_n-225x300.jpg\",\"datePublished\":\"2023-07-07T07:53:26+00:00\",\"dateModified\":\"2023-07-10T08:15:31+00:00\",\"breadcrumb\":{\"@id\":\"https:\\\/\\\/zsps.poznan.pl\\\/index.php\\\/branzowe-centrum-umiejetnosci\\\/#breadcrumb\"},\"inLanguage\":\"pl-PL\",\"potentialAction\":[{\"@type\":\"ReadAction\",\"target\":[\"https:\\\/\\\/zsps.poznan.pl\\\/index.php\\\/branzowe-centrum-umiejetnosci\\\/\"]}]},{\"@type\":\"ImageObject\",\"inLanguage\":\"pl-PL\",\"@id\":\"https:\\\/\\\/zsps.poznan.pl\\\/index.php\\\/branzowe-centrum-umiejetnosci\\\/#primaryimage\",\"url\":\"https:\\\/\\\/zsps.poznan.pl\\\/wp-content\\\/uploads\\\/2023\\\/07\\\/358100433_736057355196656_3684410918025759383_n.jpg\",\"contentUrl\":\"https:\\\/\\\/zsps.poznan.pl\\\/wp-content\\\/uploads\\\/2023\\\/07\\\/358100433_736057355196656_3684410918025759383_n.jpg\",\"width\":750,\"height\":1000},{\"@type\":\"BreadcrumbList\",\"@id\":\"https:\\\/\\\/zsps.poznan.pl\\\/index.php\\\/branzowe-centrum-umiejetnosci\\\/#breadcrumb\",\"itemListElement\":[{\"@type\":\"ListItem\",\"position\":1,\"name\":\"Strona g\u0142\u00f3wna\",\"item\":\"https:\\\/\\\/zsps.poznan.pl\\\/\"},{\"@type\":\"ListItem\",\"position\":2,\"name\":\"Bran\u017cowe Centrum Umiej\u0119tno\u015bci w dziedzinie: piekarstwo.\"}]},{\"@type\":\"WebSite\",\"@id\":\"https:\\\/\\\/zsps.poznan.pl\\\/#website\",\"url\":\"https:\\\/\\\/zsps.poznan.pl\\\/\",\"name\":\"ZESP\u00d3\u0141 SZK\u00d3\u0141 PRZEMYS\u0141U SPO\u017bYWCZEGO\",\"description\":\"im. J. J. \u015aniadeckich w Poznaniu\",\"publisher\":{\"@id\":\"https:\\\/\\\/zsps.poznan.pl\\\/#organization\"},\"potentialAction\":[{\"@type\":\"SearchAction\",\"target\":{\"@type\":\"EntryPoint\",\"urlTemplate\":\"https:\\\/\\\/zsps.poznan.pl\\\/?s={search_term_string}\"},\"query-input\":{\"@type\":\"PropertyValueSpecification\",\"valueRequired\":true,\"valueName\":\"search_term_string\"}}],\"inLanguage\":\"pl-PL\"},{\"@type\":\"Organization\",\"@id\":\"https:\\\/\\\/zsps.poznan.pl\\\/#organization\",\"name\":\"Zesp\u00f3\u0142 Szk\u00f3\u0142 Przemys\u0142u Spo\u017cywczego\",\"url\":\"https:\\\/\\\/zsps.poznan.pl\\\/\",\"logo\":{\"@type\":\"ImageObject\",\"inLanguage\":\"pl-PL\",\"@id\":\"https:\\\/\\\/zsps.poznan.pl\\\/#\\\/schema\\\/logo\\\/image\\\/\",\"url\":\"\",\"contentUrl\":\"\",\"caption\":\"Zesp\u00f3\u0142 Szk\u00f3\u0142 Przemys\u0142u Spo\u017cywczego\"},\"image\":{\"@id\":\"https:\\\/\\\/zsps.poznan.pl\\\/#\\\/schema\\\/logo\\\/image\\\/\"},\"sameAs\":[\"https:\\\/\\\/www.facebook.com\\\/zsps.poznan\"]},{\"@type\":\"Person\",\"@id\":\"https:\\\/\\\/zsps.poznan.pl\\\/#\\\/schema\\\/person\\\/a863b9785be3f60f354ccce3c38e5e40\",\"name\":\"nadmar\",\"image\":{\"@type\":\"ImageObject\",\"inLanguage\":\"pl-PL\",\"@id\":\"https:\\\/\\\/secure.gravatar.com\\\/avatar\\\/b4d534ea38356e3a5696eca7a2e56387a75fb988135566ff6c02baac234afdc8?s=96&d=retro&r=g\",\"url\":\"https:\\\/\\\/secure.gravatar.com\\\/avatar\\\/b4d534ea38356e3a5696eca7a2e56387a75fb988135566ff6c02baac234afdc8?s=96&d=retro&r=g\",\"contentUrl\":\"https:\\\/\\\/secure.gravatar.com\\\/avatar\\\/b4d534ea38356e3a5696eca7a2e56387a75fb988135566ff6c02baac234afdc8?s=96&d=retro&r=g\",\"caption\":\"nadmar\"}}]}<\/script>\n<!-- \/ Yoast SEO plugin. -->","yoast_head_json":{"title":"Bran\u017cowe Centrum Umiej\u0119tno\u015bci w dziedzinie: piekarstwo. - ZESP\u00d3\u0141 SZK\u00d3\u0141 PRZEMYS\u0141U SPO\u017bYWCZEGO","robots":{"index":"index","follow":"follow","max-snippet":"max-snippet:-1","max-image-preview":"max-image-preview:large","max-video-preview":"max-video-preview:-1"},"canonical":"https:\/\/zsps.poznan.pl\/index.php\/branzowe-centrum-umiejetnosci\/","og_locale":"pl_PL","og_type":"article","og_title":"Bran\u017cowe Centrum Umiej\u0119tno\u015bci w dziedzinie: piekarstwo. - ZESP\u00d3\u0141 SZK\u00d3\u0141 PRZEMYS\u0141U SPO\u017bYWCZEGO","og_description":"Z rado\u015bci\u0105 pragniemy poinformowa\u0107, \u017ce wkr\u00f3tce na terenie szko\u0142y ruszy budowa Bran\u017cowego Centrum Umiej\u0119tno\u015bci w dziedzinie: piekarstwo. W dniu 4 lipca b.r. nast\u0105pi\u0142o uroczyste podpisanie umowy na budow\u0119 BCU oraz symboliczne przekazanie \u015brodk\u00f3w. BCU b\u0119dzie publiczn\u0105 plac\u00f3wk\u0105 umo\u017cliwiaj\u0105c\u0105\u00a0 uzyskanie i","og_url":"https:\/\/zsps.poznan.pl\/index.php\/branzowe-centrum-umiejetnosci\/","og_site_name":"ZESP\u00d3\u0141 SZK\u00d3\u0141 PRZEMYS\u0141U SPO\u017bYWCZEGO","article_publisher":"https:\/\/www.facebook.com\/zsps.poznan","article_published_time":"2023-07-07T07:53:26+00:00","article_modified_time":"2023-07-10T08:15:31+00:00","og_image":[{"url":"https:\/\/zsps.poznan.pl\/wp-content\/uploads\/2023\/07\/358100433_736057355196656_3684410918025759383_n-225x300.jpg","type":"","width":"","height":""}],"author":"nadmar","twitter_card":"summary_large_image","twitter_misc":{"Napisane przez":"nadmar","Szacowany czas czytania":"2 minuty"},"schema":{"@context":"https:\/\/schema.org","@graph":[{"@type":"Article","@id":"https:\/\/zsps.poznan.pl\/index.php\/branzowe-centrum-umiejetnosci\/#article","isPartOf":{"@id":"https:\/\/zsps.poznan.pl\/index.php\/branzowe-centrum-umiejetnosci\/"},"author":{"name":"nadmar","@id":"https:\/\/zsps.poznan.pl\/#\/schema\/person\/a863b9785be3f60f354ccce3c38e5e40"},"headline":"Bran\u017cowe Centrum Umiej\u0119tno\u015bci w dziedzinie: piekarstwo.","datePublished":"2023-07-07T07:53:26+00:00","dateModified":"2023-07-10T08:15:31+00:00","mainEntityOfPage":{"@id":"https:\/\/zsps.poznan.pl\/index.php\/branzowe-centrum-umiejetnosci\/"},"wordCount":89,"publisher":{"@id":"https:\/\/zsps.poznan.pl\/#organization"},"image":{"@id":"https:\/\/zsps.poznan.pl\/index.php\/branzowe-centrum-umiejetnosci\/#primaryimage"},"thumbnailUrl":"https:\/\/zsps.poznan.pl\/wp-content\/uploads\/2023\/07\/358100433_736057355196656_3684410918025759383_n-225x300.jpg","articleSection":["Aktualno\u015bci"],"inLanguage":"pl-PL"},{"@type":"WebPage","@id":"https:\/\/zsps.poznan.pl\/index.php\/branzowe-centrum-umiejetnosci\/","url":"https:\/\/zsps.poznan.pl\/index.php\/branzowe-centrum-umiejetnosci\/","name":"Bran\u017cowe Centrum Umiej\u0119tno\u015bci w dziedzinie: piekarstwo. - ZESP\u00d3\u0141 SZK\u00d3\u0141 PRZEMYS\u0141U SPO\u017bYWCZEGO","isPartOf":{"@id":"https:\/\/zsps.poznan.pl\/#website"},"primaryImageOfPage":{"@id":"https:\/\/zsps.poznan.pl\/index.php\/branzowe-centrum-umiejetnosci\/#primaryimage"},"image":{"@id":"https:\/\/zsps.poznan.pl\/index.php\/branzowe-centrum-umiejetnosci\/#primaryimage"},"thumbnailUrl":"https:\/\/zsps.poznan.pl\/wp-content\/uploads\/2023\/07\/358100433_736057355196656_3684410918025759383_n-225x300.jpg","datePublished":"2023-07-07T07:53:26+00:00","dateModified":"2023-07-10T08:15:31+00:00","breadcrumb":{"@id":"https:\/\/zsps.poznan.pl\/index.php\/branzowe-centrum-umiejetnosci\/#breadcrumb"},"inLanguage":"pl-PL","potentialAction":[{"@type":"ReadAction","target":["https:\/\/zsps.poznan.pl\/index.php\/branzowe-centrum-umiejetnosci\/"]}]},{"@type":"ImageObject","inLanguage":"pl-PL","@id":"https:\/\/zsps.poznan.pl\/index.php\/branzowe-centrum-umiejetnosci\/#primaryimage","url":"https:\/\/zsps.poznan.pl\/wp-content\/uploads\/2023\/07\/358100433_736057355196656_3684410918025759383_n.jpg","contentUrl":"https:\/\/zsps.poznan.pl\/wp-content\/uploads\/2023\/07\/358100433_736057355196656_3684410918025759383_n.jpg","width":750,"height":1000},{"@type":"BreadcrumbList","@id":"https:\/\/zsps.poznan.pl\/index.php\/branzowe-centrum-umiejetnosci\/#breadcrumb","itemListElement":[{"@type":"ListItem","position":1,"name":"Strona g\u0142\u00f3wna","item":"https:\/\/zsps.poznan.pl\/"},{"@type":"ListItem","position":2,"name":"Bran\u017cowe Centrum Umiej\u0119tno\u015bci w dziedzinie: piekarstwo."}]},{"@type":"WebSite","@id":"https:\/\/zsps.poznan.pl\/#website","url":"https:\/\/zsps.poznan.pl\/","name":"ZESP\u00d3\u0141 SZK\u00d3\u0141 PRZEMYS\u0141U SPO\u017bYWCZEGO","description":"im. J. J. \u015aniadeckich w Poznaniu","publisher":{"@id":"https:\/\/zsps.poznan.pl\/#organization"},"potentialAction":[{"@type":"SearchAction","target":{"@type":"EntryPoint","urlTemplate":"https:\/\/zsps.poznan.pl\/?s={search_term_string}"},"query-input":{"@type":"PropertyValueSpecification","valueRequired":true,"valueName":"search_term_string"}}],"inLanguage":"pl-PL"},{"@type":"Organization","@id":"https:\/\/zsps.poznan.pl\/#organization","name":"Zesp\u00f3\u0142 Szk\u00f3\u0142 Przemys\u0142u Spo\u017cywczego","url":"https:\/\/zsps.poznan.pl\/","logo":{"@type":"ImageObject","inLanguage":"pl-PL","@id":"https:\/\/zsps.poznan.pl\/#\/schema\/logo\/image\/","url":"","contentUrl":"","caption":"Zesp\u00f3\u0142 Szk\u00f3\u0142 Przemys\u0142u Spo\u017cywczego"},"image":{"@id":"https:\/\/zsps.poznan.pl\/#\/schema\/logo\/image\/"},"sameAs":["https:\/\/www.facebook.com\/zsps.poznan"]},{"@type":"Person","@id":"https:\/\/zsps.poznan.pl\/#\/schema\/person\/a863b9785be3f60f354ccce3c38e5e40","name":"nadmar","image":{"@type":"ImageObject","inLanguage":"pl-PL","@id":"https:\/\/secure.gravatar.com\/avatar\/b4d534ea38356e3a5696eca7a2e56387a75fb988135566ff6c02baac234afdc8?s=96&d=retro&r=g","url":"https:\/\/secure.gravatar.com\/avatar\/b4d534ea38356e3a5696eca7a2e56387a75fb988135566ff6c02baac234afdc8?s=96&d=retro&r=g","contentUrl":"https:\/\/secure.gravatar.com\/avatar\/b4d534ea38356e3a5696eca7a2e56387a75fb988135566ff6c02baac234afdc8?s=96&d=retro&r=g","caption":"nadmar"}}]}},"_links":{"self":[{"href":"https:\/\/zsps.poznan.pl\/index.php\/wp-json\/wp\/v2\/posts\/10795","targetHints":{"allow":["GET"]}}],"collection":[{"href":"https:\/\/zsps.poznan.pl\/index.php\/wp-json\/wp\/v2\/posts"}],"about":[{"href":"https:\/\/zsps.poznan.pl\/index.php\/wp-json\/wp\/v2\/types\/post"}],"author":[{"embeddable":true,"href":"https:\/\/zsps.poznan.pl\/index.php\/wp-json\/wp\/v2\/users\/9"}],"replies":[{"embeddable":true,"href":"https:\/\/zsps.poznan.pl\/index.php\/wp-json\/wp\/v2\/comments?post=10795"}],"version-history":[{"count":7,"href":"https:\/\/zsps.poznan.pl\/index.php\/wp-json\/wp\/v2\/posts\/10795\/revisions"}],"predecessor-version":[{"id":10830,"href":"https:\/\/zsps.poznan.pl\/index.php\/wp-json\/wp\/v2\/posts\/10795\/revisions\/10830"}],"wp:attachment":[{"href":"https:\/\/zsps.poznan.pl\/index.php\/wp-json\/wp\/v2\/media?parent=10795"}],"wp:term":[{"taxonomy":"category","embeddable":true,"href":"https:\/\/zsps.poznan.pl\/index.php\/wp-json\/wp\/v2\/categories?post=10795"},{"taxonomy":"post_tag","embeddable":true,"href":"https:\/\/zsps.poznan.pl\/index.php\/wp-json\/wp\/v2\/tags?post=10795"}],"curies":[{"name":"wp","href":"https:\/\/api.w.org\/{rel}","templated":true}]}}