{"id":10947,"date":"2023-08-28T10:25:47","date_gmt":"2023-08-28T08:25:47","guid":{"rendered":"https:\/\/zsps.poznan.pl\/?p=10947"},"modified":"2023-08-28T10:25:47","modified_gmt":"2023-08-28T08:25:47","slug":"uroczyste-rozpoczecie-roku-szkolnego","status":"publish","type":"post","link":"https:\/\/zsps.poznan.pl\/index.php\/uroczyste-rozpoczecie-roku-szkolnego\/","title":{"rendered":"Uroczyste rozpocz\u0119cie roku szkolnego"},"content":{"rendered":"<p>Uroczyste rozpocz\u0119cie roku szkolnego 2023\/2024 odb\u0119dzie si\u0119 na boisku szkolnym w dniu 04 wrze\u015bnia b.r. wed\u0142ug poni\u017cszego harmonogramu:<\/p>\n<p>godzina <strong>9:00<\/strong> klasy pierwsze<\/p>\n<p>godzina <strong>10:00<\/strong> pozostali uczniowie szko\u0142y<\/p>\n<p>Po uroczystym rozpocz\u0119ciu uczniowie spotykaj\u0105 si\u0119 z nauczycielami-wychowawcami w przydzielonych klasach.<\/p>\n<p>Serdecznie zapraszamy.<\/p>\n","protected":false},"excerpt":{"rendered":"<p>Uroczyste rozpocz\u0119cie roku szkolnego 2023\/2024 odb\u0119dzie si\u0119 na boisku szkolnym w dniu 04 wrze\u015bnia b.r. wed\u0142ug poni\u017cszego harmonogramu: godzina 9:00 klasy pierwsze godzina 10:00 pozostali uczniowie szko\u0142y Po uroczystym rozpocz\u0119ciu uczniowie spotykaj\u0105 si\u0119 z nauczycielami-wychowawcami w przydzielonych klasach. Serdecznie zapraszamy.<\/p>\n","protected":false},"author":9,"featured_media":0,"comment_status":"closed","ping_status":"closed","sticky":false,"template":"","format":"standard","meta":{"footnotes":""},"categories":[1],"tags":[],"class_list":["post-10947","post","type-post","status-publish","format-standard","hentry","category-aktualnosci"],"yoast_head":"<!-- This site is optimized with the Yoast SEO plugin v27.5 - https:\/\/yoast.com\/product\/yoast-seo-wordpress\/ -->\n<title>Uroczyste rozpocz\u0119cie roku szkolnego - ZESP\u00d3\u0141 SZK\u00d3\u0141 PRZEMYS\u0141U SPO\u017bYWCZEGO<\/title>\n<meta name=\"robots\" content=\"index, follow, max-snippet:-1, max-image-preview:large, max-video-preview:-1\" \/>\n<link rel=\"canonical\" href=\"https:\/\/zsps.poznan.pl\/index.php\/uroczyste-rozpoczecie-roku-szkolnego\/\" \/>\n<meta property=\"og:locale\" content=\"pl_PL\" \/>\n<meta property=\"og:type\" content=\"article\" \/>\n<meta property=\"og:title\" content=\"Uroczyste rozpocz\u0119cie roku szkolnego - ZESP\u00d3\u0141 SZK\u00d3\u0141 PRZEMYS\u0141U SPO\u017bYWCZEGO\" \/>\n<meta property=\"og:description\" content=\"Uroczyste rozpocz\u0119cie roku szkolnego 2023\/2024 odb\u0119dzie si\u0119 na boisku szkolnym w dniu 04 wrze\u015bnia b.r. wed\u0142ug poni\u017cszego harmonogramu: godzina 9:00 klasy pierwsze godzina 10:00 pozostali uczniowie szko\u0142y Po uroczystym rozpocz\u0119ciu uczniowie spotykaj\u0105 si\u0119 z nauczycielami-wychowawcami w przydzielonych klasach. Serdecznie zapraszamy.\" \/>\n<meta property=\"og:url\" content=\"https:\/\/zsps.poznan.pl\/index.php\/uroczyste-rozpoczecie-roku-szkolnego\/\" \/>\n<meta property=\"og:site_name\" content=\"ZESP\u00d3\u0141 SZK\u00d3\u0141 PRZEMYS\u0141U SPO\u017bYWCZEGO\" \/>\n<meta property=\"article:publisher\" content=\"https:\/\/www.facebook.com\/zsps.poznan\" \/>\n<meta property=\"article:published_time\" content=\"2023-08-28T08:25:47+00:00\" \/>\n<meta name=\"author\" content=\"nadmar\" \/>\n<meta name=\"twitter:card\" content=\"summary_large_image\" \/>\n<meta name=\"twitter:label1\" content=\"Napisane przez\" \/>\n\t<meta name=\"twitter:data1\" content=\"nadmar\" \/>\n\t<meta name=\"twitter:label2\" content=\"Szacowany czas czytania\" \/>\n\t<meta name=\"twitter:data2\" content=\"1 minuta\" \/>\n<script type=\"application\/ld+json\" class=\"yoast-schema-graph\">{\"@context\":\"https:\\\/\\\/schema.org\",\"@graph\":[{\"@type\":\"Article\",\"@id\":\"https:\\\/\\\/zsps.poznan.pl\\\/index.php\\\/uroczyste-rozpoczecie-roku-szkolnego\\\/#article\",\"isPartOf\":{\"@id\":\"https:\\\/\\\/zsps.poznan.pl\\\/index.php\\\/uroczyste-rozpoczecie-roku-szkolnego\\\/\"},\"author\":{\"name\":\"nadmar\",\"@id\":\"https:\\\/\\\/zsps.poznan.pl\\\/#\\\/schema\\\/person\\\/a863b9785be3f60f354ccce3c38e5e40\"},\"headline\":\"Uroczyste rozpocz\u0119cie roku szkolnego\",\"datePublished\":\"2023-08-28T08:25:47+00:00\",\"mainEntityOfPage\":{\"@id\":\"https:\\\/\\\/zsps.poznan.pl\\\/index.php\\\/uroczyste-rozpoczecie-roku-szkolnego\\\/\"},\"wordCount\":49,\"publisher\":{\"@id\":\"https:\\\/\\\/zsps.poznan.pl\\\/#organization\"},\"articleSection\":[\"Aktualno\u015bci\"],\"inLanguage\":\"pl-PL\"},{\"@type\":\"WebPage\",\"@id\":\"https:\\\/\\\/zsps.poznan.pl\\\/index.php\\\/uroczyste-rozpoczecie-roku-szkolnego\\\/\",\"url\":\"https:\\\/\\\/zsps.poznan.pl\\\/index.php\\\/uroczyste-rozpoczecie-roku-szkolnego\\\/\",\"name\":\"Uroczyste rozpocz\u0119cie roku szkolnego - ZESP\u00d3\u0141 SZK\u00d3\u0141 PRZEMYS\u0141U SPO\u017bYWCZEGO\",\"isPartOf\":{\"@id\":\"https:\\\/\\\/zsps.poznan.pl\\\/#website\"},\"datePublished\":\"2023-08-28T08:25:47+00:00\",\"breadcrumb\":{\"@id\":\"https:\\\/\\\/zsps.poznan.pl\\\/index.php\\\/uroczyste-rozpoczecie-roku-szkolnego\\\/#breadcrumb\"},\"inLanguage\":\"pl-PL\",\"potentialAction\":[{\"@type\":\"ReadAction\",\"target\":[\"https:\\\/\\\/zsps.poznan.pl\\\/index.php\\\/uroczyste-rozpoczecie-roku-szkolnego\\\/\"]}]},{\"@type\":\"BreadcrumbList\",\"@id\":\"https:\\\/\\\/zsps.poznan.pl\\\/index.php\\\/uroczyste-rozpoczecie-roku-szkolnego\\\/#breadcrumb\",\"itemListElement\":[{\"@type\":\"ListItem\",\"position\":1,\"name\":\"Strona g\u0142\u00f3wna\",\"item\":\"https:\\\/\\\/zsps.poznan.pl\\\/\"},{\"@type\":\"ListItem\",\"position\":2,\"name\":\"Uroczyste rozpocz\u0119cie roku szkolnego\"}]},{\"@type\":\"WebSite\",\"@id\":\"https:\\\/\\\/zsps.poznan.pl\\\/#website\",\"url\":\"https:\\\/\\\/zsps.poznan.pl\\\/\",\"name\":\"ZESP\u00d3\u0141 SZK\u00d3\u0141 PRZEMYS\u0141U SPO\u017bYWCZEGO\",\"description\":\"im. J. J. \u015aniadeckich w Poznaniu\",\"publisher\":{\"@id\":\"https:\\\/\\\/zsps.poznan.pl\\\/#organization\"},\"potentialAction\":[{\"@type\":\"SearchAction\",\"target\":{\"@type\":\"EntryPoint\",\"urlTemplate\":\"https:\\\/\\\/zsps.poznan.pl\\\/?s={search_term_string}\"},\"query-input\":{\"@type\":\"PropertyValueSpecification\",\"valueRequired\":true,\"valueName\":\"search_term_string\"}}],\"inLanguage\":\"pl-PL\"},{\"@type\":\"Organization\",\"@id\":\"https:\\\/\\\/zsps.poznan.pl\\\/#organization\",\"name\":\"Zesp\u00f3\u0142 Szk\u00f3\u0142 Przemys\u0142u Spo\u017cywczego\",\"url\":\"https:\\\/\\\/zsps.poznan.pl\\\/\",\"logo\":{\"@type\":\"ImageObject\",\"inLanguage\":\"pl-PL\",\"@id\":\"https:\\\/\\\/zsps.poznan.pl\\\/#\\\/schema\\\/logo\\\/image\\\/\",\"url\":\"\",\"contentUrl\":\"\",\"caption\":\"Zesp\u00f3\u0142 Szk\u00f3\u0142 Przemys\u0142u Spo\u017cywczego\"},\"image\":{\"@id\":\"https:\\\/\\\/zsps.poznan.pl\\\/#\\\/schema\\\/logo\\\/image\\\/\"},\"sameAs\":[\"https:\\\/\\\/www.facebook.com\\\/zsps.poznan\"]},{\"@type\":\"Person\",\"@id\":\"https:\\\/\\\/zsps.poznan.pl\\\/#\\\/schema\\\/person\\\/a863b9785be3f60f354ccce3c38e5e40\",\"name\":\"nadmar\",\"image\":{\"@type\":\"ImageObject\",\"inLanguage\":\"pl-PL\",\"@id\":\"https:\\\/\\\/secure.gravatar.com\\\/avatar\\\/b4d534ea38356e3a5696eca7a2e56387a75fb988135566ff6c02baac234afdc8?s=96&d=retro&r=g\",\"url\":\"https:\\\/\\\/secure.gravatar.com\\\/avatar\\\/b4d534ea38356e3a5696eca7a2e56387a75fb988135566ff6c02baac234afdc8?s=96&d=retro&r=g\",\"contentUrl\":\"https:\\\/\\\/secure.gravatar.com\\\/avatar\\\/b4d534ea38356e3a5696eca7a2e56387a75fb988135566ff6c02baac234afdc8?s=96&d=retro&r=g\",\"caption\":\"nadmar\"}}]}<\/script>\n<!-- \/ Yoast SEO plugin. -->","yoast_head_json":{"title":"Uroczyste rozpocz\u0119cie roku szkolnego - ZESP\u00d3\u0141 SZK\u00d3\u0141 PRZEMYS\u0141U SPO\u017bYWCZEGO","robots":{"index":"index","follow":"follow","max-snippet":"max-snippet:-1","max-image-preview":"max-image-preview:large","max-video-preview":"max-video-preview:-1"},"canonical":"https:\/\/zsps.poznan.pl\/index.php\/uroczyste-rozpoczecie-roku-szkolnego\/","og_locale":"pl_PL","og_type":"article","og_title":"Uroczyste rozpocz\u0119cie roku szkolnego - ZESP\u00d3\u0141 SZK\u00d3\u0141 PRZEMYS\u0141U SPO\u017bYWCZEGO","og_description":"Uroczyste rozpocz\u0119cie roku szkolnego 2023\/2024 odb\u0119dzie si\u0119 na boisku szkolnym w dniu 04 wrze\u015bnia b.r. wed\u0142ug poni\u017cszego harmonogramu: godzina 9:00 klasy pierwsze godzina 10:00 pozostali uczniowie szko\u0142y Po uroczystym rozpocz\u0119ciu uczniowie spotykaj\u0105 si\u0119 z nauczycielami-wychowawcami w przydzielonych klasach. Serdecznie zapraszamy.","og_url":"https:\/\/zsps.poznan.pl\/index.php\/uroczyste-rozpoczecie-roku-szkolnego\/","og_site_name":"ZESP\u00d3\u0141 SZK\u00d3\u0141 PRZEMYS\u0141U SPO\u017bYWCZEGO","article_publisher":"https:\/\/www.facebook.com\/zsps.poznan","article_published_time":"2023-08-28T08:25:47+00:00","author":"nadmar","twitter_card":"summary_large_image","twitter_misc":{"Napisane przez":"nadmar","Szacowany czas czytania":"1 minuta"},"schema":{"@context":"https:\/\/schema.org","@graph":[{"@type":"Article","@id":"https:\/\/zsps.poznan.pl\/index.php\/uroczyste-rozpoczecie-roku-szkolnego\/#article","isPartOf":{"@id":"https:\/\/zsps.poznan.pl\/index.php\/uroczyste-rozpoczecie-roku-szkolnego\/"},"author":{"name":"nadmar","@id":"https:\/\/zsps.poznan.pl\/#\/schema\/person\/a863b9785be3f60f354ccce3c38e5e40"},"headline":"Uroczyste rozpocz\u0119cie roku szkolnego","datePublished":"2023-08-28T08:25:47+00:00","mainEntityOfPage":{"@id":"https:\/\/zsps.poznan.pl\/index.php\/uroczyste-rozpoczecie-roku-szkolnego\/"},"wordCount":49,"publisher":{"@id":"https:\/\/zsps.poznan.pl\/#organization"},"articleSection":["Aktualno\u015bci"],"inLanguage":"pl-PL"},{"@type":"WebPage","@id":"https:\/\/zsps.poznan.pl\/index.php\/uroczyste-rozpoczecie-roku-szkolnego\/","url":"https:\/\/zsps.poznan.pl\/index.php\/uroczyste-rozpoczecie-roku-szkolnego\/","name":"Uroczyste rozpocz\u0119cie roku szkolnego - ZESP\u00d3\u0141 SZK\u00d3\u0141 PRZEMYS\u0141U SPO\u017bYWCZEGO","isPartOf":{"@id":"https:\/\/zsps.poznan.pl\/#website"},"datePublished":"2023-08-28T08:25:47+00:00","breadcrumb":{"@id":"https:\/\/zsps.poznan.pl\/index.php\/uroczyste-rozpoczecie-roku-szkolnego\/#breadcrumb"},"inLanguage":"pl-PL","potentialAction":[{"@type":"ReadAction","target":["https:\/\/zsps.poznan.pl\/index.php\/uroczyste-rozpoczecie-roku-szkolnego\/"]}]},{"@type":"BreadcrumbList","@id":"https:\/\/zsps.poznan.pl\/index.php\/uroczyste-rozpoczecie-roku-szkolnego\/#breadcrumb","itemListElement":[{"@type":"ListItem","position":1,"name":"Strona g\u0142\u00f3wna","item":"https:\/\/zsps.poznan.pl\/"},{"@type":"ListItem","position":2,"name":"Uroczyste rozpocz\u0119cie roku szkolnego"}]},{"@type":"WebSite","@id":"https:\/\/zsps.poznan.pl\/#website","url":"https:\/\/zsps.poznan.pl\/","name":"ZESP\u00d3\u0141 SZK\u00d3\u0141 PRZEMYS\u0141U SPO\u017bYWCZEGO","description":"im. J. J. \u015aniadeckich w Poznaniu","publisher":{"@id":"https:\/\/zsps.poznan.pl\/#organization"},"potentialAction":[{"@type":"SearchAction","target":{"@type":"EntryPoint","urlTemplate":"https:\/\/zsps.poznan.pl\/?s={search_term_string}"},"query-input":{"@type":"PropertyValueSpecification","valueRequired":true,"valueName":"search_term_string"}}],"inLanguage":"pl-PL"},{"@type":"Organization","@id":"https:\/\/zsps.poznan.pl\/#organization","name":"Zesp\u00f3\u0142 Szk\u00f3\u0142 Przemys\u0142u Spo\u017cywczego","url":"https:\/\/zsps.poznan.pl\/","logo":{"@type":"ImageObject","inLanguage":"pl-PL","@id":"https:\/\/zsps.poznan.pl\/#\/schema\/logo\/image\/","url":"","contentUrl":"","caption":"Zesp\u00f3\u0142 Szk\u00f3\u0142 Przemys\u0142u Spo\u017cywczego"},"image":{"@id":"https:\/\/zsps.poznan.pl\/#\/schema\/logo\/image\/"},"sameAs":["https:\/\/www.facebook.com\/zsps.poznan"]},{"@type":"Person","@id":"https:\/\/zsps.poznan.pl\/#\/schema\/person\/a863b9785be3f60f354ccce3c38e5e40","name":"nadmar","image":{"@type":"ImageObject","inLanguage":"pl-PL","@id":"https:\/\/secure.gravatar.com\/avatar\/b4d534ea38356e3a5696eca7a2e56387a75fb988135566ff6c02baac234afdc8?s=96&d=retro&r=g","url":"https:\/\/secure.gravatar.com\/avatar\/b4d534ea38356e3a5696eca7a2e56387a75fb988135566ff6c02baac234afdc8?s=96&d=retro&r=g","contentUrl":"https:\/\/secure.gravatar.com\/avatar\/b4d534ea38356e3a5696eca7a2e56387a75fb988135566ff6c02baac234afdc8?s=96&d=retro&r=g","caption":"nadmar"}}]}},"_links":{"self":[{"href":"https:\/\/zsps.poznan.pl\/index.php\/wp-json\/wp\/v2\/posts\/10947","targetHints":{"allow":["GET"]}}],"collection":[{"href":"https:\/\/zsps.poznan.pl\/index.php\/wp-json\/wp\/v2\/posts"}],"about":[{"href":"https:\/\/zsps.poznan.pl\/index.php\/wp-json\/wp\/v2\/types\/post"}],"author":[{"embeddable":true,"href":"https:\/\/zsps.poznan.pl\/index.php\/wp-json\/wp\/v2\/users\/9"}],"replies":[{"embeddable":true,"href":"https:\/\/zsps.poznan.pl\/index.php\/wp-json\/wp\/v2\/comments?post=10947"}],"version-history":[{"count":1,"href":"https:\/\/zsps.poznan.pl\/index.php\/wp-json\/wp\/v2\/posts\/10947\/revisions"}],"predecessor-version":[{"id":10948,"href":"https:\/\/zsps.poznan.pl\/index.php\/wp-json\/wp\/v2\/posts\/10947\/revisions\/10948"}],"wp:attachment":[{"href":"https:\/\/zsps.poznan.pl\/index.php\/wp-json\/wp\/v2\/media?parent=10947"}],"wp:term":[{"taxonomy":"category","embeddable":true,"href":"https:\/\/zsps.poznan.pl\/index.php\/wp-json\/wp\/v2\/categories?post=10947"},{"taxonomy":"post_tag","embeddable":true,"href":"https:\/\/zsps.poznan.pl\/index.php\/wp-json\/wp\/v2\/tags?post=10947"}],"curies":[{"name":"wp","href":"https:\/\/api.w.org\/{rel}","templated":true}]}}