{"id":11172,"date":"2023-09-26T14:31:26","date_gmt":"2023-09-26T12:31:26","guid":{"rendered":"https:\/\/zsps.poznan.pl\/?p=11172"},"modified":"2023-09-26T14:33:38","modified_gmt":"2023-09-26T12:33:38","slug":"spotkanie-mlodziezy-z-ukrainy","status":"publish","type":"post","link":"https:\/\/zsps.poznan.pl\/index.php\/spotkanie-mlodziezy-z-ukrainy\/","title":{"rendered":"SPOTKANIE M\u0141ODZIE\u017bY Z UKRAINY"},"content":{"rendered":"\t\t<div data-elementor-type=\"wp-post\" data-elementor-id=\"11172\" class=\"elementor elementor-11172\">\n\t\t\t\t\t\t<section class=\"elementor-section elementor-top-section elementor-element elementor-element-452255f elementor-section-boxed elementor-section-height-default elementor-section-height-default\" data-id=\"452255f\" data-element_type=\"section\" data-e-type=\"section\">\n\t\t\t\t\t\t<div class=\"elementor-container elementor-column-gap-default\">\n\t\t\t\t\t<div class=\"elementor-column elementor-col-100 elementor-top-column elementor-element elementor-element-ae35710\" data-id=\"ae35710\" data-element_type=\"column\" data-e-type=\"column\">\n\t\t\t<div class=\"elementor-widget-wrap elementor-element-populated\">\n\t\t\t\t\t\t<div class=\"elementor-element elementor-element-6131791 elementor-widget elementor-widget-text-editor\" data-id=\"6131791\" data-element_type=\"widget\" data-e-type=\"widget\" data-widget_type=\"text-editor.default\">\n\t\t\t\t<div class=\"elementor-widget-container\">\n\t\t\t\t\t\t\t\t\t<p><span class=\"x3nfvp2 x1j61x8r x1fcty0u xdj266r xhhsvwb xat24cr xgzva0m xxymvpz xlup9mm x1kky2od\"><img decoding=\"async\" src=\"https:\/\/static.xx.fbcdn.net\/images\/emoji.php\/v9\/t9\/1.5\/16\/1f3af.png\" alt=\"\ud83c\udfaf\" width=\"16\" height=\"16\"><\/span> W Zespole Szk\u00f3\u0142 Przemys\u0142u Spo\u017cywczego odby\u0142o si\u0119 spotkanie m\u0142odzie\u017cy z <span class=\"x3nfvp2 x1j61x8r x1fcty0u xdj266r xhhsvwb xat24cr xgzva0m xxymvpz xlup9mm x1kky2od\"><img decoding=\"async\" src=\"https:\/\/static.xx.fbcdn.net\/images\/emoji.php\/v9\/t8b\/1.5\/16\/1f1fa_1f1e6.png\" alt=\"\ud83c\uddfa\ud83c\udde6\" width=\"16\" height=\"16\"><\/span> z konsultantk\u0105 fundacji Migrant Info Point (MIP) w Poznaniu Ann\u0105 Kryszczuk. Nasi uczniowie mogli opowiedzie\u0107 o r\u00f3\u017cnorodnych aspektach swojego \u017cycia. Opowiedziane historie dowodzi\u0142y, \u017ce czuj\u0105 si\u0119 tu dobrze<span class=\"x3nfvp2 x1j61x8r x1fcty0u xdj266r xhhsvwb xat24cr xgzva0m xxymvpz xlup9mm x1kky2od\"><img decoding=\"async\" src=\"https:\/\/static.xx.fbcdn.net\/images\/emoji.php\/v9\/t10\/1.5\/16\/1f917.png\" alt=\"\ud83e\udd17\" width=\"16\" height=\"16\"><\/span> Przy tej okazji uczniowie mogli opowiedzie\u0107 o swoich potrzebach zwi\u0105zanych z podj\u0119ciem pracy, nauk\u0105 jezy\u00f3w obcych, legalizacja pobytu i wiele innych. Wszelkie zg\u0142aszane potrzeby notowali\u015bmy <span class=\"x3nfvp2 x1j61x8r x1fcty0u xdj266r xhhsvwb xat24cr xgzva0m xxymvpz xlup9mm x1kky2od\"><img loading=\"lazy\" decoding=\"async\" src=\"https:\/\/static.xx.fbcdn.net\/images\/emoji.php\/v9\/t69\/1.5\/16\/270d.png\" alt=\"\u270d\ufe0f\" width=\"16\" height=\"16\"><\/span> i mamy nadziej\u0119, \u017ce uda nam si\u0119 w jakim\u015b stopniu przyczyni\u0107 do realizacji tych plan\u00f3w i zorganizowa\u0107 kolejne spotkania<span class=\"x3nfvp2 x1j61x8r x1fcty0u xdj266r xhhsvwb xat24cr xgzva0m xxymvpz xlup9mm x1kky2od\"><img loading=\"lazy\" decoding=\"async\" src=\"https:\/\/static.xx.fbcdn.net\/images\/emoji.php\/v9\/tfe\/1.5\/16\/203c.png\" alt=\"\u203c\ufe0f\" width=\"16\" height=\"16\"><\/span> <span class=\"x3nfvp2 x1j61x8r x1fcty0u xdj266r xhhsvwb xat24cr xgzva0m xxymvpz xlup9mm x1kky2od\"><img loading=\"lazy\" decoding=\"async\" src=\"https:\/\/static.xx.fbcdn.net\/images\/emoji.php\/v9\/t82\/1.5\/16\/263a.png\" alt=\"\u263a\" width=\"16\" height=\"16\"><\/span>&nbsp;<\/p><p>Organizatorki spotkania Aleksandra Szymczak i Aleksandra Berezowska-Cio\u0142ek<\/p>\t\t\t\t\t\t\t\t<\/div>\n\t\t\t\t<\/div>\n\t\t\t\t\t<\/div>\n\t\t<\/div>\n\t\t\t\t\t<\/div>\n\t\t<\/section>\n\t\t\t\t<section class=\"elementor-section elementor-top-section elementor-element elementor-element-f1785e7 elementor-section-boxed elementor-section-height-default elementor-section-height-default\" data-id=\"f1785e7\" data-element_type=\"section\" data-e-type=\"section\">\n\t\t\t\t\t\t<div class=\"elementor-container elementor-column-gap-default\">\n\t\t\t\t\t<div class=\"elementor-column elementor-col-100 elementor-top-column elementor-element elementor-element-1c62611\" data-id=\"1c62611\" data-element_type=\"column\" data-e-type=\"column\">\n\t\t\t<div class=\"elementor-widget-wrap elementor-element-populated\">\n\t\t\t\t\t\t<div class=\"elementor-element elementor-element-135641f elementor-widget elementor-widget-image-gallery\" data-id=\"135641f\" data-element_type=\"widget\" data-e-type=\"widget\" data-widget_type=\"image-gallery.default\">\n\t\t\t\t<div class=\"elementor-widget-container\">\n\t\t\t\t\t\t\t<div class=\"elementor-image-gallery\">\n\t\t\t<div id='gallery-1' class='gallery galleryid-11172 gallery-columns-2 gallery-size-thumbnail'><figure class='gallery-item'>\n\t\t\t<div class='gallery-icon landscape'>\n\t\t\t\t<a data-elementor-open-lightbox=\"yes\" data-elementor-lightbox-slideshow=\"135641f\" data-e-action-hash=\"#elementor-action%3Aaction%3Dlightbox%26settings%3DeyJpZCI6MTExNzMsInVybCI6Imh0dHBzOlwvXC96c3BzLnBvem5hbi5wbFwvd3AtY29udGVudFwvdXBsb2Fkc1wvMjAyM1wvMDlcLzM3ODI1MTA3OV8yMTg0NDUyMjEyMjgzODlfMzc0MDA5MTc0NjcxNTA5ODA5Ml9uLmpwZyIsInNsaWRlc2hvdyI6IjEzNTY0MWYifQ%3D%3D\" href='https:\/\/zsps.poznan.pl\/wp-content\/uploads\/2023\/09\/378251079_218445221228389_3740091746715098092_n.jpg'><img loading=\"lazy\" decoding=\"async\" width=\"150\" height=\"150\" src=\"https:\/\/zsps.poznan.pl\/wp-content\/uploads\/2023\/09\/378251079_218445221228389_3740091746715098092_n-150x150.jpg\" class=\"attachment-thumbnail size-thumbnail\" alt=\"\" srcset=\"https:\/\/zsps.poznan.pl\/wp-content\/uploads\/2023\/09\/378251079_218445221228389_3740091746715098092_n-150x150.jpg 150w, https:\/\/zsps.poznan.pl\/wp-content\/uploads\/2023\/09\/378251079_218445221228389_3740091746715098092_n-230x230.jpg 230w, https:\/\/zsps.poznan.pl\/wp-content\/uploads\/2023\/09\/378251079_218445221228389_3740091746715098092_n-365x365.jpg 365w\" sizes=\"(max-width: 150px) 100vw, 150px\" \/><\/a>\n\t\t\t<\/div><\/figure><figure class='gallery-item'>\n\t\t\t<div class='gallery-icon landscape'>\n\t\t\t\t<a data-elementor-open-lightbox=\"yes\" data-elementor-lightbox-slideshow=\"135641f\" data-e-action-hash=\"#elementor-action%3Aaction%3Dlightbox%26settings%3DeyJpZCI6MTExNzQsInVybCI6Imh0dHBzOlwvXC96c3BzLnBvem5hbi5wbFwvd3AtY29udGVudFwvdXBsb2Fkc1wvMjAyM1wvMDlcLzM3OTM1MTkxMl8xMzU2NTI5MTg4NTkzNTE0XzM4Nzk3MTI3Mzc5Mzg4MTQwMjdfbi5qcGciLCJzbGlkZXNob3ciOiIxMzU2NDFmIn0%3D\" href='https:\/\/zsps.poznan.pl\/wp-content\/uploads\/2023\/09\/379351912_1356529188593514_3879712737938814027_n.jpg'><img loading=\"lazy\" decoding=\"async\" width=\"150\" height=\"150\" src=\"https:\/\/zsps.poznan.pl\/wp-content\/uploads\/2023\/09\/379351912_1356529188593514_3879712737938814027_n-150x150.jpg\" class=\"attachment-thumbnail size-thumbnail\" alt=\"\" srcset=\"https:\/\/zsps.poznan.pl\/wp-content\/uploads\/2023\/09\/379351912_1356529188593514_3879712737938814027_n-150x150.jpg 150w, https:\/\/zsps.poznan.pl\/wp-content\/uploads\/2023\/09\/379351912_1356529188593514_3879712737938814027_n-230x230.jpg 230w, https:\/\/zsps.poznan.pl\/wp-content\/uploads\/2023\/09\/379351912_1356529188593514_3879712737938814027_n-365x365.jpg 365w\" sizes=\"(max-width: 150px) 100vw, 150px\" \/><\/a>\n\t\t\t<\/div><\/figure>\n\t\t<\/div>\n\t\t<\/div>\n\t\t\t\t\t\t<\/div>\n\t\t\t\t<\/div>\n\t\t\t\t\t<\/div>\n\t\t<\/div>\n\t\t\t\t\t<\/div>\n\t\t<\/section>\n\t\t\t\t<\/div>\n\t\t","protected":false},"excerpt":{"rendered":"<p>W Zespole Szk\u00f3\u0142 Przemys\u0142u Spo\u017cywczego odby\u0142o si\u0119 spotkanie m\u0142odzie\u017cy z z konsultantk\u0105 fundacji Migrant Info Point (MIP) w Poznaniu Ann\u0105 Kryszczuk. Nasi uczniowie mogli opowiedzie\u0107 o r\u00f3\u017cnorodnych aspektach swojego \u017cycia. Opowiedziane historie dowodzi\u0142y, \u017ce czuj\u0105 si\u0119 tu dobrze Przy tej<\/p>\n","protected":false},"author":7,"featured_media":0,"comment_status":"closed","ping_status":"closed","sticky":false,"template":"","format":"standard","meta":{"footnotes":""},"categories":[1],"tags":[],"class_list":["post-11172","post","type-post","status-publish","format-standard","hentry","category-aktualnosci"],"yoast_head":"<!-- This site is optimized with the Yoast SEO plugin v27.5 - https:\/\/yoast.com\/product\/yoast-seo-wordpress\/ -->\n<title>SPOTKANIE M\u0141ODZIE\u017bY Z UKRAINY - ZESP\u00d3\u0141 SZK\u00d3\u0141 PRZEMYS\u0141U SPO\u017bYWCZEGO<\/title>\n<meta name=\"robots\" content=\"index, follow, max-snippet:-1, max-image-preview:large, max-video-preview:-1\" \/>\n<link rel=\"canonical\" href=\"https:\/\/zsps.poznan.pl\/index.php\/spotkanie-mlodziezy-z-ukrainy\/\" \/>\n<meta property=\"og:locale\" content=\"pl_PL\" \/>\n<meta property=\"og:type\" content=\"article\" \/>\n<meta property=\"og:title\" content=\"SPOTKANIE M\u0141ODZIE\u017bY Z UKRAINY - ZESP\u00d3\u0141 SZK\u00d3\u0141 PRZEMYS\u0141U SPO\u017bYWCZEGO\" \/>\n<meta property=\"og:description\" content=\"W Zespole Szk\u00f3\u0142 Przemys\u0142u Spo\u017cywczego odby\u0142o si\u0119 spotkanie m\u0142odzie\u017cy z z konsultantk\u0105 fundacji Migrant Info Point (MIP) w Poznaniu Ann\u0105 Kryszczuk. Nasi uczniowie mogli opowiedzie\u0107 o r\u00f3\u017cnorodnych aspektach swojego \u017cycia. Opowiedziane historie dowodzi\u0142y, \u017ce czuj\u0105 si\u0119 tu dobrze Przy tej\" \/>\n<meta property=\"og:url\" content=\"https:\/\/zsps.poznan.pl\/index.php\/spotkanie-mlodziezy-z-ukrainy\/\" \/>\n<meta property=\"og:site_name\" content=\"ZESP\u00d3\u0141 SZK\u00d3\u0141 PRZEMYS\u0141U SPO\u017bYWCZEGO\" \/>\n<meta property=\"article:publisher\" content=\"https:\/\/www.facebook.com\/zsps.poznan\" \/>\n<meta property=\"article:published_time\" content=\"2023-09-26T12:31:26+00:00\" \/>\n<meta property=\"article:modified_time\" content=\"2023-09-26T12:33:38+00:00\" \/>\n<meta property=\"og:image\" content=\"https:\/\/static.xx.fbcdn.net\/images\/emoji.php\/v9\/t9\/1.5\/16\/1f3af.png\" \/>\n<meta name=\"author\" content=\"barteckir\" \/>\n<meta name=\"twitter:card\" content=\"summary_large_image\" \/>\n<meta name=\"twitter:label1\" content=\"Napisane przez\" \/>\n\t<meta name=\"twitter:data1\" content=\"barteckir\" \/>\n\t<meta name=\"twitter:label2\" content=\"Szacowany czas czytania\" \/>\n\t<meta name=\"twitter:data2\" content=\"1 minuta\" \/>\n<script type=\"application\/ld+json\" class=\"yoast-schema-graph\">{\"@context\":\"https:\\\/\\\/schema.org\",\"@graph\":[{\"@type\":\"Article\",\"@id\":\"https:\\\/\\\/zsps.poznan.pl\\\/index.php\\\/spotkanie-mlodziezy-z-ukrainy\\\/#article\",\"isPartOf\":{\"@id\":\"https:\\\/\\\/zsps.poznan.pl\\\/index.php\\\/spotkanie-mlodziezy-z-ukrainy\\\/\"},\"author\":{\"name\":\"barteckir\",\"@id\":\"https:\\\/\\\/zsps.poznan.pl\\\/#\\\/schema\\\/person\\\/bd2786aff3d28d572ee3d08aa13cfba8\"},\"headline\":\"SPOTKANIE M\u0141ODZIE\u017bY Z UKRAINY\",\"datePublished\":\"2023-09-26T12:31:26+00:00\",\"dateModified\":\"2023-09-26T12:33:38+00:00\",\"mainEntityOfPage\":{\"@id\":\"https:\\\/\\\/zsps.poznan.pl\\\/index.php\\\/spotkanie-mlodziezy-z-ukrainy\\\/\"},\"wordCount\":110,\"publisher\":{\"@id\":\"https:\\\/\\\/zsps.poznan.pl\\\/#organization\"},\"image\":{\"@id\":\"https:\\\/\\\/zsps.poznan.pl\\\/index.php\\\/spotkanie-mlodziezy-z-ukrainy\\\/#primaryimage\"},\"thumbnailUrl\":\"https:\\\/\\\/static.xx.fbcdn.net\\\/images\\\/emoji.php\\\/v9\\\/t9\\\/1.5\\\/16\\\/1f3af.png\",\"articleSection\":[\"Aktualno\u015bci\"],\"inLanguage\":\"pl-PL\"},{\"@type\":\"WebPage\",\"@id\":\"https:\\\/\\\/zsps.poznan.pl\\\/index.php\\\/spotkanie-mlodziezy-z-ukrainy\\\/\",\"url\":\"https:\\\/\\\/zsps.poznan.pl\\\/index.php\\\/spotkanie-mlodziezy-z-ukrainy\\\/\",\"name\":\"SPOTKANIE M\u0141ODZIE\u017bY Z UKRAINY - ZESP\u00d3\u0141 SZK\u00d3\u0141 PRZEMYS\u0141U SPO\u017bYWCZEGO\",\"isPartOf\":{\"@id\":\"https:\\\/\\\/zsps.poznan.pl\\\/#website\"},\"primaryImageOfPage\":{\"@id\":\"https:\\\/\\\/zsps.poznan.pl\\\/index.php\\\/spotkanie-mlodziezy-z-ukrainy\\\/#primaryimage\"},\"image\":{\"@id\":\"https:\\\/\\\/zsps.poznan.pl\\\/index.php\\\/spotkanie-mlodziezy-z-ukrainy\\\/#primaryimage\"},\"thumbnailUrl\":\"https:\\\/\\\/static.xx.fbcdn.net\\\/images\\\/emoji.php\\\/v9\\\/t9\\\/1.5\\\/16\\\/1f3af.png\",\"datePublished\":\"2023-09-26T12:31:26+00:00\",\"dateModified\":\"2023-09-26T12:33:38+00:00\",\"breadcrumb\":{\"@id\":\"https:\\\/\\\/zsps.poznan.pl\\\/index.php\\\/spotkanie-mlodziezy-z-ukrainy\\\/#breadcrumb\"},\"inLanguage\":\"pl-PL\",\"potentialAction\":[{\"@type\":\"ReadAction\",\"target\":[\"https:\\\/\\\/zsps.poznan.pl\\\/index.php\\\/spotkanie-mlodziezy-z-ukrainy\\\/\"]}]},{\"@type\":\"ImageObject\",\"inLanguage\":\"pl-PL\",\"@id\":\"https:\\\/\\\/zsps.poznan.pl\\\/index.php\\\/spotkanie-mlodziezy-z-ukrainy\\\/#primaryimage\",\"url\":\"https:\\\/\\\/static.xx.fbcdn.net\\\/images\\\/emoji.php\\\/v9\\\/t9\\\/1.5\\\/16\\\/1f3af.png\",\"contentUrl\":\"https:\\\/\\\/static.xx.fbcdn.net\\\/images\\\/emoji.php\\\/v9\\\/t9\\\/1.5\\\/16\\\/1f3af.png\"},{\"@type\":\"BreadcrumbList\",\"@id\":\"https:\\\/\\\/zsps.poznan.pl\\\/index.php\\\/spotkanie-mlodziezy-z-ukrainy\\\/#breadcrumb\",\"itemListElement\":[{\"@type\":\"ListItem\",\"position\":1,\"name\":\"Strona g\u0142\u00f3wna\",\"item\":\"https:\\\/\\\/zsps.poznan.pl\\\/\"},{\"@type\":\"ListItem\",\"position\":2,\"name\":\"SPOTKANIE M\u0141ODZIE\u017bY Z UKRAINY\"}]},{\"@type\":\"WebSite\",\"@id\":\"https:\\\/\\\/zsps.poznan.pl\\\/#website\",\"url\":\"https:\\\/\\\/zsps.poznan.pl\\\/\",\"name\":\"ZESP\u00d3\u0141 SZK\u00d3\u0141 PRZEMYS\u0141U SPO\u017bYWCZEGO\",\"description\":\"im. J. J. \u015aniadeckich w Poznaniu\",\"publisher\":{\"@id\":\"https:\\\/\\\/zsps.poznan.pl\\\/#organization\"},\"potentialAction\":[{\"@type\":\"SearchAction\",\"target\":{\"@type\":\"EntryPoint\",\"urlTemplate\":\"https:\\\/\\\/zsps.poznan.pl\\\/?s={search_term_string}\"},\"query-input\":{\"@type\":\"PropertyValueSpecification\",\"valueRequired\":true,\"valueName\":\"search_term_string\"}}],\"inLanguage\":\"pl-PL\"},{\"@type\":\"Organization\",\"@id\":\"https:\\\/\\\/zsps.poznan.pl\\\/#organization\",\"name\":\"Zesp\u00f3\u0142 Szk\u00f3\u0142 Przemys\u0142u Spo\u017cywczego\",\"url\":\"https:\\\/\\\/zsps.poznan.pl\\\/\",\"logo\":{\"@type\":\"ImageObject\",\"inLanguage\":\"pl-PL\",\"@id\":\"https:\\\/\\\/zsps.poznan.pl\\\/#\\\/schema\\\/logo\\\/image\\\/\",\"url\":\"\",\"contentUrl\":\"\",\"caption\":\"Zesp\u00f3\u0142 Szk\u00f3\u0142 Przemys\u0142u Spo\u017cywczego\"},\"image\":{\"@id\":\"https:\\\/\\\/zsps.poznan.pl\\\/#\\\/schema\\\/logo\\\/image\\\/\"},\"sameAs\":[\"https:\\\/\\\/www.facebook.com\\\/zsps.poznan\"]},{\"@type\":\"Person\",\"@id\":\"https:\\\/\\\/zsps.poznan.pl\\\/#\\\/schema\\\/person\\\/bd2786aff3d28d572ee3d08aa13cfba8\",\"name\":\"barteckir\",\"image\":{\"@type\":\"ImageObject\",\"inLanguage\":\"pl-PL\",\"@id\":\"https:\\\/\\\/secure.gravatar.com\\\/avatar\\\/467135196b1d7899a43486e26008f7675b9e000444ef035aa409397837c4cfd8?s=96&d=retro&r=g\",\"url\":\"https:\\\/\\\/secure.gravatar.com\\\/avatar\\\/467135196b1d7899a43486e26008f7675b9e000444ef035aa409397837c4cfd8?s=96&d=retro&r=g\",\"contentUrl\":\"https:\\\/\\\/secure.gravatar.com\\\/avatar\\\/467135196b1d7899a43486e26008f7675b9e000444ef035aa409397837c4cfd8?s=96&d=retro&r=g\",\"caption\":\"barteckir\"}}]}<\/script>\n<!-- \/ Yoast SEO plugin. -->","yoast_head_json":{"title":"SPOTKANIE M\u0141ODZIE\u017bY Z UKRAINY - ZESP\u00d3\u0141 SZK\u00d3\u0141 PRZEMYS\u0141U SPO\u017bYWCZEGO","robots":{"index":"index","follow":"follow","max-snippet":"max-snippet:-1","max-image-preview":"max-image-preview:large","max-video-preview":"max-video-preview:-1"},"canonical":"https:\/\/zsps.poznan.pl\/index.php\/spotkanie-mlodziezy-z-ukrainy\/","og_locale":"pl_PL","og_type":"article","og_title":"SPOTKANIE M\u0141ODZIE\u017bY Z UKRAINY - ZESP\u00d3\u0141 SZK\u00d3\u0141 PRZEMYS\u0141U SPO\u017bYWCZEGO","og_description":"W Zespole Szk\u00f3\u0142 Przemys\u0142u Spo\u017cywczego odby\u0142o si\u0119 spotkanie m\u0142odzie\u017cy z z konsultantk\u0105 fundacji Migrant Info Point (MIP) w Poznaniu Ann\u0105 Kryszczuk. Nasi uczniowie mogli opowiedzie\u0107 o r\u00f3\u017cnorodnych aspektach swojego \u017cycia. Opowiedziane historie dowodzi\u0142y, \u017ce czuj\u0105 si\u0119 tu dobrze Przy tej","og_url":"https:\/\/zsps.poznan.pl\/index.php\/spotkanie-mlodziezy-z-ukrainy\/","og_site_name":"ZESP\u00d3\u0141 SZK\u00d3\u0141 PRZEMYS\u0141U SPO\u017bYWCZEGO","article_publisher":"https:\/\/www.facebook.com\/zsps.poznan","article_published_time":"2023-09-26T12:31:26+00:00","article_modified_time":"2023-09-26T12:33:38+00:00","og_image":[{"url":"https:\/\/static.xx.fbcdn.net\/images\/emoji.php\/v9\/t9\/1.5\/16\/1f3af.png","type":"","width":"","height":""}],"author":"barteckir","twitter_card":"summary_large_image","twitter_misc":{"Napisane przez":"barteckir","Szacowany czas czytania":"1 minuta"},"schema":{"@context":"https:\/\/schema.org","@graph":[{"@type":"Article","@id":"https:\/\/zsps.poznan.pl\/index.php\/spotkanie-mlodziezy-z-ukrainy\/#article","isPartOf":{"@id":"https:\/\/zsps.poznan.pl\/index.php\/spotkanie-mlodziezy-z-ukrainy\/"},"author":{"name":"barteckir","@id":"https:\/\/zsps.poznan.pl\/#\/schema\/person\/bd2786aff3d28d572ee3d08aa13cfba8"},"headline":"SPOTKANIE M\u0141ODZIE\u017bY Z UKRAINY","datePublished":"2023-09-26T12:31:26+00:00","dateModified":"2023-09-26T12:33:38+00:00","mainEntityOfPage":{"@id":"https:\/\/zsps.poznan.pl\/index.php\/spotkanie-mlodziezy-z-ukrainy\/"},"wordCount":110,"publisher":{"@id":"https:\/\/zsps.poznan.pl\/#organization"},"image":{"@id":"https:\/\/zsps.poznan.pl\/index.php\/spotkanie-mlodziezy-z-ukrainy\/#primaryimage"},"thumbnailUrl":"https:\/\/static.xx.fbcdn.net\/images\/emoji.php\/v9\/t9\/1.5\/16\/1f3af.png","articleSection":["Aktualno\u015bci"],"inLanguage":"pl-PL"},{"@type":"WebPage","@id":"https:\/\/zsps.poznan.pl\/index.php\/spotkanie-mlodziezy-z-ukrainy\/","url":"https:\/\/zsps.poznan.pl\/index.php\/spotkanie-mlodziezy-z-ukrainy\/","name":"SPOTKANIE M\u0141ODZIE\u017bY Z UKRAINY - ZESP\u00d3\u0141 SZK\u00d3\u0141 PRZEMYS\u0141U SPO\u017bYWCZEGO","isPartOf":{"@id":"https:\/\/zsps.poznan.pl\/#website"},"primaryImageOfPage":{"@id":"https:\/\/zsps.poznan.pl\/index.php\/spotkanie-mlodziezy-z-ukrainy\/#primaryimage"},"image":{"@id":"https:\/\/zsps.poznan.pl\/index.php\/spotkanie-mlodziezy-z-ukrainy\/#primaryimage"},"thumbnailUrl":"https:\/\/static.xx.fbcdn.net\/images\/emoji.php\/v9\/t9\/1.5\/16\/1f3af.png","datePublished":"2023-09-26T12:31:26+00:00","dateModified":"2023-09-26T12:33:38+00:00","breadcrumb":{"@id":"https:\/\/zsps.poznan.pl\/index.php\/spotkanie-mlodziezy-z-ukrainy\/#breadcrumb"},"inLanguage":"pl-PL","potentialAction":[{"@type":"ReadAction","target":["https:\/\/zsps.poznan.pl\/index.php\/spotkanie-mlodziezy-z-ukrainy\/"]}]},{"@type":"ImageObject","inLanguage":"pl-PL","@id":"https:\/\/zsps.poznan.pl\/index.php\/spotkanie-mlodziezy-z-ukrainy\/#primaryimage","url":"https:\/\/static.xx.fbcdn.net\/images\/emoji.php\/v9\/t9\/1.5\/16\/1f3af.png","contentUrl":"https:\/\/static.xx.fbcdn.net\/images\/emoji.php\/v9\/t9\/1.5\/16\/1f3af.png"},{"@type":"BreadcrumbList","@id":"https:\/\/zsps.poznan.pl\/index.php\/spotkanie-mlodziezy-z-ukrainy\/#breadcrumb","itemListElement":[{"@type":"ListItem","position":1,"name":"Strona g\u0142\u00f3wna","item":"https:\/\/zsps.poznan.pl\/"},{"@type":"ListItem","position":2,"name":"SPOTKANIE M\u0141ODZIE\u017bY Z UKRAINY"}]},{"@type":"WebSite","@id":"https:\/\/zsps.poznan.pl\/#website","url":"https:\/\/zsps.poznan.pl\/","name":"ZESP\u00d3\u0141 SZK\u00d3\u0141 PRZEMYS\u0141U SPO\u017bYWCZEGO","description":"im. J. J. \u015aniadeckich w Poznaniu","publisher":{"@id":"https:\/\/zsps.poznan.pl\/#organization"},"potentialAction":[{"@type":"SearchAction","target":{"@type":"EntryPoint","urlTemplate":"https:\/\/zsps.poznan.pl\/?s={search_term_string}"},"query-input":{"@type":"PropertyValueSpecification","valueRequired":true,"valueName":"search_term_string"}}],"inLanguage":"pl-PL"},{"@type":"Organization","@id":"https:\/\/zsps.poznan.pl\/#organization","name":"Zesp\u00f3\u0142 Szk\u00f3\u0142 Przemys\u0142u Spo\u017cywczego","url":"https:\/\/zsps.poznan.pl\/","logo":{"@type":"ImageObject","inLanguage":"pl-PL","@id":"https:\/\/zsps.poznan.pl\/#\/schema\/logo\/image\/","url":"","contentUrl":"","caption":"Zesp\u00f3\u0142 Szk\u00f3\u0142 Przemys\u0142u Spo\u017cywczego"},"image":{"@id":"https:\/\/zsps.poznan.pl\/#\/schema\/logo\/image\/"},"sameAs":["https:\/\/www.facebook.com\/zsps.poznan"]},{"@type":"Person","@id":"https:\/\/zsps.poznan.pl\/#\/schema\/person\/bd2786aff3d28d572ee3d08aa13cfba8","name":"barteckir","image":{"@type":"ImageObject","inLanguage":"pl-PL","@id":"https:\/\/secure.gravatar.com\/avatar\/467135196b1d7899a43486e26008f7675b9e000444ef035aa409397837c4cfd8?s=96&d=retro&r=g","url":"https:\/\/secure.gravatar.com\/avatar\/467135196b1d7899a43486e26008f7675b9e000444ef035aa409397837c4cfd8?s=96&d=retro&r=g","contentUrl":"https:\/\/secure.gravatar.com\/avatar\/467135196b1d7899a43486e26008f7675b9e000444ef035aa409397837c4cfd8?s=96&d=retro&r=g","caption":"barteckir"}}]}},"_links":{"self":[{"href":"https:\/\/zsps.poznan.pl\/index.php\/wp-json\/wp\/v2\/posts\/11172","targetHints":{"allow":["GET"]}}],"collection":[{"href":"https:\/\/zsps.poznan.pl\/index.php\/wp-json\/wp\/v2\/posts"}],"about":[{"href":"https:\/\/zsps.poznan.pl\/index.php\/wp-json\/wp\/v2\/types\/post"}],"author":[{"embeddable":true,"href":"https:\/\/zsps.poznan.pl\/index.php\/wp-json\/wp\/v2\/users\/7"}],"replies":[{"embeddable":true,"href":"https:\/\/zsps.poznan.pl\/index.php\/wp-json\/wp\/v2\/comments?post=11172"}],"version-history":[{"count":3,"href":"https:\/\/zsps.poznan.pl\/index.php\/wp-json\/wp\/v2\/posts\/11172\/revisions"}],"predecessor-version":[{"id":11177,"href":"https:\/\/zsps.poznan.pl\/index.php\/wp-json\/wp\/v2\/posts\/11172\/revisions\/11177"}],"wp:attachment":[{"href":"https:\/\/zsps.poznan.pl\/index.php\/wp-json\/wp\/v2\/media?parent=11172"}],"wp:term":[{"taxonomy":"category","embeddable":true,"href":"https:\/\/zsps.poznan.pl\/index.php\/wp-json\/wp\/v2\/categories?post=11172"},{"taxonomy":"post_tag","embeddable":true,"href":"https:\/\/zsps.poznan.pl\/index.php\/wp-json\/wp\/v2\/tags?post=11172"}],"curies":[{"name":"wp","href":"https:\/\/api.w.org\/{rel}","templated":true}]}}