{"id":11246,"date":"2023-10-02T09:21:20","date_gmt":"2023-10-02T07:21:20","guid":{"rendered":"https:\/\/zsps.poznan.pl\/?p=11246"},"modified":"2023-10-02T09:22:34","modified_gmt":"2023-10-02T07:22:34","slug":"smaki-regionow","status":"publish","type":"post","link":"https:\/\/zsps.poznan.pl\/index.php\/smaki-regionow\/","title":{"rendered":"SMAKI REGION\u00d3W"},"content":{"rendered":"\t\t<div data-elementor-type=\"wp-post\" data-elementor-id=\"11246\" class=\"elementor elementor-11246\">\n\t\t\t\t\t\t<section class=\"elementor-section elementor-top-section elementor-element elementor-element-a555e8a elementor-section-boxed elementor-section-height-default elementor-section-height-default\" data-id=\"a555e8a\" data-element_type=\"section\" data-e-type=\"section\">\n\t\t\t\t\t\t<div class=\"elementor-container elementor-column-gap-default\">\n\t\t\t\t\t<div class=\"elementor-column elementor-col-100 elementor-top-column elementor-element elementor-element-914d58e\" data-id=\"914d58e\" data-element_type=\"column\" data-e-type=\"column\">\n\t\t\t<div class=\"elementor-widget-wrap elementor-element-populated\">\n\t\t\t\t\t\t<div class=\"elementor-element elementor-element-84accd6 elementor-widget elementor-widget-text-editor\" data-id=\"84accd6\" data-element_type=\"widget\" data-e-type=\"widget\" data-widget_type=\"text-editor.default\">\n\t\t\t\t<div class=\"elementor-widget-container\">\n\t\t\t\t\t\t\t\t\t<p>Podczas tegorocznych targ\u00f3w &#8211; Smaki Region\u00f3w &#8211; uczniowie naszej szkoly czynnie uczestniczyli w pokazach i warsztatach kulinarnych<span class=\"x3nfvp2 x1j61x8r x1fcty0u xdj266r xhhsvwb xat24cr xgzva0m xxymvpz xlup9mm x1kky2od\"><img decoding=\"async\" src=\"https:\/\/static.xx.fbcdn.net\/images\/emoji.php\/v9\/t5a\/1.5\/16\/1f469_200d_1f373.png\" alt=\"\ud83d\udc69\u200d\ud83c\udf73\" width=\"16\" height=\"16\" \/><\/span><span class=\"x3nfvp2 x1j61x8r x1fcty0u xdj266r xhhsvwb xat24cr xgzva0m xxymvpz xlup9mm x1kky2od\"><img decoding=\"async\" src=\"https:\/\/static.xx.fbcdn.net\/images\/emoji.php\/v9\/t7b\/1.5\/16\/1f468_200d_1f373.png\" alt=\"\ud83d\udc68\u200d\ud83c\udf73\" width=\"16\" height=\"16\" \/><\/span> Uczennice klasy 2 MT wraz z nauczycielk\u0105 przedmiot\u00f3w zawodowych p. \u017banet\u0105 Malesz\u0105, sporz\u0105dza\u0142y wyroby z ciasta dro\u017cd\u017cowego m. in. dro\u017cd\u017c\u00f3wki z jab\u0142kiem i kruszonk\u0105. Na stoisku tym opr\u00f3cz \u015bwie\u017cych i pachn\u0105cych dro\u017cd\u017c\u00f3wek mo\u017cna by\u0142o podziwia\u0107 piekne wypieki Piekarni Anika w Luboniu<span class=\"x3nfvp2 x1j61x8r x1fcty0u xdj266r xhhsvwb xat24cr xgzva0m xxymvpz xlup9mm x1kky2od\"><img decoding=\"async\" src=\"https:\/\/static.xx.fbcdn.net\/images\/emoji.php\/v9\/t4f\/1.5\/16\/1f44c_1f3fb.png\" alt=\"\ud83d\udc4c\ud83c\udffb\" width=\"16\" height=\"16\" \/><\/span> Prowadzone by\u0142y r\u00f3wnie\u017c rodzinne warsztaty z Funduszu Mi\u0119sa Wieprzowego podczas kt\u00f3rych uczniowie klas 2 \u017bA oraz 2 \u017bC wraz z nauczycielami &#8211; p. Magdalen\u0105 Olejniczak oraz p. Danielem Wo\u017cnickim- przygotowywali dania z mi\u0119sa wieprzowego m.in. kotleciki dla najm\u0142odszych. W warsztatach tych bra\u0142 udzia\u0142 , r\u00f3wnie\u017c szef kuchni Restauracji Stara Osada p. Bartosz Muzalewski- finalista konkursu Wielkopolski kucharz roku<span class=\"x3nfvp2 x1j61x8r x1fcty0u xdj266r xhhsvwb xat24cr xgzva0m xxymvpz xlup9mm x1kky2od\"><img decoding=\"async\" src=\"https:\/\/static.xx.fbcdn.net\/images\/emoji.php\/v9\/t7b\/1.5\/16\/1f468_200d_1f373.png\" alt=\"\ud83d\udc68\u200d\ud83c\udf73\" width=\"16\" height=\"16\" \/><\/span><span class=\"x3nfvp2 x1j61x8r x1fcty0u xdj266r xhhsvwb xat24cr xgzva0m xxymvpz xlup9mm x1kky2od\"><img loading=\"lazy\" decoding=\"async\" src=\"https:\/\/static.xx.fbcdn.net\/images\/emoji.php\/v9\/t17\/1.5\/16\/1f3c6.png\" alt=\"\ud83c\udfc6\" width=\"16\" height=\"16\" \/><\/span> Kolejna edycja Targ\u00f3w pokaza\u0142a du\u017ce zainteresowanie naturalnymi produktami i recepturami. Do zobaczenia w przysz\u0142ym roku!<\/p>\t\t\t\t\t\t\t\t<\/div>\n\t\t\t\t<\/div>\n\t\t\t\t\t<\/div>\n\t\t<\/div>\n\t\t\t\t\t<\/div>\n\t\t<\/section>\n\t\t\t\t<section class=\"elementor-section elementor-top-section elementor-element elementor-element-4012c6a elementor-section-boxed elementor-section-height-default elementor-section-height-default\" data-id=\"4012c6a\" data-element_type=\"section\" data-e-type=\"section\">\n\t\t\t\t\t\t<div class=\"elementor-container elementor-column-gap-default\">\n\t\t\t\t\t<div class=\"elementor-column elementor-col-100 elementor-top-column elementor-element elementor-element-a2fceec\" data-id=\"a2fceec\" data-element_type=\"column\" data-e-type=\"column\">\n\t\t\t<div class=\"elementor-widget-wrap elementor-element-populated\">\n\t\t\t\t\t\t<div class=\"elementor-element elementor-element-d081946 elementor-widget elementor-widget-image-gallery\" data-id=\"d081946\" data-element_type=\"widget\" data-e-type=\"widget\" data-widget_type=\"image-gallery.default\">\n\t\t\t\t<div class=\"elementor-widget-container\">\n\t\t\t\t\t\t\t<div class=\"elementor-image-gallery\">\n\t\t\t<div id='gallery-1' class='gallery galleryid-11246 gallery-columns-6 gallery-size-thumbnail'><figure class='gallery-item'>\n\t\t\t<div class='gallery-icon landscape'>\n\t\t\t\t<a data-elementor-open-lightbox=\"yes\" data-elementor-lightbox-slideshow=\"d081946\" data-e-action-hash=\"#elementor-action%3Aaction%3Dlightbox%26settings%3DeyJpZCI6MTEyMTgsInVybCI6Imh0dHBzOlwvXC96c3BzLnBvem5hbi5wbFwvd3AtY29udGVudFwvdXBsb2Fkc1wvMjAyM1wvMTBcLzM4NTQyNzYxN18zMTE2NDAxOTQ4MDI5OTNfMzU4MDA4NjQwMzU3NDc3MTExM19uLTEuanBnIiwic2xpZGVzaG93IjoiZDA4MTk0NiJ9\" href='https:\/\/zsps.poznan.pl\/wp-content\/uploads\/2023\/10\/385427617_311640194802993_3580086403574771113_n-1.jpg'><img loading=\"lazy\" decoding=\"async\" width=\"150\" height=\"150\" src=\"https:\/\/zsps.poznan.pl\/wp-content\/uploads\/2023\/10\/385427617_311640194802993_3580086403574771113_n-1-150x150.jpg\" class=\"attachment-thumbnail size-thumbnail\" alt=\"\" srcset=\"https:\/\/zsps.poznan.pl\/wp-content\/uploads\/2023\/10\/385427617_311640194802993_3580086403574771113_n-1-150x150.jpg 150w, https:\/\/zsps.poznan.pl\/wp-content\/uploads\/2023\/10\/385427617_311640194802993_3580086403574771113_n-1-230x230.jpg 230w, https:\/\/zsps.poznan.pl\/wp-content\/uploads\/2023\/10\/385427617_311640194802993_3580086403574771113_n-1-365x365.jpg 365w\" sizes=\"(max-width: 150px) 100vw, 150px\" \/><\/a>\n\t\t\t<\/div><\/figure><figure class='gallery-item'>\n\t\t\t<div class='gallery-icon portrait'>\n\t\t\t\t<a data-elementor-open-lightbox=\"yes\" data-elementor-lightbox-slideshow=\"d081946\" data-e-action-hash=\"#elementor-action%3Aaction%3Dlightbox%26settings%3DeyJpZCI6MTEyMTcsInVybCI6Imh0dHBzOlwvXC96c3BzLnBvem5hbi5wbFwvd3AtY29udGVudFwvdXBsb2Fkc1wvMjAyM1wvMTBcLzM4NTQ2MTE4NV8xMzc3NzM3OTY2NTA3MjkxXzE3NjUxMTcxNzM0MDI5NTAyMF9uLmpwZyIsInNsaWRlc2hvdyI6ImQwODE5NDYifQ%3D%3D\" href='https:\/\/zsps.poznan.pl\/wp-content\/uploads\/2023\/10\/385461185_1377737966507291_176511717340295020_n.jpg'><img loading=\"lazy\" decoding=\"async\" width=\"150\" height=\"150\" src=\"https:\/\/zsps.poznan.pl\/wp-content\/uploads\/2023\/10\/385461185_1377737966507291_176511717340295020_n-150x150.jpg\" class=\"attachment-thumbnail size-thumbnail\" alt=\"\" srcset=\"https:\/\/zsps.poznan.pl\/wp-content\/uploads\/2023\/10\/385461185_1377737966507291_176511717340295020_n-150x150.jpg 150w, https:\/\/zsps.poznan.pl\/wp-content\/uploads\/2023\/10\/385461185_1377737966507291_176511717340295020_n-230x230.jpg 230w, https:\/\/zsps.poznan.pl\/wp-content\/uploads\/2023\/10\/385461185_1377737966507291_176511717340295020_n-365x365.jpg 365w\" sizes=\"(max-width: 150px) 100vw, 150px\" \/><\/a>\n\t\t\t<\/div><\/figure><figure class='gallery-item'>\n\t\t\t<div class='gallery-icon landscape'>\n\t\t\t\t<a data-elementor-open-lightbox=\"yes\" data-elementor-lightbox-slideshow=\"d081946\" data-e-action-hash=\"#elementor-action%3Aaction%3Dlightbox%26settings%3DeyJpZCI6MTEyMTYsInVybCI6Imh0dHBzOlwvXC96c3BzLnBvem5hbi5wbFwvd3AtY29udGVudFwvdXBsb2Fkc1wvMjAyM1wvMTBcLzM4NTQzOTYzM18xMDgwOTQ2NzA5NzM2OTU5XzE4OTk5OTk1ODU3NDYzODk1ODJfbi5qcGciLCJzbGlkZXNob3ciOiJkMDgxOTQ2In0%3D\" href='https:\/\/zsps.poznan.pl\/wp-content\/uploads\/2023\/10\/385439633_1080946709736959_1899999585746389582_n.jpg'><img loading=\"lazy\" decoding=\"async\" width=\"150\" height=\"150\" src=\"https:\/\/zsps.poznan.pl\/wp-content\/uploads\/2023\/10\/385439633_1080946709736959_1899999585746389582_n-150x150.jpg\" class=\"attachment-thumbnail size-thumbnail\" alt=\"\" srcset=\"https:\/\/zsps.poznan.pl\/wp-content\/uploads\/2023\/10\/385439633_1080946709736959_1899999585746389582_n-150x150.jpg 150w, https:\/\/zsps.poznan.pl\/wp-content\/uploads\/2023\/10\/385439633_1080946709736959_1899999585746389582_n-230x230.jpg 230w, https:\/\/zsps.poznan.pl\/wp-content\/uploads\/2023\/10\/385439633_1080946709736959_1899999585746389582_n-365x365.jpg 365w\" sizes=\"(max-width: 150px) 100vw, 150px\" \/><\/a>\n\t\t\t<\/div><\/figure><figure class='gallery-item'>\n\t\t\t<div class='gallery-icon landscape'>\n\t\t\t\t<a data-elementor-open-lightbox=\"yes\" data-elementor-lightbox-slideshow=\"d081946\" data-e-action-hash=\"#elementor-action%3Aaction%3Dlightbox%26settings%3DeyJpZCI6MTEyMTUsInVybCI6Imh0dHBzOlwvXC96c3BzLnBvem5hbi5wbFwvd3AtY29udGVudFwvdXBsb2Fkc1wvMjAyM1wvMTBcLzM3OTY2MDA4OF83MDEzMjE4ODQ3NjM3MzdfMjM3OTE5MjY2NzY4NjQ3MzM3X24uanBnIiwic2xpZGVzaG93IjoiZDA4MTk0NiJ9\" href='https:\/\/zsps.poznan.pl\/wp-content\/uploads\/2023\/10\/379660088_701321884763737_237919266768647337_n.jpg'><img loading=\"lazy\" decoding=\"async\" width=\"150\" height=\"150\" src=\"https:\/\/zsps.poznan.pl\/wp-content\/uploads\/2023\/10\/379660088_701321884763737_237919266768647337_n-150x150.jpg\" class=\"attachment-thumbnail size-thumbnail\" alt=\"\" srcset=\"https:\/\/zsps.poznan.pl\/wp-content\/uploads\/2023\/10\/379660088_701321884763737_237919266768647337_n-150x150.jpg 150w, https:\/\/zsps.poznan.pl\/wp-content\/uploads\/2023\/10\/379660088_701321884763737_237919266768647337_n-230x230.jpg 230w, https:\/\/zsps.poznan.pl\/wp-content\/uploads\/2023\/10\/379660088_701321884763737_237919266768647337_n-365x365.jpg 365w\" sizes=\"(max-width: 150px) 100vw, 150px\" \/><\/a>\n\t\t\t<\/div><\/figure><figure class='gallery-item'>\n\t\t\t<div class='gallery-icon portrait'>\n\t\t\t\t<a data-elementor-open-lightbox=\"yes\" data-elementor-lightbox-slideshow=\"d081946\" data-e-action-hash=\"#elementor-action%3Aaction%3Dlightbox%26settings%3DeyJpZCI6MTEyMTQsInVybCI6Imh0dHBzOlwvXC96c3BzLnBvem5hbi5wbFwvd3AtY29udGVudFwvdXBsb2Fkc1wvMjAyM1wvMTBcLzM4NTQ0Mzk2Ml82NzM1NjMxODQ3MTk2MTFfMzEwOTgzODU5MDM2OTIwMjMxM19uLmpwZyIsInNsaWRlc2hvdyI6ImQwODE5NDYifQ%3D%3D\" href='https:\/\/zsps.poznan.pl\/wp-content\/uploads\/2023\/10\/385443962_673563184719611_3109838590369202313_n.jpg'><img loading=\"lazy\" decoding=\"async\" width=\"150\" height=\"150\" src=\"https:\/\/zsps.poznan.pl\/wp-content\/uploads\/2023\/10\/385443962_673563184719611_3109838590369202313_n-150x150.jpg\" class=\"attachment-thumbnail size-thumbnail\" alt=\"\" srcset=\"https:\/\/zsps.poznan.pl\/wp-content\/uploads\/2023\/10\/385443962_673563184719611_3109838590369202313_n-150x150.jpg 150w, https:\/\/zsps.poznan.pl\/wp-content\/uploads\/2023\/10\/385443962_673563184719611_3109838590369202313_n-230x230.jpg 230w, https:\/\/zsps.poznan.pl\/wp-content\/uploads\/2023\/10\/385443962_673563184719611_3109838590369202313_n-365x365.jpg 365w\" sizes=\"(max-width: 150px) 100vw, 150px\" \/><\/a>\n\t\t\t<\/div><\/figure><figure class='gallery-item'>\n\t\t\t<div class='gallery-icon portrait'>\n\t\t\t\t<a data-elementor-open-lightbox=\"yes\" data-elementor-lightbox-slideshow=\"d081946\" data-e-action-hash=\"#elementor-action%3Aaction%3Dlightbox%26settings%3DeyJpZCI6MTEyMTMsInVybCI6Imh0dHBzOlwvXC96c3BzLnBvem5hbi5wbFwvd3AtY29udGVudFwvdXBsb2Fkc1wvMjAyM1wvMTBcLzM3OTY1OTk3Ml8yMDI3MzE3MDk0MjcyMDgwXzU1NDI4MjAxNjE5NzEyOTI5OTJfbi5qcGciLCJzbGlkZXNob3ciOiJkMDgxOTQ2In0%3D\" href='https:\/\/zsps.poznan.pl\/wp-content\/uploads\/2023\/10\/379659972_2027317094272080_5542820161971292992_n.jpg'><img loading=\"lazy\" decoding=\"async\" width=\"150\" height=\"150\" src=\"https:\/\/zsps.poznan.pl\/wp-content\/uploads\/2023\/10\/379659972_2027317094272080_5542820161971292992_n-150x150.jpg\" class=\"attachment-thumbnail size-thumbnail\" alt=\"\" srcset=\"https:\/\/zsps.poznan.pl\/wp-content\/uploads\/2023\/10\/379659972_2027317094272080_5542820161971292992_n-150x150.jpg 150w, https:\/\/zsps.poznan.pl\/wp-content\/uploads\/2023\/10\/379659972_2027317094272080_5542820161971292992_n-230x230.jpg 230w, https:\/\/zsps.poznan.pl\/wp-content\/uploads\/2023\/10\/379659972_2027317094272080_5542820161971292992_n-365x365.jpg 365w\" sizes=\"(max-width: 150px) 100vw, 150px\" \/><\/a>\n\t\t\t<\/div><\/figure><figure class='gallery-item'>\n\t\t\t<div class='gallery-icon portrait'>\n\t\t\t\t<a data-elementor-open-lightbox=\"yes\" data-elementor-lightbox-slideshow=\"d081946\" data-e-action-hash=\"#elementor-action%3Aaction%3Dlightbox%26settings%3DeyJpZCI6MTEyMTIsInVybCI6Imh0dHBzOlwvXC96c3BzLnBvem5hbi5wbFwvd3AtY29udGVudFwvdXBsb2Fkc1wvMjAyM1wvMTBcLzM4NDgzODM2Ml8xMDY4NDEwNTI3NjUzODk2XzU5OTI2MzMyNzAyOTE2MjI4MjZfbi5qcGciLCJzbGlkZXNob3ciOiJkMDgxOTQ2In0%3D\" href='https:\/\/zsps.poznan.pl\/wp-content\/uploads\/2023\/10\/384838362_1068410527653896_5992633270291622826_n.jpg'><img loading=\"lazy\" decoding=\"async\" width=\"150\" height=\"150\" src=\"https:\/\/zsps.poznan.pl\/wp-content\/uploads\/2023\/10\/384838362_1068410527653896_5992633270291622826_n-150x150.jpg\" class=\"attachment-thumbnail size-thumbnail\" alt=\"\" srcset=\"https:\/\/zsps.poznan.pl\/wp-content\/uploads\/2023\/10\/384838362_1068410527653896_5992633270291622826_n-150x150.jpg 150w, https:\/\/zsps.poznan.pl\/wp-content\/uploads\/2023\/10\/384838362_1068410527653896_5992633270291622826_n-230x230.jpg 230w, https:\/\/zsps.poznan.pl\/wp-content\/uploads\/2023\/10\/384838362_1068410527653896_5992633270291622826_n-365x365.jpg 365w\" sizes=\"(max-width: 150px) 100vw, 150px\" \/><\/a>\n\t\t\t<\/div><\/figure><figure class='gallery-item'>\n\t\t\t<div class='gallery-icon landscape'>\n\t\t\t\t<a data-elementor-open-lightbox=\"yes\" data-elementor-lightbox-slideshow=\"d081946\" data-e-action-hash=\"#elementor-action%3Aaction%3Dlightbox%26settings%3DeyJpZCI6MTEyMTEsInVybCI6Imh0dHBzOlwvXC96c3BzLnBvem5hbi5wbFwvd3AtY29udGVudFwvdXBsb2Fkc1wvMjAyM1wvMTBcLzM4MTkwODI2NF83MjkyODgxMjYwNzM5NDE2XzQ2OTAzNjExMTQ3MDk0MTcwMDRfbi5qcGciLCJzbGlkZXNob3ciOiJkMDgxOTQ2In0%3D\" href='https:\/\/zsps.poznan.pl\/wp-content\/uploads\/2023\/10\/381908264_7292881260739416_4690361114709417004_n.jpg'><img loading=\"lazy\" decoding=\"async\" width=\"150\" height=\"150\" src=\"https:\/\/zsps.poznan.pl\/wp-content\/uploads\/2023\/10\/381908264_7292881260739416_4690361114709417004_n-150x150.jpg\" class=\"attachment-thumbnail size-thumbnail\" alt=\"\" srcset=\"https:\/\/zsps.poznan.pl\/wp-content\/uploads\/2023\/10\/381908264_7292881260739416_4690361114709417004_n-150x150.jpg 150w, https:\/\/zsps.poznan.pl\/wp-content\/uploads\/2023\/10\/381908264_7292881260739416_4690361114709417004_n-230x230.jpg 230w, https:\/\/zsps.poznan.pl\/wp-content\/uploads\/2023\/10\/381908264_7292881260739416_4690361114709417004_n-365x365.jpg 365w\" sizes=\"(max-width: 150px) 100vw, 150px\" \/><\/a>\n\t\t\t<\/div><\/figure><figure class='gallery-item'>\n\t\t\t<div class='gallery-icon landscape'>\n\t\t\t\t<a data-elementor-open-lightbox=\"yes\" data-elementor-lightbox-slideshow=\"d081946\" data-e-action-hash=\"#elementor-action%3Aaction%3Dlightbox%26settings%3DeyJpZCI6MTEyMTAsInVybCI6Imh0dHBzOlwvXC96c3BzLnBvem5hbi5wbFwvd3AtY29udGVudFwvdXBsb2Fkc1wvMjAyM1wvMTBcLzM4NTM5NzI4Nl8xNDc3NjI1NjA2NDEwNDUzXzE5NzY5MjIxNTQwODEyMzU3NTJfbi5qcGciLCJzbGlkZXNob3ciOiJkMDgxOTQ2In0%3D\" href='https:\/\/zsps.poznan.pl\/wp-content\/uploads\/2023\/10\/385397286_1477625606410453_1976922154081235752_n.jpg'><img loading=\"lazy\" decoding=\"async\" width=\"150\" height=\"150\" src=\"https:\/\/zsps.poznan.pl\/wp-content\/uploads\/2023\/10\/385397286_1477625606410453_1976922154081235752_n-150x150.jpg\" class=\"attachment-thumbnail size-thumbnail\" alt=\"\" srcset=\"https:\/\/zsps.poznan.pl\/wp-content\/uploads\/2023\/10\/385397286_1477625606410453_1976922154081235752_n-150x150.jpg 150w, https:\/\/zsps.poznan.pl\/wp-content\/uploads\/2023\/10\/385397286_1477625606410453_1976922154081235752_n-230x230.jpg 230w, https:\/\/zsps.poznan.pl\/wp-content\/uploads\/2023\/10\/385397286_1477625606410453_1976922154081235752_n-365x365.jpg 365w\" sizes=\"(max-width: 150px) 100vw, 150px\" \/><\/a>\n\t\t\t<\/div><\/figure><figure class='gallery-item'>\n\t\t\t<div class='gallery-icon landscape'>\n\t\t\t\t<a data-elementor-open-lightbox=\"yes\" data-elementor-lightbox-slideshow=\"d081946\" data-e-action-hash=\"#elementor-action%3Aaction%3Dlightbox%26settings%3DeyJpZCI6MTEyMDksInVybCI6Imh0dHBzOlwvXC96c3BzLnBvem5hbi5wbFwvd3AtY29udGVudFwvdXBsb2Fkc1wvMjAyM1wvMTBcLzM3OTY2NjkwOV8xNTExNTI0NTg2MzQyMTY5XzEyNjk2NzI0NDkxMzYwNTAyNDlfbi5qcGciLCJzbGlkZXNob3ciOiJkMDgxOTQ2In0%3D\" href='https:\/\/zsps.poznan.pl\/wp-content\/uploads\/2023\/10\/379666909_1511524586342169_1269672449136050249_n.jpg'><img loading=\"lazy\" decoding=\"async\" width=\"150\" height=\"150\" src=\"https:\/\/zsps.poznan.pl\/wp-content\/uploads\/2023\/10\/379666909_1511524586342169_1269672449136050249_n-150x150.jpg\" class=\"attachment-thumbnail size-thumbnail\" alt=\"\" srcset=\"https:\/\/zsps.poznan.pl\/wp-content\/uploads\/2023\/10\/379666909_1511524586342169_1269672449136050249_n-150x150.jpg 150w, https:\/\/zsps.poznan.pl\/wp-content\/uploads\/2023\/10\/379666909_1511524586342169_1269672449136050249_n-230x230.jpg 230w, https:\/\/zsps.poznan.pl\/wp-content\/uploads\/2023\/10\/379666909_1511524586342169_1269672449136050249_n-365x365.jpg 365w\" sizes=\"(max-width: 150px) 100vw, 150px\" \/><\/a>\n\t\t\t<\/div><\/figure>\n\t\t<\/div>\n\t\t<\/div>\n\t\t\t\t\t\t<\/div>\n\t\t\t\t<\/div>\n\t\t\t\t\t<\/div>\n\t\t<\/div>\n\t\t\t\t\t<\/div>\n\t\t<\/section>\n\t\t\t\t<\/div>\n\t\t","protected":false},"excerpt":{"rendered":"<p>Podczas tegorocznych targ\u00f3w &#8211; Smaki Region\u00f3w &#8211; uczniowie naszej szkoly czynnie uczestniczyli w pokazach i warsztatach kulinarnych Uczennice klasy 2 MT wraz z nauczycielk\u0105 przedmiot\u00f3w zawodowych p. \u017banet\u0105 Malesz\u0105, sporz\u0105dza\u0142y wyroby z ciasta dro\u017cd\u017cowego m. in. dro\u017cd\u017c\u00f3wki z jab\u0142kiem i<\/p>\n","protected":false},"author":7,"featured_media":0,"comment_status":"closed","ping_status":"closed","sticky":false,"template":"","format":"standard","meta":{"footnotes":""},"categories":[1],"tags":[],"class_list":["post-11246","post","type-post","status-publish","format-standard","hentry","category-aktualnosci"],"yoast_head":"<!-- This site is optimized with the Yoast SEO plugin v27.5 - https:\/\/yoast.com\/product\/yoast-seo-wordpress\/ -->\n<title>SMAKI REGION\u00d3W - ZESP\u00d3\u0141 SZK\u00d3\u0141 PRZEMYS\u0141U SPO\u017bYWCZEGO<\/title>\n<meta name=\"robots\" content=\"index, follow, max-snippet:-1, max-image-preview:large, max-video-preview:-1\" \/>\n<link rel=\"canonical\" href=\"https:\/\/zsps.poznan.pl\/index.php\/smaki-regionow\/\" \/>\n<meta property=\"og:locale\" content=\"pl_PL\" \/>\n<meta property=\"og:type\" content=\"article\" \/>\n<meta property=\"og:title\" content=\"SMAKI REGION\u00d3W - ZESP\u00d3\u0141 SZK\u00d3\u0141 PRZEMYS\u0141U SPO\u017bYWCZEGO\" \/>\n<meta property=\"og:description\" content=\"Podczas tegorocznych targ\u00f3w &#8211; Smaki Region\u00f3w &#8211; uczniowie naszej szkoly czynnie uczestniczyli w pokazach i warsztatach kulinarnych Uczennice klasy 2 MT wraz z nauczycielk\u0105 przedmiot\u00f3w zawodowych p. \u017banet\u0105 Malesz\u0105, sporz\u0105dza\u0142y wyroby z ciasta dro\u017cd\u017cowego m. in. dro\u017cd\u017c\u00f3wki z jab\u0142kiem i\" \/>\n<meta property=\"og:url\" content=\"https:\/\/zsps.poznan.pl\/index.php\/smaki-regionow\/\" \/>\n<meta property=\"og:site_name\" content=\"ZESP\u00d3\u0141 SZK\u00d3\u0141 PRZEMYS\u0141U SPO\u017bYWCZEGO\" \/>\n<meta property=\"article:publisher\" content=\"https:\/\/www.facebook.com\/zsps.poznan\" \/>\n<meta property=\"article:published_time\" content=\"2023-10-02T07:21:20+00:00\" \/>\n<meta property=\"article:modified_time\" content=\"2023-10-02T07:22:34+00:00\" \/>\n<meta property=\"og:image\" content=\"https:\/\/static.xx.fbcdn.net\/images\/emoji.php\/v9\/t5a\/1.5\/16\/1f469_200d_1f373.png\" \/>\n<meta name=\"author\" content=\"barteckir\" \/>\n<meta name=\"twitter:card\" content=\"summary_large_image\" \/>\n<meta name=\"twitter:label1\" content=\"Napisane przez\" \/>\n\t<meta name=\"twitter:data1\" content=\"barteckir\" \/>\n\t<meta name=\"twitter:label2\" content=\"Szacowany czas czytania\" \/>\n\t<meta name=\"twitter:data2\" content=\"1 minuta\" \/>\n<script type=\"application\/ld+json\" class=\"yoast-schema-graph\">{\"@context\":\"https:\\\/\\\/schema.org\",\"@graph\":[{\"@type\":\"Article\",\"@id\":\"https:\\\/\\\/zsps.poznan.pl\\\/index.php\\\/smaki-regionow\\\/#article\",\"isPartOf\":{\"@id\":\"https:\\\/\\\/zsps.poznan.pl\\\/index.php\\\/smaki-regionow\\\/\"},\"author\":{\"name\":\"barteckir\",\"@id\":\"https:\\\/\\\/zsps.poznan.pl\\\/#\\\/schema\\\/person\\\/bd2786aff3d28d572ee3d08aa13cfba8\"},\"headline\":\"SMAKI REGION\u00d3W\",\"datePublished\":\"2023-10-02T07:21:20+00:00\",\"dateModified\":\"2023-10-02T07:22:34+00:00\",\"mainEntityOfPage\":{\"@id\":\"https:\\\/\\\/zsps.poznan.pl\\\/index.php\\\/smaki-regionow\\\/\"},\"wordCount\":160,\"publisher\":{\"@id\":\"https:\\\/\\\/zsps.poznan.pl\\\/#organization\"},\"image\":{\"@id\":\"https:\\\/\\\/zsps.poznan.pl\\\/index.php\\\/smaki-regionow\\\/#primaryimage\"},\"thumbnailUrl\":\"https:\\\/\\\/static.xx.fbcdn.net\\\/images\\\/emoji.php\\\/v9\\\/t5a\\\/1.5\\\/16\\\/1f469_200d_1f373.png\",\"articleSection\":[\"Aktualno\u015bci\"],\"inLanguage\":\"pl-PL\"},{\"@type\":\"WebPage\",\"@id\":\"https:\\\/\\\/zsps.poznan.pl\\\/index.php\\\/smaki-regionow\\\/\",\"url\":\"https:\\\/\\\/zsps.poznan.pl\\\/index.php\\\/smaki-regionow\\\/\",\"name\":\"SMAKI REGION\u00d3W - ZESP\u00d3\u0141 SZK\u00d3\u0141 PRZEMYS\u0141U SPO\u017bYWCZEGO\",\"isPartOf\":{\"@id\":\"https:\\\/\\\/zsps.poznan.pl\\\/#website\"},\"primaryImageOfPage\":{\"@id\":\"https:\\\/\\\/zsps.poznan.pl\\\/index.php\\\/smaki-regionow\\\/#primaryimage\"},\"image\":{\"@id\":\"https:\\\/\\\/zsps.poznan.pl\\\/index.php\\\/smaki-regionow\\\/#primaryimage\"},\"thumbnailUrl\":\"https:\\\/\\\/static.xx.fbcdn.net\\\/images\\\/emoji.php\\\/v9\\\/t5a\\\/1.5\\\/16\\\/1f469_200d_1f373.png\",\"datePublished\":\"2023-10-02T07:21:20+00:00\",\"dateModified\":\"2023-10-02T07:22:34+00:00\",\"breadcrumb\":{\"@id\":\"https:\\\/\\\/zsps.poznan.pl\\\/index.php\\\/smaki-regionow\\\/#breadcrumb\"},\"inLanguage\":\"pl-PL\",\"potentialAction\":[{\"@type\":\"ReadAction\",\"target\":[\"https:\\\/\\\/zsps.poznan.pl\\\/index.php\\\/smaki-regionow\\\/\"]}]},{\"@type\":\"ImageObject\",\"inLanguage\":\"pl-PL\",\"@id\":\"https:\\\/\\\/zsps.poznan.pl\\\/index.php\\\/smaki-regionow\\\/#primaryimage\",\"url\":\"https:\\\/\\\/static.xx.fbcdn.net\\\/images\\\/emoji.php\\\/v9\\\/t5a\\\/1.5\\\/16\\\/1f469_200d_1f373.png\",\"contentUrl\":\"https:\\\/\\\/static.xx.fbcdn.net\\\/images\\\/emoji.php\\\/v9\\\/t5a\\\/1.5\\\/16\\\/1f469_200d_1f373.png\"},{\"@type\":\"BreadcrumbList\",\"@id\":\"https:\\\/\\\/zsps.poznan.pl\\\/index.php\\\/smaki-regionow\\\/#breadcrumb\",\"itemListElement\":[{\"@type\":\"ListItem\",\"position\":1,\"name\":\"Strona g\u0142\u00f3wna\",\"item\":\"https:\\\/\\\/zsps.poznan.pl\\\/\"},{\"@type\":\"ListItem\",\"position\":2,\"name\":\"SMAKI REGION\u00d3W\"}]},{\"@type\":\"WebSite\",\"@id\":\"https:\\\/\\\/zsps.poznan.pl\\\/#website\",\"url\":\"https:\\\/\\\/zsps.poznan.pl\\\/\",\"name\":\"ZESP\u00d3\u0141 SZK\u00d3\u0141 PRZEMYS\u0141U SPO\u017bYWCZEGO\",\"description\":\"im. J. J. \u015aniadeckich w Poznaniu\",\"publisher\":{\"@id\":\"https:\\\/\\\/zsps.poznan.pl\\\/#organization\"},\"potentialAction\":[{\"@type\":\"SearchAction\",\"target\":{\"@type\":\"EntryPoint\",\"urlTemplate\":\"https:\\\/\\\/zsps.poznan.pl\\\/?s={search_term_string}\"},\"query-input\":{\"@type\":\"PropertyValueSpecification\",\"valueRequired\":true,\"valueName\":\"search_term_string\"}}],\"inLanguage\":\"pl-PL\"},{\"@type\":\"Organization\",\"@id\":\"https:\\\/\\\/zsps.poznan.pl\\\/#organization\",\"name\":\"Zesp\u00f3\u0142 Szk\u00f3\u0142 Przemys\u0142u Spo\u017cywczego\",\"url\":\"https:\\\/\\\/zsps.poznan.pl\\\/\",\"logo\":{\"@type\":\"ImageObject\",\"inLanguage\":\"pl-PL\",\"@id\":\"https:\\\/\\\/zsps.poznan.pl\\\/#\\\/schema\\\/logo\\\/image\\\/\",\"url\":\"\",\"contentUrl\":\"\",\"caption\":\"Zesp\u00f3\u0142 Szk\u00f3\u0142 Przemys\u0142u Spo\u017cywczego\"},\"image\":{\"@id\":\"https:\\\/\\\/zsps.poznan.pl\\\/#\\\/schema\\\/logo\\\/image\\\/\"},\"sameAs\":[\"https:\\\/\\\/www.facebook.com\\\/zsps.poznan\"]},{\"@type\":\"Person\",\"@id\":\"https:\\\/\\\/zsps.poznan.pl\\\/#\\\/schema\\\/person\\\/bd2786aff3d28d572ee3d08aa13cfba8\",\"name\":\"barteckir\",\"image\":{\"@type\":\"ImageObject\",\"inLanguage\":\"pl-PL\",\"@id\":\"https:\\\/\\\/secure.gravatar.com\\\/avatar\\\/467135196b1d7899a43486e26008f7675b9e000444ef035aa409397837c4cfd8?s=96&d=retro&r=g\",\"url\":\"https:\\\/\\\/secure.gravatar.com\\\/avatar\\\/467135196b1d7899a43486e26008f7675b9e000444ef035aa409397837c4cfd8?s=96&d=retro&r=g\",\"contentUrl\":\"https:\\\/\\\/secure.gravatar.com\\\/avatar\\\/467135196b1d7899a43486e26008f7675b9e000444ef035aa409397837c4cfd8?s=96&d=retro&r=g\",\"caption\":\"barteckir\"}}]}<\/script>\n<!-- \/ Yoast SEO plugin. -->","yoast_head_json":{"title":"SMAKI REGION\u00d3W - ZESP\u00d3\u0141 SZK\u00d3\u0141 PRZEMYS\u0141U SPO\u017bYWCZEGO","robots":{"index":"index","follow":"follow","max-snippet":"max-snippet:-1","max-image-preview":"max-image-preview:large","max-video-preview":"max-video-preview:-1"},"canonical":"https:\/\/zsps.poznan.pl\/index.php\/smaki-regionow\/","og_locale":"pl_PL","og_type":"article","og_title":"SMAKI REGION\u00d3W - ZESP\u00d3\u0141 SZK\u00d3\u0141 PRZEMYS\u0141U SPO\u017bYWCZEGO","og_description":"Podczas tegorocznych targ\u00f3w &#8211; Smaki Region\u00f3w &#8211; uczniowie naszej szkoly czynnie uczestniczyli w pokazach i warsztatach kulinarnych Uczennice klasy 2 MT wraz z nauczycielk\u0105 przedmiot\u00f3w zawodowych p. \u017banet\u0105 Malesz\u0105, sporz\u0105dza\u0142y wyroby z ciasta dro\u017cd\u017cowego m. in. dro\u017cd\u017c\u00f3wki z jab\u0142kiem i","og_url":"https:\/\/zsps.poznan.pl\/index.php\/smaki-regionow\/","og_site_name":"ZESP\u00d3\u0141 SZK\u00d3\u0141 PRZEMYS\u0141U SPO\u017bYWCZEGO","article_publisher":"https:\/\/www.facebook.com\/zsps.poznan","article_published_time":"2023-10-02T07:21:20+00:00","article_modified_time":"2023-10-02T07:22:34+00:00","og_image":[{"url":"https:\/\/static.xx.fbcdn.net\/images\/emoji.php\/v9\/t5a\/1.5\/16\/1f469_200d_1f373.png","type":"","width":"","height":""}],"author":"barteckir","twitter_card":"summary_large_image","twitter_misc":{"Napisane przez":"barteckir","Szacowany czas czytania":"1 minuta"},"schema":{"@context":"https:\/\/schema.org","@graph":[{"@type":"Article","@id":"https:\/\/zsps.poznan.pl\/index.php\/smaki-regionow\/#article","isPartOf":{"@id":"https:\/\/zsps.poznan.pl\/index.php\/smaki-regionow\/"},"author":{"name":"barteckir","@id":"https:\/\/zsps.poznan.pl\/#\/schema\/person\/bd2786aff3d28d572ee3d08aa13cfba8"},"headline":"SMAKI REGION\u00d3W","datePublished":"2023-10-02T07:21:20+00:00","dateModified":"2023-10-02T07:22:34+00:00","mainEntityOfPage":{"@id":"https:\/\/zsps.poznan.pl\/index.php\/smaki-regionow\/"},"wordCount":160,"publisher":{"@id":"https:\/\/zsps.poznan.pl\/#organization"},"image":{"@id":"https:\/\/zsps.poznan.pl\/index.php\/smaki-regionow\/#primaryimage"},"thumbnailUrl":"https:\/\/static.xx.fbcdn.net\/images\/emoji.php\/v9\/t5a\/1.5\/16\/1f469_200d_1f373.png","articleSection":["Aktualno\u015bci"],"inLanguage":"pl-PL"},{"@type":"WebPage","@id":"https:\/\/zsps.poznan.pl\/index.php\/smaki-regionow\/","url":"https:\/\/zsps.poznan.pl\/index.php\/smaki-regionow\/","name":"SMAKI REGION\u00d3W - ZESP\u00d3\u0141 SZK\u00d3\u0141 PRZEMYS\u0141U SPO\u017bYWCZEGO","isPartOf":{"@id":"https:\/\/zsps.poznan.pl\/#website"},"primaryImageOfPage":{"@id":"https:\/\/zsps.poznan.pl\/index.php\/smaki-regionow\/#primaryimage"},"image":{"@id":"https:\/\/zsps.poznan.pl\/index.php\/smaki-regionow\/#primaryimage"},"thumbnailUrl":"https:\/\/static.xx.fbcdn.net\/images\/emoji.php\/v9\/t5a\/1.5\/16\/1f469_200d_1f373.png","datePublished":"2023-10-02T07:21:20+00:00","dateModified":"2023-10-02T07:22:34+00:00","breadcrumb":{"@id":"https:\/\/zsps.poznan.pl\/index.php\/smaki-regionow\/#breadcrumb"},"inLanguage":"pl-PL","potentialAction":[{"@type":"ReadAction","target":["https:\/\/zsps.poznan.pl\/index.php\/smaki-regionow\/"]}]},{"@type":"ImageObject","inLanguage":"pl-PL","@id":"https:\/\/zsps.poznan.pl\/index.php\/smaki-regionow\/#primaryimage","url":"https:\/\/static.xx.fbcdn.net\/images\/emoji.php\/v9\/t5a\/1.5\/16\/1f469_200d_1f373.png","contentUrl":"https:\/\/static.xx.fbcdn.net\/images\/emoji.php\/v9\/t5a\/1.5\/16\/1f469_200d_1f373.png"},{"@type":"BreadcrumbList","@id":"https:\/\/zsps.poznan.pl\/index.php\/smaki-regionow\/#breadcrumb","itemListElement":[{"@type":"ListItem","position":1,"name":"Strona g\u0142\u00f3wna","item":"https:\/\/zsps.poznan.pl\/"},{"@type":"ListItem","position":2,"name":"SMAKI REGION\u00d3W"}]},{"@type":"WebSite","@id":"https:\/\/zsps.poznan.pl\/#website","url":"https:\/\/zsps.poznan.pl\/","name":"ZESP\u00d3\u0141 SZK\u00d3\u0141 PRZEMYS\u0141U SPO\u017bYWCZEGO","description":"im. J. J. \u015aniadeckich w Poznaniu","publisher":{"@id":"https:\/\/zsps.poznan.pl\/#organization"},"potentialAction":[{"@type":"SearchAction","target":{"@type":"EntryPoint","urlTemplate":"https:\/\/zsps.poznan.pl\/?s={search_term_string}"},"query-input":{"@type":"PropertyValueSpecification","valueRequired":true,"valueName":"search_term_string"}}],"inLanguage":"pl-PL"},{"@type":"Organization","@id":"https:\/\/zsps.poznan.pl\/#organization","name":"Zesp\u00f3\u0142 Szk\u00f3\u0142 Przemys\u0142u Spo\u017cywczego","url":"https:\/\/zsps.poznan.pl\/","logo":{"@type":"ImageObject","inLanguage":"pl-PL","@id":"https:\/\/zsps.poznan.pl\/#\/schema\/logo\/image\/","url":"","contentUrl":"","caption":"Zesp\u00f3\u0142 Szk\u00f3\u0142 Przemys\u0142u Spo\u017cywczego"},"image":{"@id":"https:\/\/zsps.poznan.pl\/#\/schema\/logo\/image\/"},"sameAs":["https:\/\/www.facebook.com\/zsps.poznan"]},{"@type":"Person","@id":"https:\/\/zsps.poznan.pl\/#\/schema\/person\/bd2786aff3d28d572ee3d08aa13cfba8","name":"barteckir","image":{"@type":"ImageObject","inLanguage":"pl-PL","@id":"https:\/\/secure.gravatar.com\/avatar\/467135196b1d7899a43486e26008f7675b9e000444ef035aa409397837c4cfd8?s=96&d=retro&r=g","url":"https:\/\/secure.gravatar.com\/avatar\/467135196b1d7899a43486e26008f7675b9e000444ef035aa409397837c4cfd8?s=96&d=retro&r=g","contentUrl":"https:\/\/secure.gravatar.com\/avatar\/467135196b1d7899a43486e26008f7675b9e000444ef035aa409397837c4cfd8?s=96&d=retro&r=g","caption":"barteckir"}}]}},"_links":{"self":[{"href":"https:\/\/zsps.poznan.pl\/index.php\/wp-json\/wp\/v2\/posts\/11246","targetHints":{"allow":["GET"]}}],"collection":[{"href":"https:\/\/zsps.poznan.pl\/index.php\/wp-json\/wp\/v2\/posts"}],"about":[{"href":"https:\/\/zsps.poznan.pl\/index.php\/wp-json\/wp\/v2\/types\/post"}],"author":[{"embeddable":true,"href":"https:\/\/zsps.poznan.pl\/index.php\/wp-json\/wp\/v2\/users\/7"}],"replies":[{"embeddable":true,"href":"https:\/\/zsps.poznan.pl\/index.php\/wp-json\/wp\/v2\/comments?post=11246"}],"version-history":[{"count":3,"href":"https:\/\/zsps.poznan.pl\/index.php\/wp-json\/wp\/v2\/posts\/11246\/revisions"}],"predecessor-version":[{"id":11249,"href":"https:\/\/zsps.poznan.pl\/index.php\/wp-json\/wp\/v2\/posts\/11246\/revisions\/11249"}],"wp:attachment":[{"href":"https:\/\/zsps.poznan.pl\/index.php\/wp-json\/wp\/v2\/media?parent=11246"}],"wp:term":[{"taxonomy":"category","embeddable":true,"href":"https:\/\/zsps.poznan.pl\/index.php\/wp-json\/wp\/v2\/categories?post=11246"},{"taxonomy":"post_tag","embeddable":true,"href":"https:\/\/zsps.poznan.pl\/index.php\/wp-json\/wp\/v2\/tags?post=11246"}],"curies":[{"name":"wp","href":"https:\/\/api.w.org\/{rel}","templated":true}]}}