{"id":11257,"date":"2023-10-02T11:48:09","date_gmt":"2023-10-02T09:48:09","guid":{"rendered":"https:\/\/zsps.poznan.pl\/?p=11257"},"modified":"2023-10-02T11:48:09","modified_gmt":"2023-10-02T09:48:09","slug":"vi-edycja-sprzatamydlapolski","status":"publish","type":"post","link":"https:\/\/zsps.poznan.pl\/index.php\/vi-edycja-sprzatamydlapolski\/","title":{"rendered":"VI Edycja #Sprz\u0105tamyDlaPolski"},"content":{"rendered":"<h1>VI Edycja #Sprz\u0105tamyDlaPolski<\/h1>\n<p>\ud83d\udc9aNiezmiernie mi\u0142o nam zaprosi\u0107 Pa\u0144stwa do sz\u00f3stej ju\u017c edycji wydarzenia <strong>#Sprz\u0105tamyDlaPolski<\/strong>!\u00a0 \ud83d\udc9a<\/p>\n<p>4 pa\u017adziernika 2023 roku\u00a0<strong>w ca\u0142ej Polsce<\/strong>\u00a0odb\u0119dzie si\u0119 akcja sprz\u0105tania las\u00f3w i okolicznych teren\u00f3w zielonych. \ud83c\udf0e\u267b\ufe0f<\/p>\n<p>Wydarzenie <strong>#Sprz\u0105tamyDlaPolski<\/strong> skierowane jest w szczeg\u00f3lno\u015bci do przedstawicieli m\u0142odego pokolenia &#8211; m\u0142odych spo\u0142ecznik\u00f3w, m\u0142odzie\u017cowych radnych, os\u00f3b zaanga\u017cowanych w dzia\u0142alno\u015b\u0107 organizacji pozarz\u0105dowych czy samorz\u0105d\u00f3w uczniowskich i studenckich. Do udzia\u0142u zach\u0119camy tak\u017ce przedszkola i grupy nieformalne &#8211; wsp\u00f3lnie zadbajmy o nasz\u0105 planet\u0119! \ud83c\udf33\ud83c\udf32<\/p>\n<p>W ostatnich edycjach udzia\u0142 wzi\u0119\u0142o <strong>ponad milion wolontariuszy<\/strong>, kt\u00f3rzy sprawili, \u017ce ich ma\u0142e ojczyzny sta\u0142y si\u0119 pi\u0119kniejsze i pokazali, jak wa\u017cna jest troska o wsp\u00f3lne dobro! \u015amia\u0142o mo\u017cna stwierdzi\u0107, \u017ce wszyscy uczestnicy akcji to EKO-PATRIOCI!<\/p>\n<p><strong><a href=\"https:\/\/docs.google.com\/forms\/d\/e\/1FAIpQLSdIbdhJVNbJhz-c98fv5lFNievXUvqD-1ZTmg3JlHL6ge5W2g\/viewform\">Wype\u0142nij formularz<\/a> i we\u017a udzia\u0142 w akcji organizowanej przez Fundacj\u0119 Sprz\u0105tamy Dla Polski!\u00a0<\/strong><strong>\ud83c\udf33\u267b<\/strong><strong>\u00a0<\/strong><\/p>\n","protected":false},"excerpt":{"rendered":"<p>VI Edycja #Sprz\u0105tamyDlaPolski \ud83d\udc9aNiezmiernie mi\u0142o nam zaprosi\u0107 Pa\u0144stwa do sz\u00f3stej ju\u017c edycji wydarzenia #Sprz\u0105tamyDlaPolski!\u00a0 \ud83d\udc9a 4 pa\u017adziernika 2023 roku\u00a0w ca\u0142ej Polsce\u00a0odb\u0119dzie si\u0119 akcja sprz\u0105tania las\u00f3w i okolicznych teren\u00f3w zielonych. \ud83c\udf0e\u267b\ufe0f Wydarzenie #Sprz\u0105tamyDlaPolski skierowane jest w szczeg\u00f3lno\u015bci do przedstawicieli m\u0142odego pokolenia<\/p>\n","protected":false},"author":9,"featured_media":0,"comment_status":"closed","ping_status":"closed","sticky":false,"template":"","format":"standard","meta":{"footnotes":""},"categories":[1],"tags":[],"class_list":["post-11257","post","type-post","status-publish","format-standard","hentry","category-aktualnosci"],"yoast_head":"<!-- This site is optimized with the Yoast SEO plugin v27.5 - https:\/\/yoast.com\/product\/yoast-seo-wordpress\/ -->\n<title>VI Edycja #Sprz\u0105tamyDlaPolski - ZESP\u00d3\u0141 SZK\u00d3\u0141 PRZEMYS\u0141U SPO\u017bYWCZEGO<\/title>\n<meta name=\"robots\" content=\"index, follow, max-snippet:-1, max-image-preview:large, max-video-preview:-1\" \/>\n<link rel=\"canonical\" href=\"https:\/\/zsps.poznan.pl\/index.php\/vi-edycja-sprzatamydlapolski\/\" \/>\n<meta property=\"og:locale\" content=\"pl_PL\" \/>\n<meta property=\"og:type\" content=\"article\" \/>\n<meta property=\"og:title\" content=\"VI Edycja #Sprz\u0105tamyDlaPolski - ZESP\u00d3\u0141 SZK\u00d3\u0141 PRZEMYS\u0141U SPO\u017bYWCZEGO\" \/>\n<meta property=\"og:description\" content=\"VI Edycja #Sprz\u0105tamyDlaPolski \ud83d\udc9aNiezmiernie mi\u0142o nam zaprosi\u0107 Pa\u0144stwa do sz\u00f3stej ju\u017c edycji wydarzenia #Sprz\u0105tamyDlaPolski!\u00a0 \ud83d\udc9a 4 pa\u017adziernika 2023 roku\u00a0w ca\u0142ej Polsce\u00a0odb\u0119dzie si\u0119 akcja sprz\u0105tania las\u00f3w i okolicznych teren\u00f3w zielonych. \ud83c\udf0e\u267b\ufe0f Wydarzenie #Sprz\u0105tamyDlaPolski skierowane jest w szczeg\u00f3lno\u015bci do przedstawicieli m\u0142odego pokolenia\" \/>\n<meta property=\"og:url\" content=\"https:\/\/zsps.poznan.pl\/index.php\/vi-edycja-sprzatamydlapolski\/\" \/>\n<meta property=\"og:site_name\" content=\"ZESP\u00d3\u0141 SZK\u00d3\u0141 PRZEMYS\u0141U SPO\u017bYWCZEGO\" \/>\n<meta property=\"article:publisher\" content=\"https:\/\/www.facebook.com\/zsps.poznan\" \/>\n<meta property=\"article:published_time\" content=\"2023-10-02T09:48:09+00:00\" \/>\n<meta name=\"author\" content=\"nadmar\" \/>\n<meta name=\"twitter:card\" content=\"summary_large_image\" \/>\n<meta name=\"twitter:label1\" content=\"Napisane przez\" \/>\n\t<meta name=\"twitter:data1\" content=\"nadmar\" \/>\n\t<meta name=\"twitter:label2\" content=\"Szacowany czas czytania\" \/>\n\t<meta name=\"twitter:data2\" content=\"1 minuta\" \/>\n<script type=\"application\/ld+json\" class=\"yoast-schema-graph\">{\"@context\":\"https:\\\/\\\/schema.org\",\"@graph\":[{\"@type\":\"Article\",\"@id\":\"https:\\\/\\\/zsps.poznan.pl\\\/index.php\\\/vi-edycja-sprzatamydlapolski\\\/#article\",\"isPartOf\":{\"@id\":\"https:\\\/\\\/zsps.poznan.pl\\\/index.php\\\/vi-edycja-sprzatamydlapolski\\\/\"},\"author\":{\"name\":\"nadmar\",\"@id\":\"https:\\\/\\\/zsps.poznan.pl\\\/#\\\/schema\\\/person\\\/a863b9785be3f60f354ccce3c38e5e40\"},\"headline\":\"VI Edycja #Sprz\u0105tamyDlaPolski\",\"datePublished\":\"2023-10-02T09:48:09+00:00\",\"mainEntityOfPage\":{\"@id\":\"https:\\\/\\\/zsps.poznan.pl\\\/index.php\\\/vi-edycja-sprzatamydlapolski\\\/\"},\"wordCount\":161,\"publisher\":{\"@id\":\"https:\\\/\\\/zsps.poznan.pl\\\/#organization\"},\"articleSection\":[\"Aktualno\u015bci\"],\"inLanguage\":\"pl-PL\"},{\"@type\":\"WebPage\",\"@id\":\"https:\\\/\\\/zsps.poznan.pl\\\/index.php\\\/vi-edycja-sprzatamydlapolski\\\/\",\"url\":\"https:\\\/\\\/zsps.poznan.pl\\\/index.php\\\/vi-edycja-sprzatamydlapolski\\\/\",\"name\":\"VI Edycja #Sprz\u0105tamyDlaPolski - ZESP\u00d3\u0141 SZK\u00d3\u0141 PRZEMYS\u0141U SPO\u017bYWCZEGO\",\"isPartOf\":{\"@id\":\"https:\\\/\\\/zsps.poznan.pl\\\/#website\"},\"datePublished\":\"2023-10-02T09:48:09+00:00\",\"breadcrumb\":{\"@id\":\"https:\\\/\\\/zsps.poznan.pl\\\/index.php\\\/vi-edycja-sprzatamydlapolski\\\/#breadcrumb\"},\"inLanguage\":\"pl-PL\",\"potentialAction\":[{\"@type\":\"ReadAction\",\"target\":[\"https:\\\/\\\/zsps.poznan.pl\\\/index.php\\\/vi-edycja-sprzatamydlapolski\\\/\"]}]},{\"@type\":\"BreadcrumbList\",\"@id\":\"https:\\\/\\\/zsps.poznan.pl\\\/index.php\\\/vi-edycja-sprzatamydlapolski\\\/#breadcrumb\",\"itemListElement\":[{\"@type\":\"ListItem\",\"position\":1,\"name\":\"Strona g\u0142\u00f3wna\",\"item\":\"https:\\\/\\\/zsps.poznan.pl\\\/\"},{\"@type\":\"ListItem\",\"position\":2,\"name\":\"VI Edycja #Sprz\u0105tamyDlaPolski\"}]},{\"@type\":\"WebSite\",\"@id\":\"https:\\\/\\\/zsps.poznan.pl\\\/#website\",\"url\":\"https:\\\/\\\/zsps.poznan.pl\\\/\",\"name\":\"ZESP\u00d3\u0141 SZK\u00d3\u0141 PRZEMYS\u0141U SPO\u017bYWCZEGO\",\"description\":\"im. J. J. \u015aniadeckich w Poznaniu\",\"publisher\":{\"@id\":\"https:\\\/\\\/zsps.poznan.pl\\\/#organization\"},\"potentialAction\":[{\"@type\":\"SearchAction\",\"target\":{\"@type\":\"EntryPoint\",\"urlTemplate\":\"https:\\\/\\\/zsps.poznan.pl\\\/?s={search_term_string}\"},\"query-input\":{\"@type\":\"PropertyValueSpecification\",\"valueRequired\":true,\"valueName\":\"search_term_string\"}}],\"inLanguage\":\"pl-PL\"},{\"@type\":\"Organization\",\"@id\":\"https:\\\/\\\/zsps.poznan.pl\\\/#organization\",\"name\":\"Zesp\u00f3\u0142 Szk\u00f3\u0142 Przemys\u0142u Spo\u017cywczego\",\"url\":\"https:\\\/\\\/zsps.poznan.pl\\\/\",\"logo\":{\"@type\":\"ImageObject\",\"inLanguage\":\"pl-PL\",\"@id\":\"https:\\\/\\\/zsps.poznan.pl\\\/#\\\/schema\\\/logo\\\/image\\\/\",\"url\":\"\",\"contentUrl\":\"\",\"caption\":\"Zesp\u00f3\u0142 Szk\u00f3\u0142 Przemys\u0142u Spo\u017cywczego\"},\"image\":{\"@id\":\"https:\\\/\\\/zsps.poznan.pl\\\/#\\\/schema\\\/logo\\\/image\\\/\"},\"sameAs\":[\"https:\\\/\\\/www.facebook.com\\\/zsps.poznan\"]},{\"@type\":\"Person\",\"@id\":\"https:\\\/\\\/zsps.poznan.pl\\\/#\\\/schema\\\/person\\\/a863b9785be3f60f354ccce3c38e5e40\",\"name\":\"nadmar\",\"image\":{\"@type\":\"ImageObject\",\"inLanguage\":\"pl-PL\",\"@id\":\"https:\\\/\\\/secure.gravatar.com\\\/avatar\\\/b4d534ea38356e3a5696eca7a2e56387a75fb988135566ff6c02baac234afdc8?s=96&d=retro&r=g\",\"url\":\"https:\\\/\\\/secure.gravatar.com\\\/avatar\\\/b4d534ea38356e3a5696eca7a2e56387a75fb988135566ff6c02baac234afdc8?s=96&d=retro&r=g\",\"contentUrl\":\"https:\\\/\\\/secure.gravatar.com\\\/avatar\\\/b4d534ea38356e3a5696eca7a2e56387a75fb988135566ff6c02baac234afdc8?s=96&d=retro&r=g\",\"caption\":\"nadmar\"}}]}<\/script>\n<!-- \/ Yoast SEO plugin. -->","yoast_head_json":{"title":"VI Edycja #Sprz\u0105tamyDlaPolski - ZESP\u00d3\u0141 SZK\u00d3\u0141 PRZEMYS\u0141U SPO\u017bYWCZEGO","robots":{"index":"index","follow":"follow","max-snippet":"max-snippet:-1","max-image-preview":"max-image-preview:large","max-video-preview":"max-video-preview:-1"},"canonical":"https:\/\/zsps.poznan.pl\/index.php\/vi-edycja-sprzatamydlapolski\/","og_locale":"pl_PL","og_type":"article","og_title":"VI Edycja #Sprz\u0105tamyDlaPolski - ZESP\u00d3\u0141 SZK\u00d3\u0141 PRZEMYS\u0141U SPO\u017bYWCZEGO","og_description":"VI Edycja #Sprz\u0105tamyDlaPolski \ud83d\udc9aNiezmiernie mi\u0142o nam zaprosi\u0107 Pa\u0144stwa do sz\u00f3stej ju\u017c edycji wydarzenia #Sprz\u0105tamyDlaPolski!\u00a0 \ud83d\udc9a 4 pa\u017adziernika 2023 roku\u00a0w ca\u0142ej Polsce\u00a0odb\u0119dzie si\u0119 akcja sprz\u0105tania las\u00f3w i okolicznych teren\u00f3w zielonych. \ud83c\udf0e\u267b\ufe0f Wydarzenie #Sprz\u0105tamyDlaPolski skierowane jest w szczeg\u00f3lno\u015bci do przedstawicieli m\u0142odego pokolenia","og_url":"https:\/\/zsps.poznan.pl\/index.php\/vi-edycja-sprzatamydlapolski\/","og_site_name":"ZESP\u00d3\u0141 SZK\u00d3\u0141 PRZEMYS\u0141U SPO\u017bYWCZEGO","article_publisher":"https:\/\/www.facebook.com\/zsps.poznan","article_published_time":"2023-10-02T09:48:09+00:00","author":"nadmar","twitter_card":"summary_large_image","twitter_misc":{"Napisane przez":"nadmar","Szacowany czas czytania":"1 minuta"},"schema":{"@context":"https:\/\/schema.org","@graph":[{"@type":"Article","@id":"https:\/\/zsps.poznan.pl\/index.php\/vi-edycja-sprzatamydlapolski\/#article","isPartOf":{"@id":"https:\/\/zsps.poznan.pl\/index.php\/vi-edycja-sprzatamydlapolski\/"},"author":{"name":"nadmar","@id":"https:\/\/zsps.poznan.pl\/#\/schema\/person\/a863b9785be3f60f354ccce3c38e5e40"},"headline":"VI Edycja #Sprz\u0105tamyDlaPolski","datePublished":"2023-10-02T09:48:09+00:00","mainEntityOfPage":{"@id":"https:\/\/zsps.poznan.pl\/index.php\/vi-edycja-sprzatamydlapolski\/"},"wordCount":161,"publisher":{"@id":"https:\/\/zsps.poznan.pl\/#organization"},"articleSection":["Aktualno\u015bci"],"inLanguage":"pl-PL"},{"@type":"WebPage","@id":"https:\/\/zsps.poznan.pl\/index.php\/vi-edycja-sprzatamydlapolski\/","url":"https:\/\/zsps.poznan.pl\/index.php\/vi-edycja-sprzatamydlapolski\/","name":"VI Edycja #Sprz\u0105tamyDlaPolski - ZESP\u00d3\u0141 SZK\u00d3\u0141 PRZEMYS\u0141U SPO\u017bYWCZEGO","isPartOf":{"@id":"https:\/\/zsps.poznan.pl\/#website"},"datePublished":"2023-10-02T09:48:09+00:00","breadcrumb":{"@id":"https:\/\/zsps.poznan.pl\/index.php\/vi-edycja-sprzatamydlapolski\/#breadcrumb"},"inLanguage":"pl-PL","potentialAction":[{"@type":"ReadAction","target":["https:\/\/zsps.poznan.pl\/index.php\/vi-edycja-sprzatamydlapolski\/"]}]},{"@type":"BreadcrumbList","@id":"https:\/\/zsps.poznan.pl\/index.php\/vi-edycja-sprzatamydlapolski\/#breadcrumb","itemListElement":[{"@type":"ListItem","position":1,"name":"Strona g\u0142\u00f3wna","item":"https:\/\/zsps.poznan.pl\/"},{"@type":"ListItem","position":2,"name":"VI Edycja #Sprz\u0105tamyDlaPolski"}]},{"@type":"WebSite","@id":"https:\/\/zsps.poznan.pl\/#website","url":"https:\/\/zsps.poznan.pl\/","name":"ZESP\u00d3\u0141 SZK\u00d3\u0141 PRZEMYS\u0141U SPO\u017bYWCZEGO","description":"im. J. J. \u015aniadeckich w Poznaniu","publisher":{"@id":"https:\/\/zsps.poznan.pl\/#organization"},"potentialAction":[{"@type":"SearchAction","target":{"@type":"EntryPoint","urlTemplate":"https:\/\/zsps.poznan.pl\/?s={search_term_string}"},"query-input":{"@type":"PropertyValueSpecification","valueRequired":true,"valueName":"search_term_string"}}],"inLanguage":"pl-PL"},{"@type":"Organization","@id":"https:\/\/zsps.poznan.pl\/#organization","name":"Zesp\u00f3\u0142 Szk\u00f3\u0142 Przemys\u0142u Spo\u017cywczego","url":"https:\/\/zsps.poznan.pl\/","logo":{"@type":"ImageObject","inLanguage":"pl-PL","@id":"https:\/\/zsps.poznan.pl\/#\/schema\/logo\/image\/","url":"","contentUrl":"","caption":"Zesp\u00f3\u0142 Szk\u00f3\u0142 Przemys\u0142u Spo\u017cywczego"},"image":{"@id":"https:\/\/zsps.poznan.pl\/#\/schema\/logo\/image\/"},"sameAs":["https:\/\/www.facebook.com\/zsps.poznan"]},{"@type":"Person","@id":"https:\/\/zsps.poznan.pl\/#\/schema\/person\/a863b9785be3f60f354ccce3c38e5e40","name":"nadmar","image":{"@type":"ImageObject","inLanguage":"pl-PL","@id":"https:\/\/secure.gravatar.com\/avatar\/b4d534ea38356e3a5696eca7a2e56387a75fb988135566ff6c02baac234afdc8?s=96&d=retro&r=g","url":"https:\/\/secure.gravatar.com\/avatar\/b4d534ea38356e3a5696eca7a2e56387a75fb988135566ff6c02baac234afdc8?s=96&d=retro&r=g","contentUrl":"https:\/\/secure.gravatar.com\/avatar\/b4d534ea38356e3a5696eca7a2e56387a75fb988135566ff6c02baac234afdc8?s=96&d=retro&r=g","caption":"nadmar"}}]}},"_links":{"self":[{"href":"https:\/\/zsps.poznan.pl\/index.php\/wp-json\/wp\/v2\/posts\/11257","targetHints":{"allow":["GET"]}}],"collection":[{"href":"https:\/\/zsps.poznan.pl\/index.php\/wp-json\/wp\/v2\/posts"}],"about":[{"href":"https:\/\/zsps.poznan.pl\/index.php\/wp-json\/wp\/v2\/types\/post"}],"author":[{"embeddable":true,"href":"https:\/\/zsps.poznan.pl\/index.php\/wp-json\/wp\/v2\/users\/9"}],"replies":[{"embeddable":true,"href":"https:\/\/zsps.poznan.pl\/index.php\/wp-json\/wp\/v2\/comments?post=11257"}],"version-history":[{"count":1,"href":"https:\/\/zsps.poznan.pl\/index.php\/wp-json\/wp\/v2\/posts\/11257\/revisions"}],"predecessor-version":[{"id":11258,"href":"https:\/\/zsps.poznan.pl\/index.php\/wp-json\/wp\/v2\/posts\/11257\/revisions\/11258"}],"wp:attachment":[{"href":"https:\/\/zsps.poznan.pl\/index.php\/wp-json\/wp\/v2\/media?parent=11257"}],"wp:term":[{"taxonomy":"category","embeddable":true,"href":"https:\/\/zsps.poznan.pl\/index.php\/wp-json\/wp\/v2\/categories?post=11257"},{"taxonomy":"post_tag","embeddable":true,"href":"https:\/\/zsps.poznan.pl\/index.php\/wp-json\/wp\/v2\/tags?post=11257"}],"curies":[{"name":"wp","href":"https:\/\/api.w.org\/{rel}","templated":true}]}}