{"id":11744,"date":"2023-12-01T10:02:33","date_gmt":"2023-12-01T09:02:33","guid":{"rendered":"https:\/\/zsps.poznan.pl\/?p=11744"},"modified":"2023-12-01T10:04:28","modified_gmt":"2023-12-01T09:04:28","slug":"mistrz-swiata-w-cukiernictwie-michal-doroszkiewicz-goscil-w-zespole-szkol-przemyslu-spozywczego","status":"publish","type":"post","link":"https:\/\/zsps.poznan.pl\/index.php\/mistrz-swiata-w-cukiernictwie-michal-doroszkiewicz-goscil-w-zespole-szkol-przemyslu-spozywczego\/","title":{"rendered":"Mistrz \u015awiata w cukiernictwie Micha\u0142 Doroszkiewicz go\u015bci\u0142 w Zespole Szk\u00f3\u0142 Przemys\u0142u Spo\u017cywczego"},"content":{"rendered":"\t\t<div data-elementor-type=\"wp-post\" data-elementor-id=\"11744\" class=\"elementor elementor-11744\">\n\t\t\t\t\t\t<section class=\"elementor-section elementor-top-section elementor-element elementor-element-e48a6e5 elementor-section-boxed elementor-section-height-default elementor-section-height-default\" data-id=\"e48a6e5\" data-element_type=\"section\" data-e-type=\"section\">\n\t\t\t\t\t\t<div class=\"elementor-container elementor-column-gap-default\">\n\t\t\t\t\t<div class=\"elementor-column elementor-col-100 elementor-top-column elementor-element elementor-element-3865378\" data-id=\"3865378\" data-element_type=\"column\" data-e-type=\"column\">\n\t\t\t<div class=\"elementor-widget-wrap elementor-element-populated\">\n\t\t\t\t\t\t<div class=\"elementor-element elementor-element-9596cc9 elementor-widget elementor-widget-text-editor\" data-id=\"9596cc9\" data-element_type=\"widget\" data-e-type=\"widget\" data-widget_type=\"text-editor.default\">\n\t\t\t\t<div class=\"elementor-widget-container\">\n\t\t\t\t\t\t\t\t\t<p>Pan Micha\u0142 jest absolwentem naszej szko\u0142y. W dniu 17 pa\u017adziernika 2023r spotka\u0142 si\u0119 z m\u0142odzie\u017c\u0105, aby opowiedzie\u0107 o swojej bogatej \u015bcie\u017cce zawodowej.<br \/><br \/>Pan Doroszkiewicz w latach 1997-2003 by\u0142 uczniem Zasadniczej Szko\u0142y Zawodowej oraz Technikum Technologii \u017bywno\u015bci. W 2002 zdoby\u0142 tytu\u0142 Mistrza \u015awiata M\u0142odych Cukiernik\u00f3w. Bezpo\u015brednio z balu studni\u00f3wkowego polecia\u0142 na najbardziej presti\u017cowe mistrzostwa \u015bwiata w cukiernictwie Coupe du Monde de la Patisserie w Lyon.<br \/><br \/>Po maturze rozpocz\u0105\u0142 nauk\u0119 w Wy\u017cszej Szkole Hotelarstwa i Gastronomii w Poznaniu.<br \/><br \/>Podczas swojej edukacji odbywa\u0142 sta\u017ce zagraniczne mi\u0119dzy innymi we Francji, W\u0142oszech, Hiszpani czy Wielkiej Brytanii. Podczas pracy na wyspie Jersey jako Head Pastry Chef wraz z zespo\u0142em restauracji Ocean Atlantic Hotel zdoby\u0142 presti\u017cowe odznaczenie MICHELIN* stared.<br \/><br \/>Dzi\u0119ki pracy i zaanga\u017cowaniu, a przede wszystkim dzi\u0119ki zami\u0142owaniu do zawodu zdoby\u0142 liczne nagrody, wyr\u00f3\u017cnienia oraz sta\u0142 si\u0119 rozpoznawalny na ca\u0142ym \u015bwiecie.<br \/><br \/>Pan Micha\u0142 jest cz\u0119sto zapraszany do grona Jury w presti\u017cowych konkursach dla uczni\u00f3w, jak i profesjonalist\u00f3w w kraju i zagranic\u0105.<br \/><br \/>Obecnie Pan Doroszkiewicz ma swoj\u0105 autorsk\u0105 cukierni\u0119 OVO PRACOWNIA na ul. Dominika\u0144skiej w Poznaniu oraz prowadzi firm\u0119 szkoleniowo &#8211; doradcz\u0105 Pastry Lab Micha\u0142 Doroszkiewicz.<br \/><br \/>Spotkanie by\u0142o bardzo interesuj\u0105ce, uczniowie s\u0142uchali naszego Absolwenta z zapartym tchem. Jedna godzina lekcyjna, to za ma\u0142o, \u017ceby om\u00f3wi\u0107 ca\u0142\u0105 \u015bcie\u017ck\u0119 kariery Pana Micha\u0142a.<br \/><br \/>Dzi\u0119kujemy za po\u015bwi\u0119cony czas i czekamy z niecierpliwo\u015bci\u0105 na warsztaty z udzia\u0142em Mistrza.<\/p>\t\t\t\t\t\t\t\t<\/div>\n\t\t\t\t<\/div>\n\t\t\t\t\t<\/div>\n\t\t<\/div>\n\t\t\t\t\t<\/div>\n\t\t<\/section>\n\t\t\t\t<section class=\"elementor-section elementor-top-section elementor-element elementor-element-ddc5f4e elementor-section-boxed elementor-section-height-default elementor-section-height-default\" data-id=\"ddc5f4e\" data-element_type=\"section\" data-e-type=\"section\">\n\t\t\t\t\t\t<div class=\"elementor-container elementor-column-gap-default\">\n\t\t\t\t\t<div class=\"elementor-column elementor-col-100 elementor-top-column elementor-element elementor-element-b1e29bf\" data-id=\"b1e29bf\" data-element_type=\"column\" data-e-type=\"column\">\n\t\t\t<div class=\"elementor-widget-wrap elementor-element-populated\">\n\t\t\t\t\t\t<div class=\"elementor-element elementor-element-84889fd elementor-widget elementor-widget-image-gallery\" data-id=\"84889fd\" data-element_type=\"widget\" data-e-type=\"widget\" data-widget_type=\"image-gallery.default\">\n\t\t\t\t<div class=\"elementor-widget-container\">\n\t\t\t\t\t\t\t<div class=\"elementor-image-gallery\">\n\t\t\t<div id='gallery-5' class='gallery galleryid-11744 gallery-columns-6 gallery-size-thumbnail'><figure class='gallery-item'>\n\t\t\t<div class='gallery-icon landscape'>\n\t\t\t\t<a data-elementor-open-lightbox=\"yes\" data-elementor-lightbox-slideshow=\"84889fd\" data-e-action-hash=\"#elementor-action%3Aaction%3Dlightbox%26settings%3DeyJpZCI6MTE3NDUsInVybCI6Imh0dHBzOlwvXC96c3BzLnBvem5hbi5wbFwvd3AtY29udGVudFwvdXBsb2Fkc1wvMjAyM1wvMTJcL0lNRy0yMDIzMTAxNy1XQTAwMDAuanBnIiwic2xpZGVzaG93IjoiODQ4ODlmZCJ9\" href='https:\/\/zsps.poznan.pl\/wp-content\/uploads\/2023\/12\/IMG-20231017-WA0000.jpg'><img decoding=\"async\" width=\"150\" height=\"150\" src=\"https:\/\/zsps.poznan.pl\/wp-content\/uploads\/2023\/12\/IMG-20231017-WA0000-150x150.jpg\" class=\"attachment-thumbnail size-thumbnail\" alt=\"\" srcset=\"https:\/\/zsps.poznan.pl\/wp-content\/uploads\/2023\/12\/IMG-20231017-WA0000-150x150.jpg 150w, https:\/\/zsps.poznan.pl\/wp-content\/uploads\/2023\/12\/IMG-20231017-WA0000-230x230.jpg 230w, https:\/\/zsps.poznan.pl\/wp-content\/uploads\/2023\/12\/IMG-20231017-WA0000-365x365.jpg 365w\" sizes=\"(max-width: 150px) 100vw, 150px\" \/><\/a>\n\t\t\t<\/div><\/figure><figure class='gallery-item'>\n\t\t\t<div class='gallery-icon landscape'>\n\t\t\t\t<a data-elementor-open-lightbox=\"yes\" data-elementor-lightbox-slideshow=\"84889fd\" data-e-action-hash=\"#elementor-action%3Aaction%3Dlightbox%26settings%3DeyJpZCI6MTE3NDYsInVybCI6Imh0dHBzOlwvXC96c3BzLnBvem5hbi5wbFwvd3AtY29udGVudFwvdXBsb2Fkc1wvMjAyM1wvMTJcL0lNRy0yMDIzMTAxNy1XQTAwMDEuanBnIiwic2xpZGVzaG93IjoiODQ4ODlmZCJ9\" href='https:\/\/zsps.poznan.pl\/wp-content\/uploads\/2023\/12\/IMG-20231017-WA0001.jpg'><img decoding=\"async\" width=\"150\" height=\"150\" src=\"https:\/\/zsps.poznan.pl\/wp-content\/uploads\/2023\/12\/IMG-20231017-WA0001-150x150.jpg\" class=\"attachment-thumbnail size-thumbnail\" alt=\"\" srcset=\"https:\/\/zsps.poznan.pl\/wp-content\/uploads\/2023\/12\/IMG-20231017-WA0001-150x150.jpg 150w, https:\/\/zsps.poznan.pl\/wp-content\/uploads\/2023\/12\/IMG-20231017-WA0001-230x230.jpg 230w, https:\/\/zsps.poznan.pl\/wp-content\/uploads\/2023\/12\/IMG-20231017-WA0001-365x365.jpg 365w\" sizes=\"(max-width: 150px) 100vw, 150px\" \/><\/a>\n\t\t\t<\/div><\/figure><figure class='gallery-item'>\n\t\t\t<div class='gallery-icon landscape'>\n\t\t\t\t<a data-elementor-open-lightbox=\"yes\" data-elementor-lightbox-slideshow=\"84889fd\" data-e-action-hash=\"#elementor-action%3Aaction%3Dlightbox%26settings%3DeyJpZCI6MTE3NDcsInVybCI6Imh0dHBzOlwvXC96c3BzLnBvem5hbi5wbFwvd3AtY29udGVudFwvdXBsb2Fkc1wvMjAyM1wvMTJcLzIwMjMxMDE3XzEwNDY1OC5qcGciLCJzbGlkZXNob3ciOiI4NDg4OWZkIn0%3D\" href='https:\/\/zsps.poznan.pl\/wp-content\/uploads\/2023\/12\/20231017_104658.jpg'><img decoding=\"async\" width=\"150\" height=\"150\" src=\"https:\/\/zsps.poznan.pl\/wp-content\/uploads\/2023\/12\/20231017_104658-150x150.jpg\" class=\"attachment-thumbnail size-thumbnail\" alt=\"\" srcset=\"https:\/\/zsps.poznan.pl\/wp-content\/uploads\/2023\/12\/20231017_104658-150x150.jpg 150w, https:\/\/zsps.poznan.pl\/wp-content\/uploads\/2023\/12\/20231017_104658-230x230.jpg 230w, https:\/\/zsps.poznan.pl\/wp-content\/uploads\/2023\/12\/20231017_104658-365x365.jpg 365w\" sizes=\"(max-width: 150px) 100vw, 150px\" \/><\/a>\n\t\t\t<\/div><\/figure><figure class='gallery-item'>\n\t\t\t<div class='gallery-icon portrait'>\n\t\t\t\t<a data-elementor-open-lightbox=\"yes\" data-elementor-lightbox-slideshow=\"84889fd\" data-e-action-hash=\"#elementor-action%3Aaction%3Dlightbox%26settings%3DeyJpZCI6MTE3NDgsInVybCI6Imh0dHBzOlwvXC96c3BzLnBvem5hbi5wbFwvd3AtY29udGVudFwvdXBsb2Fkc1wvMjAyM1wvMTJcLzIwMjMxMDE3XzExMDUyNC5qcGciLCJzbGlkZXNob3ciOiI4NDg4OWZkIn0%3D\" href='https:\/\/zsps.poznan.pl\/wp-content\/uploads\/2023\/12\/20231017_110524.jpg'><img loading=\"lazy\" decoding=\"async\" width=\"150\" height=\"150\" src=\"https:\/\/zsps.poznan.pl\/wp-content\/uploads\/2023\/12\/20231017_110524-150x150.jpg\" class=\"attachment-thumbnail size-thumbnail\" alt=\"\" srcset=\"https:\/\/zsps.poznan.pl\/wp-content\/uploads\/2023\/12\/20231017_110524-150x150.jpg 150w, https:\/\/zsps.poznan.pl\/wp-content\/uploads\/2023\/12\/20231017_110524-230x230.jpg 230w, https:\/\/zsps.poznan.pl\/wp-content\/uploads\/2023\/12\/20231017_110524-365x365.jpg 365w\" sizes=\"(max-width: 150px) 100vw, 150px\" \/><\/a>\n\t\t\t<\/div><\/figure><figure class='gallery-item'>\n\t\t\t<div class='gallery-icon landscape'>\n\t\t\t\t<a data-elementor-open-lightbox=\"yes\" data-elementor-lightbox-slideshow=\"84889fd\" data-e-action-hash=\"#elementor-action%3Aaction%3Dlightbox%26settings%3DeyJpZCI6MTE3NDksInVybCI6Imh0dHBzOlwvXC96c3BzLnBvem5hbi5wbFwvd3AtY29udGVudFwvdXBsb2Fkc1wvMjAyM1wvMTJcLzIwMjMxMDE3XzEwNDY0OC5qcGciLCJzbGlkZXNob3ciOiI4NDg4OWZkIn0%3D\" href='https:\/\/zsps.poznan.pl\/wp-content\/uploads\/2023\/12\/20231017_104648.jpg'><img loading=\"lazy\" decoding=\"async\" width=\"150\" height=\"150\" src=\"https:\/\/zsps.poznan.pl\/wp-content\/uploads\/2023\/12\/20231017_104648-150x150.jpg\" class=\"attachment-thumbnail size-thumbnail\" alt=\"\" srcset=\"https:\/\/zsps.poznan.pl\/wp-content\/uploads\/2023\/12\/20231017_104648-150x150.jpg 150w, https:\/\/zsps.poznan.pl\/wp-content\/uploads\/2023\/12\/20231017_104648-230x230.jpg 230w, https:\/\/zsps.poznan.pl\/wp-content\/uploads\/2023\/12\/20231017_104648-365x365.jpg 365w\" sizes=\"(max-width: 150px) 100vw, 150px\" \/><\/a>\n\t\t\t<\/div><\/figure><figure class='gallery-item'>\n\t\t\t<div class='gallery-icon landscape'>\n\t\t\t\t<a data-elementor-open-lightbox=\"yes\" data-elementor-lightbox-slideshow=\"84889fd\" data-e-action-hash=\"#elementor-action%3Aaction%3Dlightbox%26settings%3DeyJpZCI6MTE3NTAsInVybCI6Imh0dHBzOlwvXC96c3BzLnBvem5hbi5wbFwvd3AtY29udGVudFwvdXBsb2Fkc1wvMjAyM1wvMTJcLzIwMjMxMDE3XzEwNDY1MC5qcGciLCJzbGlkZXNob3ciOiI4NDg4OWZkIn0%3D\" href='https:\/\/zsps.poznan.pl\/wp-content\/uploads\/2023\/12\/20231017_104650.jpg'><img loading=\"lazy\" decoding=\"async\" width=\"150\" height=\"150\" src=\"https:\/\/zsps.poznan.pl\/wp-content\/uploads\/2023\/12\/20231017_104650-150x150.jpg\" class=\"attachment-thumbnail size-thumbnail\" alt=\"\" srcset=\"https:\/\/zsps.poznan.pl\/wp-content\/uploads\/2023\/12\/20231017_104650-150x150.jpg 150w, https:\/\/zsps.poznan.pl\/wp-content\/uploads\/2023\/12\/20231017_104650-230x230.jpg 230w, https:\/\/zsps.poznan.pl\/wp-content\/uploads\/2023\/12\/20231017_104650-365x365.jpg 365w\" sizes=\"(max-width: 150px) 100vw, 150px\" \/><\/a>\n\t\t\t<\/div><\/figure><figure class='gallery-item'>\n\t\t\t<div class='gallery-icon landscape'>\n\t\t\t\t<a data-elementor-open-lightbox=\"yes\" data-elementor-lightbox-slideshow=\"84889fd\" data-e-action-hash=\"#elementor-action%3Aaction%3Dlightbox%26settings%3DeyJpZCI6MTE3NTEsInVybCI6Imh0dHBzOlwvXC96c3BzLnBvem5hbi5wbFwvd3AtY29udGVudFwvdXBsb2Fkc1wvMjAyM1wvMTJcLzIwMjMxMDE3XzEwMzYwMS5qcGciLCJzbGlkZXNob3ciOiI4NDg4OWZkIn0%3D\" href='https:\/\/zsps.poznan.pl\/wp-content\/uploads\/2023\/12\/20231017_103601.jpg'><img loading=\"lazy\" decoding=\"async\" width=\"150\" height=\"150\" src=\"https:\/\/zsps.poznan.pl\/wp-content\/uploads\/2023\/12\/20231017_103601-150x150.jpg\" class=\"attachment-thumbnail size-thumbnail\" alt=\"\" srcset=\"https:\/\/zsps.poznan.pl\/wp-content\/uploads\/2023\/12\/20231017_103601-150x150.jpg 150w, https:\/\/zsps.poznan.pl\/wp-content\/uploads\/2023\/12\/20231017_103601-230x230.jpg 230w, https:\/\/zsps.poznan.pl\/wp-content\/uploads\/2023\/12\/20231017_103601-365x365.jpg 365w\" sizes=\"(max-width: 150px) 100vw, 150px\" \/><\/a>\n\t\t\t<\/div><\/figure><figure class='gallery-item'>\n\t\t\t<div class='gallery-icon landscape'>\n\t\t\t\t<a data-elementor-open-lightbox=\"yes\" data-elementor-lightbox-slideshow=\"84889fd\" data-e-action-hash=\"#elementor-action%3Aaction%3Dlightbox%26settings%3DeyJpZCI6MTE3NTIsInVybCI6Imh0dHBzOlwvXC96c3BzLnBvem5hbi5wbFwvd3AtY29udGVudFwvdXBsb2Fkc1wvMjAyM1wvMTJcLzIwMjMxMDE3XzEwMzYxMi5qcGciLCJzbGlkZXNob3ciOiI4NDg4OWZkIn0%3D\" href='https:\/\/zsps.poznan.pl\/wp-content\/uploads\/2023\/12\/20231017_103612.jpg'><img loading=\"lazy\" decoding=\"async\" width=\"150\" height=\"150\" src=\"https:\/\/zsps.poznan.pl\/wp-content\/uploads\/2023\/12\/20231017_103612-150x150.jpg\" class=\"attachment-thumbnail size-thumbnail\" alt=\"\" srcset=\"https:\/\/zsps.poznan.pl\/wp-content\/uploads\/2023\/12\/20231017_103612-150x150.jpg 150w, https:\/\/zsps.poznan.pl\/wp-content\/uploads\/2023\/12\/20231017_103612-230x230.jpg 230w, https:\/\/zsps.poznan.pl\/wp-content\/uploads\/2023\/12\/20231017_103612-365x365.jpg 365w\" sizes=\"(max-width: 150px) 100vw, 150px\" \/><\/a>\n\t\t\t<\/div><\/figure><figure class='gallery-item'>\n\t\t\t<div class='gallery-icon landscape'>\n\t\t\t\t<a data-elementor-open-lightbox=\"yes\" data-elementor-lightbox-slideshow=\"84889fd\" data-e-action-hash=\"#elementor-action%3Aaction%3Dlightbox%26settings%3DeyJpZCI6MTE3NTMsInVybCI6Imh0dHBzOlwvXC96c3BzLnBvem5hbi5wbFwvd3AtY29udGVudFwvdXBsb2Fkc1wvMjAyM1wvMTJcLzIwMjMxMDE3XzEwMzU1OC5qcGciLCJzbGlkZXNob3ciOiI4NDg4OWZkIn0%3D\" href='https:\/\/zsps.poznan.pl\/wp-content\/uploads\/2023\/12\/20231017_103558.jpg'><img loading=\"lazy\" decoding=\"async\" width=\"150\" height=\"150\" src=\"https:\/\/zsps.poznan.pl\/wp-content\/uploads\/2023\/12\/20231017_103558-150x150.jpg\" class=\"attachment-thumbnail size-thumbnail\" alt=\"\" srcset=\"https:\/\/zsps.poznan.pl\/wp-content\/uploads\/2023\/12\/20231017_103558-150x150.jpg 150w, https:\/\/zsps.poznan.pl\/wp-content\/uploads\/2023\/12\/20231017_103558-230x230.jpg 230w, https:\/\/zsps.poznan.pl\/wp-content\/uploads\/2023\/12\/20231017_103558-365x365.jpg 365w\" sizes=\"(max-width: 150px) 100vw, 150px\" \/><\/a>\n\t\t\t<\/div><\/figure>\n\t\t<\/div>\n\t\t<\/div>\n\t\t\t\t\t\t<\/div>\n\t\t\t\t<\/div>\n\t\t\t\t\t<\/div>\n\t\t<\/div>\n\t\t\t\t\t<\/div>\n\t\t<\/section>\n\t\t\t\t<\/div>\n\t\t","protected":false},"excerpt":{"rendered":"<p>Pan Micha\u0142 jest absolwentem naszej szko\u0142y. W dniu 17 pa\u017adziernika 2023r spotka\u0142 si\u0119 z m\u0142odzie\u017c\u0105, aby opowiedzie\u0107 o swojej bogatej \u015bcie\u017cce zawodowej. Pan Doroszkiewicz w latach 1997-2003 by\u0142 uczniem Zasadniczej Szko\u0142y Zawodowej oraz Technikum Technologii \u017bywno\u015bci. W 2002 zdoby\u0142 tytu\u0142<\/p>\n","protected":false},"author":7,"featured_media":0,"comment_status":"closed","ping_status":"closed","sticky":false,"template":"","format":"standard","meta":{"footnotes":""},"categories":[1],"tags":[],"class_list":["post-11744","post","type-post","status-publish","format-standard","hentry","category-aktualnosci"],"yoast_head":"<!-- This site is optimized with the Yoast SEO plugin v27.5 - https:\/\/yoast.com\/product\/yoast-seo-wordpress\/ -->\n<title>Mistrz \u015awiata w cukiernictwie Micha\u0142 Doroszkiewicz go\u015bci\u0142 w Zespole Szk\u00f3\u0142 Przemys\u0142u Spo\u017cywczego - ZESP\u00d3\u0141 SZK\u00d3\u0141 PRZEMYS\u0141U SPO\u017bYWCZEGO<\/title>\n<meta name=\"robots\" content=\"index, follow, max-snippet:-1, max-image-preview:large, max-video-preview:-1\" \/>\n<link rel=\"canonical\" href=\"https:\/\/zsps.poznan.pl\/index.php\/mistrz-swiata-w-cukiernictwie-michal-doroszkiewicz-goscil-w-zespole-szkol-przemyslu-spozywczego\/\" \/>\n<meta property=\"og:locale\" content=\"pl_PL\" \/>\n<meta property=\"og:type\" content=\"article\" \/>\n<meta property=\"og:title\" content=\"Mistrz \u015awiata w cukiernictwie Micha\u0142 Doroszkiewicz go\u015bci\u0142 w Zespole Szk\u00f3\u0142 Przemys\u0142u Spo\u017cywczego - ZESP\u00d3\u0141 SZK\u00d3\u0141 PRZEMYS\u0141U SPO\u017bYWCZEGO\" \/>\n<meta property=\"og:description\" content=\"Pan Micha\u0142 jest absolwentem naszej szko\u0142y. W dniu 17 pa\u017adziernika 2023r spotka\u0142 si\u0119 z m\u0142odzie\u017c\u0105, aby opowiedzie\u0107 o swojej bogatej \u015bcie\u017cce zawodowej. Pan Doroszkiewicz w latach 1997-2003 by\u0142 uczniem Zasadniczej Szko\u0142y Zawodowej oraz Technikum Technologii \u017bywno\u015bci. W 2002 zdoby\u0142 tytu\u0142\" \/>\n<meta property=\"og:url\" content=\"https:\/\/zsps.poznan.pl\/index.php\/mistrz-swiata-w-cukiernictwie-michal-doroszkiewicz-goscil-w-zespole-szkol-przemyslu-spozywczego\/\" \/>\n<meta property=\"og:site_name\" content=\"ZESP\u00d3\u0141 SZK\u00d3\u0141 PRZEMYS\u0141U SPO\u017bYWCZEGO\" \/>\n<meta property=\"article:publisher\" content=\"https:\/\/www.facebook.com\/zsps.poznan\" \/>\n<meta property=\"article:published_time\" content=\"2023-12-01T09:02:33+00:00\" \/>\n<meta property=\"article:modified_time\" content=\"2023-12-01T09:04:28+00:00\" \/>\n<meta property=\"og:image\" content=\"https:\/\/zsps.poznan.pl\/wp-content\/uploads\/2023\/12\/IMG-20231017-WA0000-150x150.jpg\" \/>\n<meta name=\"author\" content=\"barteckir\" \/>\n<meta name=\"twitter:card\" content=\"summary_large_image\" \/>\n<meta name=\"twitter:label1\" content=\"Napisane przez\" \/>\n\t<meta name=\"twitter:data1\" content=\"barteckir\" \/>\n\t<meta name=\"twitter:label2\" content=\"Szacowany czas czytania\" \/>\n\t<meta name=\"twitter:data2\" content=\"1 minuta\" \/>\n<script type=\"application\/ld+json\" class=\"yoast-schema-graph\">{\"@context\":\"https:\\\/\\\/schema.org\",\"@graph\":[{\"@type\":\"Article\",\"@id\":\"https:\\\/\\\/zsps.poznan.pl\\\/index.php\\\/mistrz-swiata-w-cukiernictwie-michal-doroszkiewicz-goscil-w-zespole-szkol-przemyslu-spozywczego\\\/#article\",\"isPartOf\":{\"@id\":\"https:\\\/\\\/zsps.poznan.pl\\\/index.php\\\/mistrz-swiata-w-cukiernictwie-michal-doroszkiewicz-goscil-w-zespole-szkol-przemyslu-spozywczego\\\/\"},\"author\":{\"name\":\"barteckir\",\"@id\":\"https:\\\/\\\/zsps.poznan.pl\\\/#\\\/schema\\\/person\\\/bd2786aff3d28d572ee3d08aa13cfba8\"},\"headline\":\"Mistrz \u015awiata w cukiernictwie Micha\u0142 Doroszkiewicz go\u015bci\u0142 w Zespole Szk\u00f3\u0142 Przemys\u0142u Spo\u017cywczego\",\"datePublished\":\"2023-12-01T09:02:33+00:00\",\"dateModified\":\"2023-12-01T09:04:28+00:00\",\"mainEntityOfPage\":{\"@id\":\"https:\\\/\\\/zsps.poznan.pl\\\/index.php\\\/mistrz-swiata-w-cukiernictwie-michal-doroszkiewicz-goscil-w-zespole-szkol-przemyslu-spozywczego\\\/\"},\"wordCount\":268,\"publisher\":{\"@id\":\"https:\\\/\\\/zsps.poznan.pl\\\/#organization\"},\"image\":{\"@id\":\"https:\\\/\\\/zsps.poznan.pl\\\/index.php\\\/mistrz-swiata-w-cukiernictwie-michal-doroszkiewicz-goscil-w-zespole-szkol-przemyslu-spozywczego\\\/#primaryimage\"},\"thumbnailUrl\":\"https:\\\/\\\/zsps.poznan.pl\\\/wp-content\\\/uploads\\\/2023\\\/12\\\/IMG-20231017-WA0000-150x150.jpg\",\"articleSection\":[\"Aktualno\u015bci\"],\"inLanguage\":\"pl-PL\"},{\"@type\":\"WebPage\",\"@id\":\"https:\\\/\\\/zsps.poznan.pl\\\/index.php\\\/mistrz-swiata-w-cukiernictwie-michal-doroszkiewicz-goscil-w-zespole-szkol-przemyslu-spozywczego\\\/\",\"url\":\"https:\\\/\\\/zsps.poznan.pl\\\/index.php\\\/mistrz-swiata-w-cukiernictwie-michal-doroszkiewicz-goscil-w-zespole-szkol-przemyslu-spozywczego\\\/\",\"name\":\"Mistrz \u015awiata w cukiernictwie Micha\u0142 Doroszkiewicz go\u015bci\u0142 w Zespole Szk\u00f3\u0142 Przemys\u0142u Spo\u017cywczego - ZESP\u00d3\u0141 SZK\u00d3\u0141 PRZEMYS\u0141U SPO\u017bYWCZEGO\",\"isPartOf\":{\"@id\":\"https:\\\/\\\/zsps.poznan.pl\\\/#website\"},\"primaryImageOfPage\":{\"@id\":\"https:\\\/\\\/zsps.poznan.pl\\\/index.php\\\/mistrz-swiata-w-cukiernictwie-michal-doroszkiewicz-goscil-w-zespole-szkol-przemyslu-spozywczego\\\/#primaryimage\"},\"image\":{\"@id\":\"https:\\\/\\\/zsps.poznan.pl\\\/index.php\\\/mistrz-swiata-w-cukiernictwie-michal-doroszkiewicz-goscil-w-zespole-szkol-przemyslu-spozywczego\\\/#primaryimage\"},\"thumbnailUrl\":\"https:\\\/\\\/zsps.poznan.pl\\\/wp-content\\\/uploads\\\/2023\\\/12\\\/IMG-20231017-WA0000-150x150.jpg\",\"datePublished\":\"2023-12-01T09:02:33+00:00\",\"dateModified\":\"2023-12-01T09:04:28+00:00\",\"breadcrumb\":{\"@id\":\"https:\\\/\\\/zsps.poznan.pl\\\/index.php\\\/mistrz-swiata-w-cukiernictwie-michal-doroszkiewicz-goscil-w-zespole-szkol-przemyslu-spozywczego\\\/#breadcrumb\"},\"inLanguage\":\"pl-PL\",\"potentialAction\":[{\"@type\":\"ReadAction\",\"target\":[\"https:\\\/\\\/zsps.poznan.pl\\\/index.php\\\/mistrz-swiata-w-cukiernictwie-michal-doroszkiewicz-goscil-w-zespole-szkol-przemyslu-spozywczego\\\/\"]}]},{\"@type\":\"ImageObject\",\"inLanguage\":\"pl-PL\",\"@id\":\"https:\\\/\\\/zsps.poznan.pl\\\/index.php\\\/mistrz-swiata-w-cukiernictwie-michal-doroszkiewicz-goscil-w-zespole-szkol-przemyslu-spozywczego\\\/#primaryimage\",\"url\":\"https:\\\/\\\/zsps.poznan.pl\\\/wp-content\\\/uploads\\\/2023\\\/12\\\/IMG-20231017-WA0000.jpg\",\"contentUrl\":\"https:\\\/\\\/zsps.poznan.pl\\\/wp-content\\\/uploads\\\/2023\\\/12\\\/IMG-20231017-WA0000.jpg\",\"width\":1600,\"height\":902},{\"@type\":\"BreadcrumbList\",\"@id\":\"https:\\\/\\\/zsps.poznan.pl\\\/index.php\\\/mistrz-swiata-w-cukiernictwie-michal-doroszkiewicz-goscil-w-zespole-szkol-przemyslu-spozywczego\\\/#breadcrumb\",\"itemListElement\":[{\"@type\":\"ListItem\",\"position\":1,\"name\":\"Strona g\u0142\u00f3wna\",\"item\":\"https:\\\/\\\/zsps.poznan.pl\\\/\"},{\"@type\":\"ListItem\",\"position\":2,\"name\":\"Mistrz \u015awiata w cukiernictwie Micha\u0142 Doroszkiewicz go\u015bci\u0142 w Zespole Szk\u00f3\u0142 Przemys\u0142u Spo\u017cywczego\"}]},{\"@type\":\"WebSite\",\"@id\":\"https:\\\/\\\/zsps.poznan.pl\\\/#website\",\"url\":\"https:\\\/\\\/zsps.poznan.pl\\\/\",\"name\":\"ZESP\u00d3\u0141 SZK\u00d3\u0141 PRZEMYS\u0141U SPO\u017bYWCZEGO\",\"description\":\"im. J. J. \u015aniadeckich w Poznaniu\",\"publisher\":{\"@id\":\"https:\\\/\\\/zsps.poznan.pl\\\/#organization\"},\"potentialAction\":[{\"@type\":\"SearchAction\",\"target\":{\"@type\":\"EntryPoint\",\"urlTemplate\":\"https:\\\/\\\/zsps.poznan.pl\\\/?s={search_term_string}\"},\"query-input\":{\"@type\":\"PropertyValueSpecification\",\"valueRequired\":true,\"valueName\":\"search_term_string\"}}],\"inLanguage\":\"pl-PL\"},{\"@type\":\"Organization\",\"@id\":\"https:\\\/\\\/zsps.poznan.pl\\\/#organization\",\"name\":\"Zesp\u00f3\u0142 Szk\u00f3\u0142 Przemys\u0142u Spo\u017cywczego\",\"url\":\"https:\\\/\\\/zsps.poznan.pl\\\/\",\"logo\":{\"@type\":\"ImageObject\",\"inLanguage\":\"pl-PL\",\"@id\":\"https:\\\/\\\/zsps.poznan.pl\\\/#\\\/schema\\\/logo\\\/image\\\/\",\"url\":\"\",\"contentUrl\":\"\",\"caption\":\"Zesp\u00f3\u0142 Szk\u00f3\u0142 Przemys\u0142u Spo\u017cywczego\"},\"image\":{\"@id\":\"https:\\\/\\\/zsps.poznan.pl\\\/#\\\/schema\\\/logo\\\/image\\\/\"},\"sameAs\":[\"https:\\\/\\\/www.facebook.com\\\/zsps.poznan\"]},{\"@type\":\"Person\",\"@id\":\"https:\\\/\\\/zsps.poznan.pl\\\/#\\\/schema\\\/person\\\/bd2786aff3d28d572ee3d08aa13cfba8\",\"name\":\"barteckir\",\"image\":{\"@type\":\"ImageObject\",\"inLanguage\":\"pl-PL\",\"@id\":\"https:\\\/\\\/secure.gravatar.com\\\/avatar\\\/467135196b1d7899a43486e26008f7675b9e000444ef035aa409397837c4cfd8?s=96&d=retro&r=g\",\"url\":\"https:\\\/\\\/secure.gravatar.com\\\/avatar\\\/467135196b1d7899a43486e26008f7675b9e000444ef035aa409397837c4cfd8?s=96&d=retro&r=g\",\"contentUrl\":\"https:\\\/\\\/secure.gravatar.com\\\/avatar\\\/467135196b1d7899a43486e26008f7675b9e000444ef035aa409397837c4cfd8?s=96&d=retro&r=g\",\"caption\":\"barteckir\"}}]}<\/script>\n<!-- \/ Yoast SEO plugin. -->","yoast_head_json":{"title":"Mistrz \u015awiata w cukiernictwie Micha\u0142 Doroszkiewicz go\u015bci\u0142 w Zespole Szk\u00f3\u0142 Przemys\u0142u Spo\u017cywczego - ZESP\u00d3\u0141 SZK\u00d3\u0141 PRZEMYS\u0141U SPO\u017bYWCZEGO","robots":{"index":"index","follow":"follow","max-snippet":"max-snippet:-1","max-image-preview":"max-image-preview:large","max-video-preview":"max-video-preview:-1"},"canonical":"https:\/\/zsps.poznan.pl\/index.php\/mistrz-swiata-w-cukiernictwie-michal-doroszkiewicz-goscil-w-zespole-szkol-przemyslu-spozywczego\/","og_locale":"pl_PL","og_type":"article","og_title":"Mistrz \u015awiata w cukiernictwie Micha\u0142 Doroszkiewicz go\u015bci\u0142 w Zespole Szk\u00f3\u0142 Przemys\u0142u Spo\u017cywczego - ZESP\u00d3\u0141 SZK\u00d3\u0141 PRZEMYS\u0141U SPO\u017bYWCZEGO","og_description":"Pan Micha\u0142 jest absolwentem naszej szko\u0142y. W dniu 17 pa\u017adziernika 2023r spotka\u0142 si\u0119 z m\u0142odzie\u017c\u0105, aby opowiedzie\u0107 o swojej bogatej \u015bcie\u017cce zawodowej. Pan Doroszkiewicz w latach 1997-2003 by\u0142 uczniem Zasadniczej Szko\u0142y Zawodowej oraz Technikum Technologii \u017bywno\u015bci. W 2002 zdoby\u0142 tytu\u0142","og_url":"https:\/\/zsps.poznan.pl\/index.php\/mistrz-swiata-w-cukiernictwie-michal-doroszkiewicz-goscil-w-zespole-szkol-przemyslu-spozywczego\/","og_site_name":"ZESP\u00d3\u0141 SZK\u00d3\u0141 PRZEMYS\u0141U SPO\u017bYWCZEGO","article_publisher":"https:\/\/www.facebook.com\/zsps.poznan","article_published_time":"2023-12-01T09:02:33+00:00","article_modified_time":"2023-12-01T09:04:28+00:00","og_image":[{"url":"https:\/\/zsps.poznan.pl\/wp-content\/uploads\/2023\/12\/IMG-20231017-WA0000-150x150.jpg","type":"","width":"","height":""}],"author":"barteckir","twitter_card":"summary_large_image","twitter_misc":{"Napisane przez":"barteckir","Szacowany czas czytania":"1 minuta"},"schema":{"@context":"https:\/\/schema.org","@graph":[{"@type":"Article","@id":"https:\/\/zsps.poznan.pl\/index.php\/mistrz-swiata-w-cukiernictwie-michal-doroszkiewicz-goscil-w-zespole-szkol-przemyslu-spozywczego\/#article","isPartOf":{"@id":"https:\/\/zsps.poznan.pl\/index.php\/mistrz-swiata-w-cukiernictwie-michal-doroszkiewicz-goscil-w-zespole-szkol-przemyslu-spozywczego\/"},"author":{"name":"barteckir","@id":"https:\/\/zsps.poznan.pl\/#\/schema\/person\/bd2786aff3d28d572ee3d08aa13cfba8"},"headline":"Mistrz \u015awiata w cukiernictwie Micha\u0142 Doroszkiewicz go\u015bci\u0142 w Zespole Szk\u00f3\u0142 Przemys\u0142u Spo\u017cywczego","datePublished":"2023-12-01T09:02:33+00:00","dateModified":"2023-12-01T09:04:28+00:00","mainEntityOfPage":{"@id":"https:\/\/zsps.poznan.pl\/index.php\/mistrz-swiata-w-cukiernictwie-michal-doroszkiewicz-goscil-w-zespole-szkol-przemyslu-spozywczego\/"},"wordCount":268,"publisher":{"@id":"https:\/\/zsps.poznan.pl\/#organization"},"image":{"@id":"https:\/\/zsps.poznan.pl\/index.php\/mistrz-swiata-w-cukiernictwie-michal-doroszkiewicz-goscil-w-zespole-szkol-przemyslu-spozywczego\/#primaryimage"},"thumbnailUrl":"https:\/\/zsps.poznan.pl\/wp-content\/uploads\/2023\/12\/IMG-20231017-WA0000-150x150.jpg","articleSection":["Aktualno\u015bci"],"inLanguage":"pl-PL"},{"@type":"WebPage","@id":"https:\/\/zsps.poznan.pl\/index.php\/mistrz-swiata-w-cukiernictwie-michal-doroszkiewicz-goscil-w-zespole-szkol-przemyslu-spozywczego\/","url":"https:\/\/zsps.poznan.pl\/index.php\/mistrz-swiata-w-cukiernictwie-michal-doroszkiewicz-goscil-w-zespole-szkol-przemyslu-spozywczego\/","name":"Mistrz \u015awiata w cukiernictwie Micha\u0142 Doroszkiewicz go\u015bci\u0142 w Zespole Szk\u00f3\u0142 Przemys\u0142u Spo\u017cywczego - ZESP\u00d3\u0141 SZK\u00d3\u0141 PRZEMYS\u0141U SPO\u017bYWCZEGO","isPartOf":{"@id":"https:\/\/zsps.poznan.pl\/#website"},"primaryImageOfPage":{"@id":"https:\/\/zsps.poznan.pl\/index.php\/mistrz-swiata-w-cukiernictwie-michal-doroszkiewicz-goscil-w-zespole-szkol-przemyslu-spozywczego\/#primaryimage"},"image":{"@id":"https:\/\/zsps.poznan.pl\/index.php\/mistrz-swiata-w-cukiernictwie-michal-doroszkiewicz-goscil-w-zespole-szkol-przemyslu-spozywczego\/#primaryimage"},"thumbnailUrl":"https:\/\/zsps.poznan.pl\/wp-content\/uploads\/2023\/12\/IMG-20231017-WA0000-150x150.jpg","datePublished":"2023-12-01T09:02:33+00:00","dateModified":"2023-12-01T09:04:28+00:00","breadcrumb":{"@id":"https:\/\/zsps.poznan.pl\/index.php\/mistrz-swiata-w-cukiernictwie-michal-doroszkiewicz-goscil-w-zespole-szkol-przemyslu-spozywczego\/#breadcrumb"},"inLanguage":"pl-PL","potentialAction":[{"@type":"ReadAction","target":["https:\/\/zsps.poznan.pl\/index.php\/mistrz-swiata-w-cukiernictwie-michal-doroszkiewicz-goscil-w-zespole-szkol-przemyslu-spozywczego\/"]}]},{"@type":"ImageObject","inLanguage":"pl-PL","@id":"https:\/\/zsps.poznan.pl\/index.php\/mistrz-swiata-w-cukiernictwie-michal-doroszkiewicz-goscil-w-zespole-szkol-przemyslu-spozywczego\/#primaryimage","url":"https:\/\/zsps.poznan.pl\/wp-content\/uploads\/2023\/12\/IMG-20231017-WA0000.jpg","contentUrl":"https:\/\/zsps.poznan.pl\/wp-content\/uploads\/2023\/12\/IMG-20231017-WA0000.jpg","width":1600,"height":902},{"@type":"BreadcrumbList","@id":"https:\/\/zsps.poznan.pl\/index.php\/mistrz-swiata-w-cukiernictwie-michal-doroszkiewicz-goscil-w-zespole-szkol-przemyslu-spozywczego\/#breadcrumb","itemListElement":[{"@type":"ListItem","position":1,"name":"Strona g\u0142\u00f3wna","item":"https:\/\/zsps.poznan.pl\/"},{"@type":"ListItem","position":2,"name":"Mistrz \u015awiata w cukiernictwie Micha\u0142 Doroszkiewicz go\u015bci\u0142 w Zespole Szk\u00f3\u0142 Przemys\u0142u Spo\u017cywczego"}]},{"@type":"WebSite","@id":"https:\/\/zsps.poznan.pl\/#website","url":"https:\/\/zsps.poznan.pl\/","name":"ZESP\u00d3\u0141 SZK\u00d3\u0141 PRZEMYS\u0141U SPO\u017bYWCZEGO","description":"im. J. J. \u015aniadeckich w Poznaniu","publisher":{"@id":"https:\/\/zsps.poznan.pl\/#organization"},"potentialAction":[{"@type":"SearchAction","target":{"@type":"EntryPoint","urlTemplate":"https:\/\/zsps.poznan.pl\/?s={search_term_string}"},"query-input":{"@type":"PropertyValueSpecification","valueRequired":true,"valueName":"search_term_string"}}],"inLanguage":"pl-PL"},{"@type":"Organization","@id":"https:\/\/zsps.poznan.pl\/#organization","name":"Zesp\u00f3\u0142 Szk\u00f3\u0142 Przemys\u0142u Spo\u017cywczego","url":"https:\/\/zsps.poznan.pl\/","logo":{"@type":"ImageObject","inLanguage":"pl-PL","@id":"https:\/\/zsps.poznan.pl\/#\/schema\/logo\/image\/","url":"","contentUrl":"","caption":"Zesp\u00f3\u0142 Szk\u00f3\u0142 Przemys\u0142u Spo\u017cywczego"},"image":{"@id":"https:\/\/zsps.poznan.pl\/#\/schema\/logo\/image\/"},"sameAs":["https:\/\/www.facebook.com\/zsps.poznan"]},{"@type":"Person","@id":"https:\/\/zsps.poznan.pl\/#\/schema\/person\/bd2786aff3d28d572ee3d08aa13cfba8","name":"barteckir","image":{"@type":"ImageObject","inLanguage":"pl-PL","@id":"https:\/\/secure.gravatar.com\/avatar\/467135196b1d7899a43486e26008f7675b9e000444ef035aa409397837c4cfd8?s=96&d=retro&r=g","url":"https:\/\/secure.gravatar.com\/avatar\/467135196b1d7899a43486e26008f7675b9e000444ef035aa409397837c4cfd8?s=96&d=retro&r=g","contentUrl":"https:\/\/secure.gravatar.com\/avatar\/467135196b1d7899a43486e26008f7675b9e000444ef035aa409397837c4cfd8?s=96&d=retro&r=g","caption":"barteckir"}}]}},"_links":{"self":[{"href":"https:\/\/zsps.poznan.pl\/index.php\/wp-json\/wp\/v2\/posts\/11744","targetHints":{"allow":["GET"]}}],"collection":[{"href":"https:\/\/zsps.poznan.pl\/index.php\/wp-json\/wp\/v2\/posts"}],"about":[{"href":"https:\/\/zsps.poznan.pl\/index.php\/wp-json\/wp\/v2\/types\/post"}],"author":[{"embeddable":true,"href":"https:\/\/zsps.poznan.pl\/index.php\/wp-json\/wp\/v2\/users\/7"}],"replies":[{"embeddable":true,"href":"https:\/\/zsps.poznan.pl\/index.php\/wp-json\/wp\/v2\/comments?post=11744"}],"version-history":[{"count":3,"href":"https:\/\/zsps.poznan.pl\/index.php\/wp-json\/wp\/v2\/posts\/11744\/revisions"}],"predecessor-version":[{"id":11756,"href":"https:\/\/zsps.poznan.pl\/index.php\/wp-json\/wp\/v2\/posts\/11744\/revisions\/11756"}],"wp:attachment":[{"href":"https:\/\/zsps.poznan.pl\/index.php\/wp-json\/wp\/v2\/media?parent=11744"}],"wp:term":[{"taxonomy":"category","embeddable":true,"href":"https:\/\/zsps.poznan.pl\/index.php\/wp-json\/wp\/v2\/categories?post=11744"},{"taxonomy":"post_tag","embeddable":true,"href":"https:\/\/zsps.poznan.pl\/index.php\/wp-json\/wp\/v2\/tags?post=11744"}],"curies":[{"name":"wp","href":"https:\/\/api.w.org\/{rel}","templated":true}]}}