{"id":11809,"date":"2023-12-05T08:51:16","date_gmt":"2023-12-05T07:51:16","guid":{"rendered":"https:\/\/zsps.poznan.pl\/?p=11809"},"modified":"2023-12-05T08:52:42","modified_gmt":"2023-12-05T07:52:42","slug":"ogolnopolski-konkurs-gastronomiczny-kukurydziane-inspiracje-serock-2023","status":"publish","type":"post","link":"https:\/\/zsps.poznan.pl\/index.php\/ogolnopolski-konkurs-gastronomiczny-kukurydziane-inspiracje-serock-2023\/","title":{"rendered":"Og\u00f3lnopolski konkurs gastronomiczny \u201eKukurydziane inspiracje\u201d- Serock 2023"},"content":{"rendered":"\t\t<div data-elementor-type=\"wp-post\" data-elementor-id=\"11809\" class=\"elementor elementor-11809\">\n\t\t\t\t\t\t<section class=\"elementor-section elementor-top-section elementor-element elementor-element-999987c elementor-section-boxed elementor-section-height-default elementor-section-height-default\" data-id=\"999987c\" data-element_type=\"section\" data-e-type=\"section\">\n\t\t\t\t\t\t<div class=\"elementor-container elementor-column-gap-default\">\n\t\t\t\t\t<div class=\"elementor-column elementor-col-100 elementor-top-column elementor-element elementor-element-f5af104\" data-id=\"f5af104\" data-element_type=\"column\" data-e-type=\"column\">\n\t\t\t<div class=\"elementor-widget-wrap elementor-element-populated\">\n\t\t\t\t\t\t<div class=\"elementor-element elementor-element-8373cdd elementor-widget elementor-widget-text-editor\" data-id=\"8373cdd\" data-element_type=\"widget\" data-e-type=\"widget\" data-widget_type=\"text-editor.default\">\n\t\t\t\t<div class=\"elementor-widget-container\">\n\t\t\t\t\t\t\t\t\t<p>W pa\u017adzierniku, w Poznaniu, \u00a0odby\u0142 si\u0119 p\u00f3\u0142fina\u0142 Og\u00f3lnopolskiego Konkursu Kulinarnego promuj\u0105cego spo\u017cycie kukurydzy pt.: \u201eKukurydziane inspiracje.\u201d\ud83c\udf7f\ud83c\udf7f\ud83c\udf7f\u00a0 W p\u00f3\u0142finale nasz zesp\u00f3\u0142 zdoby\u0142 II miejsce i dosta\u0142 si\u0119 do \u015bcis\u0142ego fina\u0142u\u203c\ufe0fMieli\u015bmy miesi\u0105c na dopracowanie naszej potrawy a by\u0142 to : \u201eFilet z kurczaka supreme z polent\u0105, emulsj\u0105 z kukurydzy, puree z popcornu oraz go\u0142\u0105bkiem chorizo\u201d \ud83d\udcaa 30 listopada 2023r. w Serocku odby\u0142 si\u0119 fina\u0142 \u00a0\u201eKukurydzianych inspiracji\u201d w kt\u00f3rych udzia\u0142 wzi\u0119li uczniowie klas 2KA Alan J\u00f3zefiak i 2KB Dominika Molenda, \u00a0pod opiek\u0105 pani Joanny Mormol i wsparciu p. Karoliny Miko\u0142ajczyk &#8211; Nieckarz.\u00a0 Poziom konkursu by\u0142 bardzo wysoki, jednak nasza potrawa i umiej\u0119tno\u015bci naszych uczni\u00f3w pozwoli\u0142y nam wygra\u0107 konkurs i zaj\u0105\u0107 I miejsce\ud83e\udd47\ud83c\udfc6 Jeste\u015bmy dumni z naszych zdolnych uczni\u00f3w\u203c\ufe0f\ud83d\udcaa\ud83d\udc4c\ud83c\udffb Bardzo dzi\u0119kujemy szefowi kuchni \ud83d\udc68\u200d\ud83c\udf73Garden City &#8211; Tomaszowi Zdrence oraz Dominikowi Powsta\u0144skiemu \ud83d\udc68\u200d\ud83c\udf73za przygotowanie uczni\u00f3w do konkursu na tak wysokim poziomie. Ca\u0142ej dru\u017cynie gratulujemy sukcesu i otrzymanej nagrody\ud83d\udc4f\ud83d\udc4f\ud83d\udc4f<\/p>\t\t\t\t\t\t\t\t<\/div>\n\t\t\t\t<\/div>\n\t\t\t\t\t<\/div>\n\t\t<\/div>\n\t\t\t\t\t<\/div>\n\t\t<\/section>\n\t\t\t\t<section class=\"elementor-section elementor-top-section elementor-element elementor-element-ba6f359 elementor-section-boxed elementor-section-height-default elementor-section-height-default\" data-id=\"ba6f359\" data-element_type=\"section\" data-e-type=\"section\">\n\t\t\t\t\t\t<div class=\"elementor-container elementor-column-gap-default\">\n\t\t\t\t\t<div class=\"elementor-column elementor-col-100 elementor-top-column elementor-element elementor-element-6fea04a\" data-id=\"6fea04a\" data-element_type=\"column\" data-e-type=\"column\">\n\t\t\t<div class=\"elementor-widget-wrap elementor-element-populated\">\n\t\t\t\t\t\t<div class=\"elementor-element elementor-element-572d530 elementor-widget elementor-widget-image-gallery\" data-id=\"572d530\" data-element_type=\"widget\" data-e-type=\"widget\" data-widget_type=\"image-gallery.default\">\n\t\t\t\t<div class=\"elementor-widget-container\">\n\t\t\t\t\t\t\t<div class=\"elementor-image-gallery\">\n\t\t\t<div id='gallery-1' class='gallery galleryid-11809 gallery-columns-6 gallery-size-thumbnail'><figure class='gallery-item'>\n\t\t\t<div class='gallery-icon portrait'>\n\t\t\t\t<a data-elementor-open-lightbox=\"yes\" data-elementor-lightbox-slideshow=\"572d530\" data-e-action-hash=\"#elementor-action%3Aaction%3Dlightbox%26settings%3DeyJpZCI6MTE4MTAsInVybCI6Imh0dHBzOlwvXC96c3BzLnBvem5hbi5wbFwvd3AtY29udGVudFwvdXBsb2Fkc1wvMjAyM1wvMTJcL0lNR18zMTQ4LTEuanBlZyIsInNsaWRlc2hvdyI6IjU3MmQ1MzAifQ%3D%3D\" href='https:\/\/zsps.poznan.pl\/wp-content\/uploads\/2023\/12\/IMG_3148-1.jpeg'><img decoding=\"async\" width=\"150\" height=\"150\" src=\"https:\/\/zsps.poznan.pl\/wp-content\/uploads\/2023\/12\/IMG_3148-1-150x150.jpeg\" class=\"attachment-thumbnail size-thumbnail\" alt=\"\" srcset=\"https:\/\/zsps.poznan.pl\/wp-content\/uploads\/2023\/12\/IMG_3148-1-150x150.jpeg 150w, https:\/\/zsps.poznan.pl\/wp-content\/uploads\/2023\/12\/IMG_3148-1-230x230.jpeg 230w, https:\/\/zsps.poznan.pl\/wp-content\/uploads\/2023\/12\/IMG_3148-1-365x365.jpeg 365w\" sizes=\"(max-width: 150px) 100vw, 150px\" \/><\/a>\n\t\t\t<\/div><\/figure><figure class='gallery-item'>\n\t\t\t<div class='gallery-icon landscape'>\n\t\t\t\t<a data-elementor-open-lightbox=\"yes\" data-elementor-lightbox-slideshow=\"572d530\" data-e-action-hash=\"#elementor-action%3Aaction%3Dlightbox%26settings%3DeyJpZCI6MTE4MTEsInVybCI6Imh0dHBzOlwvXC96c3BzLnBvem5hbi5wbFwvd3AtY29udGVudFwvdXBsb2Fkc1wvMjAyM1wvMTJcL0lNR18zMTMzLTEuanBlZyIsInNsaWRlc2hvdyI6IjU3MmQ1MzAifQ%3D%3D\" href='https:\/\/zsps.poznan.pl\/wp-content\/uploads\/2023\/12\/IMG_3133-1.jpeg'><img decoding=\"async\" width=\"150\" height=\"150\" src=\"https:\/\/zsps.poznan.pl\/wp-content\/uploads\/2023\/12\/IMG_3133-1-150x150.jpeg\" class=\"attachment-thumbnail size-thumbnail\" alt=\"\" srcset=\"https:\/\/zsps.poznan.pl\/wp-content\/uploads\/2023\/12\/IMG_3133-1-150x150.jpeg 150w, https:\/\/zsps.poznan.pl\/wp-content\/uploads\/2023\/12\/IMG_3133-1-230x230.jpeg 230w, https:\/\/zsps.poznan.pl\/wp-content\/uploads\/2023\/12\/IMG_3133-1-365x365.jpeg 365w\" sizes=\"(max-width: 150px) 100vw, 150px\" \/><\/a>\n\t\t\t<\/div><\/figure><figure class='gallery-item'>\n\t\t\t<div class='gallery-icon landscape'>\n\t\t\t\t<a data-elementor-open-lightbox=\"yes\" data-elementor-lightbox-slideshow=\"572d530\" data-e-action-hash=\"#elementor-action%3Aaction%3Dlightbox%26settings%3DeyJpZCI6MTE4MTIsInVybCI6Imh0dHBzOlwvXC96c3BzLnBvem5hbi5wbFwvd3AtY29udGVudFwvdXBsb2Fkc1wvMjAyM1wvMTJcL0lNR18zMTQwLTEuanBlZyIsInNsaWRlc2hvdyI6IjU3MmQ1MzAifQ%3D%3D\" href='https:\/\/zsps.poznan.pl\/wp-content\/uploads\/2023\/12\/IMG_3140-1.jpeg'><img decoding=\"async\" width=\"150\" height=\"150\" src=\"https:\/\/zsps.poznan.pl\/wp-content\/uploads\/2023\/12\/IMG_3140-1-150x150.jpeg\" class=\"attachment-thumbnail size-thumbnail\" alt=\"\" srcset=\"https:\/\/zsps.poznan.pl\/wp-content\/uploads\/2023\/12\/IMG_3140-1-150x150.jpeg 150w, https:\/\/zsps.poznan.pl\/wp-content\/uploads\/2023\/12\/IMG_3140-1-230x230.jpeg 230w, https:\/\/zsps.poznan.pl\/wp-content\/uploads\/2023\/12\/IMG_3140-1-365x365.jpeg 365w\" sizes=\"(max-width: 150px) 100vw, 150px\" \/><\/a>\n\t\t\t<\/div><\/figure><figure class='gallery-item'>\n\t\t\t<div class='gallery-icon landscape'>\n\t\t\t\t<a data-elementor-open-lightbox=\"yes\" data-elementor-lightbox-slideshow=\"572d530\" data-e-action-hash=\"#elementor-action%3Aaction%3Dlightbox%26settings%3DeyJpZCI6MTE4MTMsInVybCI6Imh0dHBzOlwvXC96c3BzLnBvem5hbi5wbFwvd3AtY29udGVudFwvdXBsb2Fkc1wvMjAyM1wvMTJcL0lNR18zMTIxLTEuanBlZyIsInNsaWRlc2hvdyI6IjU3MmQ1MzAifQ%3D%3D\" href='https:\/\/zsps.poznan.pl\/wp-content\/uploads\/2023\/12\/IMG_3121-1.jpeg'><img loading=\"lazy\" decoding=\"async\" width=\"150\" height=\"150\" src=\"https:\/\/zsps.poznan.pl\/wp-content\/uploads\/2023\/12\/IMG_3121-1-150x150.jpeg\" class=\"attachment-thumbnail size-thumbnail\" alt=\"\" srcset=\"https:\/\/zsps.poznan.pl\/wp-content\/uploads\/2023\/12\/IMG_3121-1-150x150.jpeg 150w, https:\/\/zsps.poznan.pl\/wp-content\/uploads\/2023\/12\/IMG_3121-1-230x230.jpeg 230w, https:\/\/zsps.poznan.pl\/wp-content\/uploads\/2023\/12\/IMG_3121-1-365x365.jpeg 365w\" sizes=\"(max-width: 150px) 100vw, 150px\" \/><\/a>\n\t\t\t<\/div><\/figure><figure class='gallery-item'>\n\t\t\t<div class='gallery-icon landscape'>\n\t\t\t\t<a data-elementor-open-lightbox=\"yes\" data-elementor-lightbox-slideshow=\"572d530\" data-e-action-hash=\"#elementor-action%3Aaction%3Dlightbox%26settings%3DeyJpZCI6MTE4MTQsInVybCI6Imh0dHBzOlwvXC96c3BzLnBvem5hbi5wbFwvd3AtY29udGVudFwvdXBsb2Fkc1wvMjAyM1wvMTJcL0lNR18zMTI3LTEuanBlZyIsInNsaWRlc2hvdyI6IjU3MmQ1MzAifQ%3D%3D\" href='https:\/\/zsps.poznan.pl\/wp-content\/uploads\/2023\/12\/IMG_3127-1.jpeg'><img loading=\"lazy\" decoding=\"async\" width=\"150\" height=\"150\" src=\"https:\/\/zsps.poznan.pl\/wp-content\/uploads\/2023\/12\/IMG_3127-1-150x150.jpeg\" class=\"attachment-thumbnail size-thumbnail\" alt=\"\" srcset=\"https:\/\/zsps.poznan.pl\/wp-content\/uploads\/2023\/12\/IMG_3127-1-150x150.jpeg 150w, https:\/\/zsps.poznan.pl\/wp-content\/uploads\/2023\/12\/IMG_3127-1-230x230.jpeg 230w, https:\/\/zsps.poznan.pl\/wp-content\/uploads\/2023\/12\/IMG_3127-1-365x365.jpeg 365w\" sizes=\"(max-width: 150px) 100vw, 150px\" \/><\/a>\n\t\t\t<\/div><\/figure><figure class='gallery-item'>\n\t\t\t<div class='gallery-icon landscape'>\n\t\t\t\t<a data-elementor-open-lightbox=\"yes\" data-elementor-lightbox-slideshow=\"572d530\" data-e-action-hash=\"#elementor-action%3Aaction%3Dlightbox%26settings%3DeyJpZCI6MTE4MTUsInVybCI6Imh0dHBzOlwvXC96c3BzLnBvem5hbi5wbFwvd3AtY29udGVudFwvdXBsb2Fkc1wvMjAyM1wvMTJcL0lNR18zMTExLTEuanBlZyIsInNsaWRlc2hvdyI6IjU3MmQ1MzAifQ%3D%3D\" href='https:\/\/zsps.poznan.pl\/wp-content\/uploads\/2023\/12\/IMG_3111-1.jpeg'><img loading=\"lazy\" decoding=\"async\" width=\"150\" height=\"150\" src=\"https:\/\/zsps.poznan.pl\/wp-content\/uploads\/2023\/12\/IMG_3111-1-150x150.jpeg\" class=\"attachment-thumbnail size-thumbnail\" alt=\"\" srcset=\"https:\/\/zsps.poznan.pl\/wp-content\/uploads\/2023\/12\/IMG_3111-1-150x150.jpeg 150w, https:\/\/zsps.poznan.pl\/wp-content\/uploads\/2023\/12\/IMG_3111-1-230x230.jpeg 230w, https:\/\/zsps.poznan.pl\/wp-content\/uploads\/2023\/12\/IMG_3111-1-365x365.jpeg 365w\" sizes=\"(max-width: 150px) 100vw, 150px\" \/><\/a>\n\t\t\t<\/div><\/figure><figure class='gallery-item'>\n\t\t\t<div class='gallery-icon landscape'>\n\t\t\t\t<a data-elementor-open-lightbox=\"yes\" data-elementor-lightbox-slideshow=\"572d530\" data-e-action-hash=\"#elementor-action%3Aaction%3Dlightbox%26settings%3DeyJpZCI6MTE4MTYsInVybCI6Imh0dHBzOlwvXC96c3BzLnBvem5hbi5wbFwvd3AtY29udGVudFwvdXBsb2Fkc1wvMjAyM1wvMTJcL0lNR18zMTE5LTEuanBlZyIsInNsaWRlc2hvdyI6IjU3MmQ1MzAifQ%3D%3D\" href='https:\/\/zsps.poznan.pl\/wp-content\/uploads\/2023\/12\/IMG_3119-1.jpeg'><img loading=\"lazy\" decoding=\"async\" width=\"150\" height=\"150\" src=\"https:\/\/zsps.poznan.pl\/wp-content\/uploads\/2023\/12\/IMG_3119-1-150x150.jpeg\" class=\"attachment-thumbnail size-thumbnail\" alt=\"\" srcset=\"https:\/\/zsps.poznan.pl\/wp-content\/uploads\/2023\/12\/IMG_3119-1-150x150.jpeg 150w, https:\/\/zsps.poznan.pl\/wp-content\/uploads\/2023\/12\/IMG_3119-1-230x230.jpeg 230w, https:\/\/zsps.poznan.pl\/wp-content\/uploads\/2023\/12\/IMG_3119-1-365x365.jpeg 365w\" sizes=\"(max-width: 150px) 100vw, 150px\" \/><\/a>\n\t\t\t<\/div><\/figure><figure class='gallery-item'>\n\t\t\t<div class='gallery-icon landscape'>\n\t\t\t\t<a data-elementor-open-lightbox=\"yes\" data-elementor-lightbox-slideshow=\"572d530\" data-e-action-hash=\"#elementor-action%3Aaction%3Dlightbox%26settings%3DeyJpZCI6MTE4MTcsInVybCI6Imh0dHBzOlwvXC96c3BzLnBvem5hbi5wbFwvd3AtY29udGVudFwvdXBsb2Fkc1wvMjAyM1wvMTJcL0lNR18zMDk2LTEuanBlZyIsInNsaWRlc2hvdyI6IjU3MmQ1MzAifQ%3D%3D\" href='https:\/\/zsps.poznan.pl\/wp-content\/uploads\/2023\/12\/IMG_3096-1.jpeg'><img loading=\"lazy\" decoding=\"async\" width=\"150\" height=\"150\" src=\"https:\/\/zsps.poznan.pl\/wp-content\/uploads\/2023\/12\/IMG_3096-1-150x150.jpeg\" class=\"attachment-thumbnail size-thumbnail\" alt=\"\" srcset=\"https:\/\/zsps.poznan.pl\/wp-content\/uploads\/2023\/12\/IMG_3096-1-150x150.jpeg 150w, https:\/\/zsps.poznan.pl\/wp-content\/uploads\/2023\/12\/IMG_3096-1-230x230.jpeg 230w, https:\/\/zsps.poznan.pl\/wp-content\/uploads\/2023\/12\/IMG_3096-1-365x365.jpeg 365w\" sizes=\"(max-width: 150px) 100vw, 150px\" \/><\/a>\n\t\t\t<\/div><\/figure><figure class='gallery-item'>\n\t\t\t<div class='gallery-icon portrait'>\n\t\t\t\t<a data-elementor-open-lightbox=\"yes\" data-elementor-lightbox-slideshow=\"572d530\" data-e-action-hash=\"#elementor-action%3Aaction%3Dlightbox%26settings%3DeyJpZCI6MTE4MTgsInVybCI6Imh0dHBzOlwvXC96c3BzLnBvem5hbi5wbFwvd3AtY29udGVudFwvdXBsb2Fkc1wvMjAyM1wvMTJcL0lNR18zMTA1LTEuanBlZyIsInNsaWRlc2hvdyI6IjU3MmQ1MzAifQ%3D%3D\" href='https:\/\/zsps.poznan.pl\/wp-content\/uploads\/2023\/12\/IMG_3105-1.jpeg'><img loading=\"lazy\" decoding=\"async\" width=\"150\" height=\"150\" src=\"https:\/\/zsps.poznan.pl\/wp-content\/uploads\/2023\/12\/IMG_3105-1-150x150.jpeg\" class=\"attachment-thumbnail size-thumbnail\" alt=\"\" srcset=\"https:\/\/zsps.poznan.pl\/wp-content\/uploads\/2023\/12\/IMG_3105-1-150x150.jpeg 150w, https:\/\/zsps.poznan.pl\/wp-content\/uploads\/2023\/12\/IMG_3105-1-230x230.jpeg 230w, https:\/\/zsps.poznan.pl\/wp-content\/uploads\/2023\/12\/IMG_3105-1-365x365.jpeg 365w\" sizes=\"(max-width: 150px) 100vw, 150px\" \/><\/a>\n\t\t\t<\/div><\/figure><figure class='gallery-item'>\n\t\t\t<div class='gallery-icon landscape'>\n\t\t\t\t<a data-elementor-open-lightbox=\"yes\" data-elementor-lightbox-slideshow=\"572d530\" data-e-action-hash=\"#elementor-action%3Aaction%3Dlightbox%26settings%3DeyJpZCI6MTE4MTksInVybCI6Imh0dHBzOlwvXC96c3BzLnBvem5hbi5wbFwvd3AtY29udGVudFwvdXBsb2Fkc1wvMjAyM1wvMTJcL0lNR18zMDkzLTEuanBlZyIsInNsaWRlc2hvdyI6IjU3MmQ1MzAifQ%3D%3D\" href='https:\/\/zsps.poznan.pl\/wp-content\/uploads\/2023\/12\/IMG_3093-1.jpeg'><img loading=\"lazy\" decoding=\"async\" width=\"150\" height=\"150\" src=\"https:\/\/zsps.poznan.pl\/wp-content\/uploads\/2023\/12\/IMG_3093-1-150x150.jpeg\" class=\"attachment-thumbnail size-thumbnail\" alt=\"\" srcset=\"https:\/\/zsps.poznan.pl\/wp-content\/uploads\/2023\/12\/IMG_3093-1-150x150.jpeg 150w, https:\/\/zsps.poznan.pl\/wp-content\/uploads\/2023\/12\/IMG_3093-1-230x230.jpeg 230w, https:\/\/zsps.poznan.pl\/wp-content\/uploads\/2023\/12\/IMG_3093-1-365x365.jpeg 365w\" sizes=\"(max-width: 150px) 100vw, 150px\" \/><\/a>\n\t\t\t<\/div><\/figure>\n\t\t<\/div>\n\t\t<\/div>\n\t\t\t\t\t\t<\/div>\n\t\t\t\t<\/div>\n\t\t\t\t\t<\/div>\n\t\t<\/div>\n\t\t\t\t\t<\/div>\n\t\t<\/section>\n\t\t\t\t<\/div>\n\t\t","protected":false},"excerpt":{"rendered":"<p>W pa\u017adzierniku, w Poznaniu, \u00a0odby\u0142 si\u0119 p\u00f3\u0142fina\u0142 Og\u00f3lnopolskiego Konkursu Kulinarnego promuj\u0105cego spo\u017cycie kukurydzy pt.: \u201eKukurydziane inspiracje.\u201d\ud83c\udf7f\ud83c\udf7f\ud83c\udf7f\u00a0 W p\u00f3\u0142finale nasz zesp\u00f3\u0142 zdoby\u0142 II miejsce i dosta\u0142 si\u0119 do \u015bcis\u0142ego fina\u0142u\u203c\ufe0fMieli\u015bmy miesi\u0105c na dopracowanie naszej potrawy a by\u0142 to : \u201eFilet z<\/p>\n","protected":false},"author":7,"featured_media":0,"comment_status":"closed","ping_status":"closed","sticky":false,"template":"","format":"standard","meta":{"footnotes":""},"categories":[1],"tags":[],"class_list":["post-11809","post","type-post","status-publish","format-standard","hentry","category-aktualnosci"],"yoast_head":"<!-- This site is optimized with the Yoast SEO plugin v27.5 - https:\/\/yoast.com\/product\/yoast-seo-wordpress\/ -->\n<title>Og\u00f3lnopolski konkurs gastronomiczny \u201eKukurydziane inspiracje\u201d- Serock 2023 - ZESP\u00d3\u0141 SZK\u00d3\u0141 PRZEMYS\u0141U SPO\u017bYWCZEGO<\/title>\n<meta name=\"robots\" content=\"index, follow, max-snippet:-1, max-image-preview:large, max-video-preview:-1\" \/>\n<link rel=\"canonical\" href=\"https:\/\/zsps.poznan.pl\/index.php\/ogolnopolski-konkurs-gastronomiczny-kukurydziane-inspiracje-serock-2023\/\" \/>\n<meta property=\"og:locale\" content=\"pl_PL\" \/>\n<meta property=\"og:type\" content=\"article\" \/>\n<meta property=\"og:title\" content=\"Og\u00f3lnopolski konkurs gastronomiczny \u201eKukurydziane inspiracje\u201d- Serock 2023 - ZESP\u00d3\u0141 SZK\u00d3\u0141 PRZEMYS\u0141U SPO\u017bYWCZEGO\" \/>\n<meta property=\"og:description\" content=\"W pa\u017adzierniku, w Poznaniu, \u00a0odby\u0142 si\u0119 p\u00f3\u0142fina\u0142 Og\u00f3lnopolskiego Konkursu Kulinarnego promuj\u0105cego spo\u017cycie kukurydzy pt.: \u201eKukurydziane inspiracje.\u201d\ud83c\udf7f\ud83c\udf7f\ud83c\udf7f\u00a0 W p\u00f3\u0142finale nasz zesp\u00f3\u0142 zdoby\u0142 II miejsce i dosta\u0142 si\u0119 do \u015bcis\u0142ego fina\u0142u\u203c\ufe0fMieli\u015bmy miesi\u0105c na dopracowanie naszej potrawy a by\u0142 to : \u201eFilet z\" \/>\n<meta property=\"og:url\" content=\"https:\/\/zsps.poznan.pl\/index.php\/ogolnopolski-konkurs-gastronomiczny-kukurydziane-inspiracje-serock-2023\/\" \/>\n<meta property=\"og:site_name\" content=\"ZESP\u00d3\u0141 SZK\u00d3\u0141 PRZEMYS\u0141U SPO\u017bYWCZEGO\" \/>\n<meta property=\"article:publisher\" content=\"https:\/\/www.facebook.com\/zsps.poznan\" \/>\n<meta property=\"article:published_time\" content=\"2023-12-05T07:51:16+00:00\" \/>\n<meta property=\"article:modified_time\" content=\"2023-12-05T07:52:42+00:00\" \/>\n<meta property=\"og:image\" content=\"https:\/\/zsps.poznan.pl\/wp-content\/uploads\/2023\/12\/IMG_3148-1-150x150.jpeg\" \/>\n<meta name=\"author\" content=\"barteckir\" \/>\n<meta name=\"twitter:card\" content=\"summary_large_image\" \/>\n<meta name=\"twitter:label1\" content=\"Napisane przez\" \/>\n\t<meta name=\"twitter:data1\" content=\"barteckir\" \/>\n\t<meta name=\"twitter:label2\" content=\"Szacowany czas czytania\" \/>\n\t<meta name=\"twitter:data2\" content=\"1 minuta\" \/>\n<script type=\"application\/ld+json\" class=\"yoast-schema-graph\">{\"@context\":\"https:\\\/\\\/schema.org\",\"@graph\":[{\"@type\":\"Article\",\"@id\":\"https:\\\/\\\/zsps.poznan.pl\\\/index.php\\\/ogolnopolski-konkurs-gastronomiczny-kukurydziane-inspiracje-serock-2023\\\/#article\",\"isPartOf\":{\"@id\":\"https:\\\/\\\/zsps.poznan.pl\\\/index.php\\\/ogolnopolski-konkurs-gastronomiczny-kukurydziane-inspiracje-serock-2023\\\/\"},\"author\":{\"name\":\"barteckir\",\"@id\":\"https:\\\/\\\/zsps.poznan.pl\\\/#\\\/schema\\\/person\\\/bd2786aff3d28d572ee3d08aa13cfba8\"},\"headline\":\"Og\u00f3lnopolski konkurs gastronomiczny \u201eKukurydziane inspiracje\u201d- Serock 2023\",\"datePublished\":\"2023-12-05T07:51:16+00:00\",\"dateModified\":\"2023-12-05T07:52:42+00:00\",\"mainEntityOfPage\":{\"@id\":\"https:\\\/\\\/zsps.poznan.pl\\\/index.php\\\/ogolnopolski-konkurs-gastronomiczny-kukurydziane-inspiracje-serock-2023\\\/\"},\"wordCount\":175,\"publisher\":{\"@id\":\"https:\\\/\\\/zsps.poznan.pl\\\/#organization\"},\"image\":{\"@id\":\"https:\\\/\\\/zsps.poznan.pl\\\/index.php\\\/ogolnopolski-konkurs-gastronomiczny-kukurydziane-inspiracje-serock-2023\\\/#primaryimage\"},\"thumbnailUrl\":\"https:\\\/\\\/zsps.poznan.pl\\\/wp-content\\\/uploads\\\/2023\\\/12\\\/IMG_3148-1-150x150.jpeg\",\"articleSection\":[\"Aktualno\u015bci\"],\"inLanguage\":\"pl-PL\"},{\"@type\":\"WebPage\",\"@id\":\"https:\\\/\\\/zsps.poznan.pl\\\/index.php\\\/ogolnopolski-konkurs-gastronomiczny-kukurydziane-inspiracje-serock-2023\\\/\",\"url\":\"https:\\\/\\\/zsps.poznan.pl\\\/index.php\\\/ogolnopolski-konkurs-gastronomiczny-kukurydziane-inspiracje-serock-2023\\\/\",\"name\":\"Og\u00f3lnopolski konkurs gastronomiczny \u201eKukurydziane inspiracje\u201d- Serock 2023 - ZESP\u00d3\u0141 SZK\u00d3\u0141 PRZEMYS\u0141U SPO\u017bYWCZEGO\",\"isPartOf\":{\"@id\":\"https:\\\/\\\/zsps.poznan.pl\\\/#website\"},\"primaryImageOfPage\":{\"@id\":\"https:\\\/\\\/zsps.poznan.pl\\\/index.php\\\/ogolnopolski-konkurs-gastronomiczny-kukurydziane-inspiracje-serock-2023\\\/#primaryimage\"},\"image\":{\"@id\":\"https:\\\/\\\/zsps.poznan.pl\\\/index.php\\\/ogolnopolski-konkurs-gastronomiczny-kukurydziane-inspiracje-serock-2023\\\/#primaryimage\"},\"thumbnailUrl\":\"https:\\\/\\\/zsps.poznan.pl\\\/wp-content\\\/uploads\\\/2023\\\/12\\\/IMG_3148-1-150x150.jpeg\",\"datePublished\":\"2023-12-05T07:51:16+00:00\",\"dateModified\":\"2023-12-05T07:52:42+00:00\",\"breadcrumb\":{\"@id\":\"https:\\\/\\\/zsps.poznan.pl\\\/index.php\\\/ogolnopolski-konkurs-gastronomiczny-kukurydziane-inspiracje-serock-2023\\\/#breadcrumb\"},\"inLanguage\":\"pl-PL\",\"potentialAction\":[{\"@type\":\"ReadAction\",\"target\":[\"https:\\\/\\\/zsps.poznan.pl\\\/index.php\\\/ogolnopolski-konkurs-gastronomiczny-kukurydziane-inspiracje-serock-2023\\\/\"]}]},{\"@type\":\"ImageObject\",\"inLanguage\":\"pl-PL\",\"@id\":\"https:\\\/\\\/zsps.poznan.pl\\\/index.php\\\/ogolnopolski-konkurs-gastronomiczny-kukurydziane-inspiracje-serock-2023\\\/#primaryimage\",\"url\":\"https:\\\/\\\/zsps.poznan.pl\\\/wp-content\\\/uploads\\\/2023\\\/12\\\/IMG_3148-1-150x150.jpeg\",\"contentUrl\":\"https:\\\/\\\/zsps.poznan.pl\\\/wp-content\\\/uploads\\\/2023\\\/12\\\/IMG_3148-1-150x150.jpeg\"},{\"@type\":\"BreadcrumbList\",\"@id\":\"https:\\\/\\\/zsps.poznan.pl\\\/index.php\\\/ogolnopolski-konkurs-gastronomiczny-kukurydziane-inspiracje-serock-2023\\\/#breadcrumb\",\"itemListElement\":[{\"@type\":\"ListItem\",\"position\":1,\"name\":\"Strona g\u0142\u00f3wna\",\"item\":\"https:\\\/\\\/zsps.poznan.pl\\\/\"},{\"@type\":\"ListItem\",\"position\":2,\"name\":\"Og\u00f3lnopolski konkurs gastronomiczny \u201eKukurydziane inspiracje\u201d- Serock 2023\"}]},{\"@type\":\"WebSite\",\"@id\":\"https:\\\/\\\/zsps.poznan.pl\\\/#website\",\"url\":\"https:\\\/\\\/zsps.poznan.pl\\\/\",\"name\":\"ZESP\u00d3\u0141 SZK\u00d3\u0141 PRZEMYS\u0141U SPO\u017bYWCZEGO\",\"description\":\"im. J. J. \u015aniadeckich w Poznaniu\",\"publisher\":{\"@id\":\"https:\\\/\\\/zsps.poznan.pl\\\/#organization\"},\"potentialAction\":[{\"@type\":\"SearchAction\",\"target\":{\"@type\":\"EntryPoint\",\"urlTemplate\":\"https:\\\/\\\/zsps.poznan.pl\\\/?s={search_term_string}\"},\"query-input\":{\"@type\":\"PropertyValueSpecification\",\"valueRequired\":true,\"valueName\":\"search_term_string\"}}],\"inLanguage\":\"pl-PL\"},{\"@type\":\"Organization\",\"@id\":\"https:\\\/\\\/zsps.poznan.pl\\\/#organization\",\"name\":\"Zesp\u00f3\u0142 Szk\u00f3\u0142 Przemys\u0142u Spo\u017cywczego\",\"url\":\"https:\\\/\\\/zsps.poznan.pl\\\/\",\"logo\":{\"@type\":\"ImageObject\",\"inLanguage\":\"pl-PL\",\"@id\":\"https:\\\/\\\/zsps.poznan.pl\\\/#\\\/schema\\\/logo\\\/image\\\/\",\"url\":\"\",\"contentUrl\":\"\",\"caption\":\"Zesp\u00f3\u0142 Szk\u00f3\u0142 Przemys\u0142u Spo\u017cywczego\"},\"image\":{\"@id\":\"https:\\\/\\\/zsps.poznan.pl\\\/#\\\/schema\\\/logo\\\/image\\\/\"},\"sameAs\":[\"https:\\\/\\\/www.facebook.com\\\/zsps.poznan\"]},{\"@type\":\"Person\",\"@id\":\"https:\\\/\\\/zsps.poznan.pl\\\/#\\\/schema\\\/person\\\/bd2786aff3d28d572ee3d08aa13cfba8\",\"name\":\"barteckir\",\"image\":{\"@type\":\"ImageObject\",\"inLanguage\":\"pl-PL\",\"@id\":\"https:\\\/\\\/secure.gravatar.com\\\/avatar\\\/467135196b1d7899a43486e26008f7675b9e000444ef035aa409397837c4cfd8?s=96&d=retro&r=g\",\"url\":\"https:\\\/\\\/secure.gravatar.com\\\/avatar\\\/467135196b1d7899a43486e26008f7675b9e000444ef035aa409397837c4cfd8?s=96&d=retro&r=g\",\"contentUrl\":\"https:\\\/\\\/secure.gravatar.com\\\/avatar\\\/467135196b1d7899a43486e26008f7675b9e000444ef035aa409397837c4cfd8?s=96&d=retro&r=g\",\"caption\":\"barteckir\"}}]}<\/script>\n<!-- \/ Yoast SEO plugin. -->","yoast_head_json":{"title":"Og\u00f3lnopolski konkurs gastronomiczny \u201eKukurydziane inspiracje\u201d- Serock 2023 - ZESP\u00d3\u0141 SZK\u00d3\u0141 PRZEMYS\u0141U SPO\u017bYWCZEGO","robots":{"index":"index","follow":"follow","max-snippet":"max-snippet:-1","max-image-preview":"max-image-preview:large","max-video-preview":"max-video-preview:-1"},"canonical":"https:\/\/zsps.poznan.pl\/index.php\/ogolnopolski-konkurs-gastronomiczny-kukurydziane-inspiracje-serock-2023\/","og_locale":"pl_PL","og_type":"article","og_title":"Og\u00f3lnopolski konkurs gastronomiczny \u201eKukurydziane inspiracje\u201d- Serock 2023 - ZESP\u00d3\u0141 SZK\u00d3\u0141 PRZEMYS\u0141U SPO\u017bYWCZEGO","og_description":"W pa\u017adzierniku, w Poznaniu, \u00a0odby\u0142 si\u0119 p\u00f3\u0142fina\u0142 Og\u00f3lnopolskiego Konkursu Kulinarnego promuj\u0105cego spo\u017cycie kukurydzy pt.: \u201eKukurydziane inspiracje.\u201d\ud83c\udf7f\ud83c\udf7f\ud83c\udf7f\u00a0 W p\u00f3\u0142finale nasz zesp\u00f3\u0142 zdoby\u0142 II miejsce i dosta\u0142 si\u0119 do \u015bcis\u0142ego fina\u0142u\u203c\ufe0fMieli\u015bmy miesi\u0105c na dopracowanie naszej potrawy a by\u0142 to : \u201eFilet z","og_url":"https:\/\/zsps.poznan.pl\/index.php\/ogolnopolski-konkurs-gastronomiczny-kukurydziane-inspiracje-serock-2023\/","og_site_name":"ZESP\u00d3\u0141 SZK\u00d3\u0141 PRZEMYS\u0141U SPO\u017bYWCZEGO","article_publisher":"https:\/\/www.facebook.com\/zsps.poznan","article_published_time":"2023-12-05T07:51:16+00:00","article_modified_time":"2023-12-05T07:52:42+00:00","og_image":[{"url":"https:\/\/zsps.poznan.pl\/wp-content\/uploads\/2023\/12\/IMG_3148-1-150x150.jpeg","type":"","width":"","height":""}],"author":"barteckir","twitter_card":"summary_large_image","twitter_misc":{"Napisane przez":"barteckir","Szacowany czas czytania":"1 minuta"},"schema":{"@context":"https:\/\/schema.org","@graph":[{"@type":"Article","@id":"https:\/\/zsps.poznan.pl\/index.php\/ogolnopolski-konkurs-gastronomiczny-kukurydziane-inspiracje-serock-2023\/#article","isPartOf":{"@id":"https:\/\/zsps.poznan.pl\/index.php\/ogolnopolski-konkurs-gastronomiczny-kukurydziane-inspiracje-serock-2023\/"},"author":{"name":"barteckir","@id":"https:\/\/zsps.poznan.pl\/#\/schema\/person\/bd2786aff3d28d572ee3d08aa13cfba8"},"headline":"Og\u00f3lnopolski konkurs gastronomiczny \u201eKukurydziane inspiracje\u201d- Serock 2023","datePublished":"2023-12-05T07:51:16+00:00","dateModified":"2023-12-05T07:52:42+00:00","mainEntityOfPage":{"@id":"https:\/\/zsps.poznan.pl\/index.php\/ogolnopolski-konkurs-gastronomiczny-kukurydziane-inspiracje-serock-2023\/"},"wordCount":175,"publisher":{"@id":"https:\/\/zsps.poznan.pl\/#organization"},"image":{"@id":"https:\/\/zsps.poznan.pl\/index.php\/ogolnopolski-konkurs-gastronomiczny-kukurydziane-inspiracje-serock-2023\/#primaryimage"},"thumbnailUrl":"https:\/\/zsps.poznan.pl\/wp-content\/uploads\/2023\/12\/IMG_3148-1-150x150.jpeg","articleSection":["Aktualno\u015bci"],"inLanguage":"pl-PL"},{"@type":"WebPage","@id":"https:\/\/zsps.poznan.pl\/index.php\/ogolnopolski-konkurs-gastronomiczny-kukurydziane-inspiracje-serock-2023\/","url":"https:\/\/zsps.poznan.pl\/index.php\/ogolnopolski-konkurs-gastronomiczny-kukurydziane-inspiracje-serock-2023\/","name":"Og\u00f3lnopolski konkurs gastronomiczny \u201eKukurydziane inspiracje\u201d- Serock 2023 - ZESP\u00d3\u0141 SZK\u00d3\u0141 PRZEMYS\u0141U SPO\u017bYWCZEGO","isPartOf":{"@id":"https:\/\/zsps.poznan.pl\/#website"},"primaryImageOfPage":{"@id":"https:\/\/zsps.poznan.pl\/index.php\/ogolnopolski-konkurs-gastronomiczny-kukurydziane-inspiracje-serock-2023\/#primaryimage"},"image":{"@id":"https:\/\/zsps.poznan.pl\/index.php\/ogolnopolski-konkurs-gastronomiczny-kukurydziane-inspiracje-serock-2023\/#primaryimage"},"thumbnailUrl":"https:\/\/zsps.poznan.pl\/wp-content\/uploads\/2023\/12\/IMG_3148-1-150x150.jpeg","datePublished":"2023-12-05T07:51:16+00:00","dateModified":"2023-12-05T07:52:42+00:00","breadcrumb":{"@id":"https:\/\/zsps.poznan.pl\/index.php\/ogolnopolski-konkurs-gastronomiczny-kukurydziane-inspiracje-serock-2023\/#breadcrumb"},"inLanguage":"pl-PL","potentialAction":[{"@type":"ReadAction","target":["https:\/\/zsps.poznan.pl\/index.php\/ogolnopolski-konkurs-gastronomiczny-kukurydziane-inspiracje-serock-2023\/"]}]},{"@type":"ImageObject","inLanguage":"pl-PL","@id":"https:\/\/zsps.poznan.pl\/index.php\/ogolnopolski-konkurs-gastronomiczny-kukurydziane-inspiracje-serock-2023\/#primaryimage","url":"https:\/\/zsps.poznan.pl\/wp-content\/uploads\/2023\/12\/IMG_3148-1-150x150.jpeg","contentUrl":"https:\/\/zsps.poznan.pl\/wp-content\/uploads\/2023\/12\/IMG_3148-1-150x150.jpeg"},{"@type":"BreadcrumbList","@id":"https:\/\/zsps.poznan.pl\/index.php\/ogolnopolski-konkurs-gastronomiczny-kukurydziane-inspiracje-serock-2023\/#breadcrumb","itemListElement":[{"@type":"ListItem","position":1,"name":"Strona g\u0142\u00f3wna","item":"https:\/\/zsps.poznan.pl\/"},{"@type":"ListItem","position":2,"name":"Og\u00f3lnopolski konkurs gastronomiczny \u201eKukurydziane inspiracje\u201d- Serock 2023"}]},{"@type":"WebSite","@id":"https:\/\/zsps.poznan.pl\/#website","url":"https:\/\/zsps.poznan.pl\/","name":"ZESP\u00d3\u0141 SZK\u00d3\u0141 PRZEMYS\u0141U SPO\u017bYWCZEGO","description":"im. J. J. \u015aniadeckich w Poznaniu","publisher":{"@id":"https:\/\/zsps.poznan.pl\/#organization"},"potentialAction":[{"@type":"SearchAction","target":{"@type":"EntryPoint","urlTemplate":"https:\/\/zsps.poznan.pl\/?s={search_term_string}"},"query-input":{"@type":"PropertyValueSpecification","valueRequired":true,"valueName":"search_term_string"}}],"inLanguage":"pl-PL"},{"@type":"Organization","@id":"https:\/\/zsps.poznan.pl\/#organization","name":"Zesp\u00f3\u0142 Szk\u00f3\u0142 Przemys\u0142u Spo\u017cywczego","url":"https:\/\/zsps.poznan.pl\/","logo":{"@type":"ImageObject","inLanguage":"pl-PL","@id":"https:\/\/zsps.poznan.pl\/#\/schema\/logo\/image\/","url":"","contentUrl":"","caption":"Zesp\u00f3\u0142 Szk\u00f3\u0142 Przemys\u0142u Spo\u017cywczego"},"image":{"@id":"https:\/\/zsps.poznan.pl\/#\/schema\/logo\/image\/"},"sameAs":["https:\/\/www.facebook.com\/zsps.poznan"]},{"@type":"Person","@id":"https:\/\/zsps.poznan.pl\/#\/schema\/person\/bd2786aff3d28d572ee3d08aa13cfba8","name":"barteckir","image":{"@type":"ImageObject","inLanguage":"pl-PL","@id":"https:\/\/secure.gravatar.com\/avatar\/467135196b1d7899a43486e26008f7675b9e000444ef035aa409397837c4cfd8?s=96&d=retro&r=g","url":"https:\/\/secure.gravatar.com\/avatar\/467135196b1d7899a43486e26008f7675b9e000444ef035aa409397837c4cfd8?s=96&d=retro&r=g","contentUrl":"https:\/\/secure.gravatar.com\/avatar\/467135196b1d7899a43486e26008f7675b9e000444ef035aa409397837c4cfd8?s=96&d=retro&r=g","caption":"barteckir"}}]}},"_links":{"self":[{"href":"https:\/\/zsps.poznan.pl\/index.php\/wp-json\/wp\/v2\/posts\/11809","targetHints":{"allow":["GET"]}}],"collection":[{"href":"https:\/\/zsps.poznan.pl\/index.php\/wp-json\/wp\/v2\/posts"}],"about":[{"href":"https:\/\/zsps.poznan.pl\/index.php\/wp-json\/wp\/v2\/types\/post"}],"author":[{"embeddable":true,"href":"https:\/\/zsps.poznan.pl\/index.php\/wp-json\/wp\/v2\/users\/7"}],"replies":[{"embeddable":true,"href":"https:\/\/zsps.poznan.pl\/index.php\/wp-json\/wp\/v2\/comments?post=11809"}],"version-history":[{"count":3,"href":"https:\/\/zsps.poznan.pl\/index.php\/wp-json\/wp\/v2\/posts\/11809\/revisions"}],"predecessor-version":[{"id":11822,"href":"https:\/\/zsps.poznan.pl\/index.php\/wp-json\/wp\/v2\/posts\/11809\/revisions\/11822"}],"wp:attachment":[{"href":"https:\/\/zsps.poznan.pl\/index.php\/wp-json\/wp\/v2\/media?parent=11809"}],"wp:term":[{"taxonomy":"category","embeddable":true,"href":"https:\/\/zsps.poznan.pl\/index.php\/wp-json\/wp\/v2\/categories?post=11809"},{"taxonomy":"post_tag","embeddable":true,"href":"https:\/\/zsps.poznan.pl\/index.php\/wp-json\/wp\/v2\/tags?post=11809"}],"curies":[{"name":"wp","href":"https:\/\/api.w.org\/{rel}","templated":true}]}}