{"id":11841,"date":"2023-12-05T08:58:33","date_gmt":"2023-12-05T07:58:33","guid":{"rendered":"https:\/\/zsps.poznan.pl\/?p=11841"},"modified":"2023-12-05T09:00:04","modified_gmt":"2023-12-05T08:00:04","slug":"artystyczne-dekorowanie-piernikow-dekor-piernik-art","status":"publish","type":"post","link":"https:\/\/zsps.poznan.pl\/index.php\/artystyczne-dekorowanie-piernikow-dekor-piernik-art\/","title":{"rendered":"Artystyczne  dekorowanie piernik\u00f3w- \u201edekor-Piernik \u2013 art."},"content":{"rendered":"\t\t<div data-elementor-type=\"wp-post\" data-elementor-id=\"11841\" class=\"elementor elementor-11841\">\n\t\t\t\t\t\t<section class=\"elementor-section elementor-top-section elementor-element elementor-element-c055bb8 elementor-section-boxed elementor-section-height-default elementor-section-height-default\" data-id=\"c055bb8\" data-element_type=\"section\" data-e-type=\"section\">\n\t\t\t\t\t\t<div class=\"elementor-container elementor-column-gap-default\">\n\t\t\t\t\t<div class=\"elementor-column elementor-col-100 elementor-top-column elementor-element elementor-element-1ec1e2a\" data-id=\"1ec1e2a\" data-element_type=\"column\" data-e-type=\"column\">\n\t\t\t<div class=\"elementor-widget-wrap elementor-element-populated\">\n\t\t\t\t\t\t<div class=\"elementor-element elementor-element-01de77b elementor-widget elementor-widget-text-editor\" data-id=\"01de77b\" data-element_type=\"widget\" data-e-type=\"widget\" data-widget_type=\"text-editor.default\">\n\t\t\t\t<div class=\"elementor-widget-container\">\n\t\t\t\t\t\t\t\t\t<p>Uczennica naszej szko\u0142y kszta\u0142c\u0105ca si\u0119 w zawodzie cukiernik zosta\u0142a finalistk\u0105 \u201eIV Og\u00f3lnopolskiego konkursu na artystyczne ozdabianie piernik\u00f3w dla uczni\u00f3w szk\u00f3\u0142 gastronomicznych\u201d. Tematem\u00a0 konkursu by\u0142y \u201dKamieniczki w \u015bwi\u0105tecznej aurze\u201d. Fina\u0142 konkursu odbywa\u0142 si\u0119 w <a href=\"https:\/\/www.facebook.com\/zseuzwzychlinie?__cft__%5b0%5d=AZUD2x4oVQWBX2movYWUn3bJbbomFAuWPdX2kWuyDOSTL4-FFI0JjBRJnr0pqk9MGaaCfY4kx9zSKI5-dQRZwolTf0hK3HfX6-BHk6j2_vMYMa_gFBZNkvQhM8ET-3N3JiXuzXcWnFO-eYTgyeqQZrHDL7lv6HUEUh6Ub0saGyXKZJvtDAJ_nh0SqK4cpV2ZVELRPVx-XZT7_gJ1ukYx82YM&amp;__tn__=-%5dK-R\"><strong>ZSEU w \u017bychlinie<\/strong><\/a> . Uczestnicy \u00a0musieli zaprezentowa\u0107 wcze\u015bniej wykonan\u0105 prac\u0119, oraz na \u017cywo lukrowa\u0107 piernik, kt\u00f3ry mia\u0142 by\u0107 sp\u00f3jny z\u00a0\u00a0prac\u0105 konkursow\u0105. Dekorowanie na \u017cywo by\u0142o konkurencj\u0105, kt\u00f3ra nie tylko sprawdza\u0142a umiej\u0119tno\u015bci uczni\u00f3w z zakresu zdobnictwa, ale tak\u017ce umiej\u0119tno\u015b\u0107 opanowania emocji i\u00a0odnalezienia si\u0119 w nowym \u015brodowisku. Komisja oceniaj\u0105ca mia\u0142a nie lada dylemat aby wy\u0142oni\u0107 najlepszych, poniewa\u017c poziom prezentowanych prac by\u0142 bardzo wysoki.\u00a0 Yewa otrzyma\u0142a wyr\u00f3\u017cnienie za swoj\u0105\u00a0 przepi\u0119kn\u0105 prac\u0119.<\/p><p>Trud i\u00a0wykonanie, kt\u00f3re w\u0142o\u017cy\u0142a uczennica w swoj\u0105 prac\u0119 by\u0142a r\u00f3wnie\u017c zas\u0142ug\u0105 p. Ma\u0142gorzaty<\/p><p>Weber\u00a0\u00a0-Andrzejak, kt\u00f3ra podj\u0119\u0142a si\u0119 przygotowa\u0107 uczennic\u0119, by\u0107 jej trenerem i mentork\u0105 &#8211; za co serdecznie dzi\u0119kujemy .<\/p>\t\t\t\t\t\t\t\t<\/div>\n\t\t\t\t<\/div>\n\t\t\t\t\t<\/div>\n\t\t<\/div>\n\t\t\t\t\t<\/div>\n\t\t<\/section>\n\t\t\t\t<section class=\"elementor-section elementor-top-section elementor-element elementor-element-10f3f41 elementor-section-boxed elementor-section-height-default elementor-section-height-default\" data-id=\"10f3f41\" data-element_type=\"section\" data-e-type=\"section\">\n\t\t\t\t\t\t<div class=\"elementor-container elementor-column-gap-default\">\n\t\t\t\t\t<div class=\"elementor-column elementor-col-100 elementor-top-column elementor-element elementor-element-15eb560\" data-id=\"15eb560\" data-element_type=\"column\" data-e-type=\"column\">\n\t\t\t<div class=\"elementor-widget-wrap elementor-element-populated\">\n\t\t\t\t\t\t<div class=\"elementor-element elementor-element-1e199e3 elementor-widget elementor-widget-image-gallery\" data-id=\"1e199e3\" data-element_type=\"widget\" data-e-type=\"widget\" data-widget_type=\"image-gallery.default\">\n\t\t\t\t<div class=\"elementor-widget-container\">\n\t\t\t\t\t\t\t<div class=\"elementor-image-gallery\">\n\t\t\t<div id='gallery-2' class='gallery galleryid-11841 gallery-columns-7 gallery-size-thumbnail'><figure class='gallery-item'>\n\t\t\t<div class='gallery-icon landscape'>\n\t\t\t\t<a data-elementor-open-lightbox=\"yes\" data-elementor-lightbox-slideshow=\"1e199e3\" data-e-action-hash=\"#elementor-action%3Aaction%3Dlightbox%26settings%3DeyJpZCI6MTE4NDIsInVybCI6Imh0dHBzOlwvXC96c3BzLnBvem5hbi5wbFwvd3AtY29udGVudFwvdXBsb2Fkc1wvMjAyM1wvMTJcL0lNR183NzI2LmpwZyIsInNsaWRlc2hvdyI6IjFlMTk5ZTMifQ%3D%3D\" href='https:\/\/zsps.poznan.pl\/wp-content\/uploads\/2023\/12\/IMG_7726.jpg'><img decoding=\"async\" width=\"150\" height=\"150\" src=\"https:\/\/zsps.poznan.pl\/wp-content\/uploads\/2023\/12\/IMG_7726-150x150.jpg\" class=\"attachment-thumbnail size-thumbnail\" alt=\"\" srcset=\"https:\/\/zsps.poznan.pl\/wp-content\/uploads\/2023\/12\/IMG_7726-150x150.jpg 150w, https:\/\/zsps.poznan.pl\/wp-content\/uploads\/2023\/12\/IMG_7726-230x230.jpg 230w, https:\/\/zsps.poznan.pl\/wp-content\/uploads\/2023\/12\/IMG_7726-365x365.jpg 365w\" sizes=\"(max-width: 150px) 100vw, 150px\" \/><\/a>\n\t\t\t<\/div><\/figure><figure class='gallery-item'>\n\t\t\t<div class='gallery-icon portrait'>\n\t\t\t\t<a data-elementor-open-lightbox=\"yes\" data-elementor-lightbox-slideshow=\"1e199e3\" data-e-action-hash=\"#elementor-action%3Aaction%3Dlightbox%26settings%3DeyJpZCI6MTE4NDMsInVybCI6Imh0dHBzOlwvXC96c3BzLnBvem5hbi5wbFwvd3AtY29udGVudFwvdXBsb2Fkc1wvMjAyM1wvMTJcL0lNR183NzI4LTEuanBnIiwic2xpZGVzaG93IjoiMWUxOTllMyJ9\" href='https:\/\/zsps.poznan.pl\/wp-content\/uploads\/2023\/12\/IMG_7728-1.jpg'><img decoding=\"async\" width=\"150\" height=\"150\" src=\"https:\/\/zsps.poznan.pl\/wp-content\/uploads\/2023\/12\/IMG_7728-1-150x150.jpg\" class=\"attachment-thumbnail size-thumbnail\" alt=\"\" srcset=\"https:\/\/zsps.poznan.pl\/wp-content\/uploads\/2023\/12\/IMG_7728-1-150x150.jpg 150w, https:\/\/zsps.poznan.pl\/wp-content\/uploads\/2023\/12\/IMG_7728-1-230x230.jpg 230w, https:\/\/zsps.poznan.pl\/wp-content\/uploads\/2023\/12\/IMG_7728-1-365x365.jpg 365w\" sizes=\"(max-width: 150px) 100vw, 150px\" \/><\/a>\n\t\t\t<\/div><\/figure><figure class='gallery-item'>\n\t\t\t<div class='gallery-icon portrait'>\n\t\t\t\t<a data-elementor-open-lightbox=\"yes\" data-elementor-lightbox-slideshow=\"1e199e3\" data-e-action-hash=\"#elementor-action%3Aaction%3Dlightbox%26settings%3DeyJpZCI6MTE4NDQsInVybCI6Imh0dHBzOlwvXC96c3BzLnBvem5hbi5wbFwvd3AtY29udGVudFwvdXBsb2Fkc1wvMjAyM1wvMTJcL0lNR183NzIwLmpwZyIsInNsaWRlc2hvdyI6IjFlMTk5ZTMifQ%3D%3D\" href='https:\/\/zsps.poznan.pl\/wp-content\/uploads\/2023\/12\/IMG_7720.jpg'><img decoding=\"async\" width=\"150\" height=\"150\" src=\"https:\/\/zsps.poznan.pl\/wp-content\/uploads\/2023\/12\/IMG_7720-150x150.jpg\" class=\"attachment-thumbnail size-thumbnail\" alt=\"\" srcset=\"https:\/\/zsps.poznan.pl\/wp-content\/uploads\/2023\/12\/IMG_7720-150x150.jpg 150w, https:\/\/zsps.poznan.pl\/wp-content\/uploads\/2023\/12\/IMG_7720-230x230.jpg 230w, https:\/\/zsps.poznan.pl\/wp-content\/uploads\/2023\/12\/IMG_7720-365x365.jpg 365w\" sizes=\"(max-width: 150px) 100vw, 150px\" \/><\/a>\n\t\t\t<\/div><\/figure><figure class='gallery-item'>\n\t\t\t<div class='gallery-icon landscape'>\n\t\t\t\t<a data-elementor-open-lightbox=\"yes\" data-elementor-lightbox-slideshow=\"1e199e3\" data-e-action-hash=\"#elementor-action%3Aaction%3Dlightbox%26settings%3DeyJpZCI6MTE4NDUsInVybCI6Imh0dHBzOlwvXC96c3BzLnBvem5hbi5wbFwvd3AtY29udGVudFwvdXBsb2Fkc1wvMjAyM1wvMTJcL0lNR183NzI2LTEuanBnIiwic2xpZGVzaG93IjoiMWUxOTllMyJ9\" href='https:\/\/zsps.poznan.pl\/wp-content\/uploads\/2023\/12\/IMG_7726-1.jpg'><img loading=\"lazy\" decoding=\"async\" width=\"150\" height=\"150\" src=\"https:\/\/zsps.poznan.pl\/wp-content\/uploads\/2023\/12\/IMG_7726-1-150x150.jpg\" class=\"attachment-thumbnail size-thumbnail\" alt=\"\" srcset=\"https:\/\/zsps.poznan.pl\/wp-content\/uploads\/2023\/12\/IMG_7726-1-150x150.jpg 150w, https:\/\/zsps.poznan.pl\/wp-content\/uploads\/2023\/12\/IMG_7726-1-230x230.jpg 230w, https:\/\/zsps.poznan.pl\/wp-content\/uploads\/2023\/12\/IMG_7726-1-365x365.jpg 365w\" sizes=\"(max-width: 150px) 100vw, 150px\" \/><\/a>\n\t\t\t<\/div><\/figure><figure class='gallery-item'>\n\t\t\t<div class='gallery-icon portrait'>\n\t\t\t\t<a data-elementor-open-lightbox=\"yes\" data-elementor-lightbox-slideshow=\"1e199e3\" data-e-action-hash=\"#elementor-action%3Aaction%3Dlightbox%26settings%3DeyJpZCI6MTE4NDYsInVybCI6Imh0dHBzOlwvXC96c3BzLnBvem5hbi5wbFwvd3AtY29udGVudFwvdXBsb2Fkc1wvMjAyM1wvMTJcL0lNR183NzE0LmpwZyIsInNsaWRlc2hvdyI6IjFlMTk5ZTMifQ%3D%3D\" href='https:\/\/zsps.poznan.pl\/wp-content\/uploads\/2023\/12\/IMG_7714.jpg'><img loading=\"lazy\" decoding=\"async\" width=\"150\" height=\"150\" src=\"https:\/\/zsps.poznan.pl\/wp-content\/uploads\/2023\/12\/IMG_7714-150x150.jpg\" class=\"attachment-thumbnail size-thumbnail\" alt=\"\" srcset=\"https:\/\/zsps.poznan.pl\/wp-content\/uploads\/2023\/12\/IMG_7714-150x150.jpg 150w, https:\/\/zsps.poznan.pl\/wp-content\/uploads\/2023\/12\/IMG_7714-230x230.jpg 230w, https:\/\/zsps.poznan.pl\/wp-content\/uploads\/2023\/12\/IMG_7714-365x365.jpg 365w\" sizes=\"(max-width: 150px) 100vw, 150px\" \/><\/a>\n\t\t\t<\/div><\/figure><figure class='gallery-item'>\n\t\t\t<div class='gallery-icon portrait'>\n\t\t\t\t<a data-elementor-open-lightbox=\"yes\" data-elementor-lightbox-slideshow=\"1e199e3\" data-e-action-hash=\"#elementor-action%3Aaction%3Dlightbox%26settings%3DeyJpZCI6MTE4NDcsInVybCI6Imh0dHBzOlwvXC96c3BzLnBvem5hbi5wbFwvd3AtY29udGVudFwvdXBsb2Fkc1wvMjAyM1wvMTJcL0lNR183NzIwLTEuanBnIiwic2xpZGVzaG93IjoiMWUxOTllMyJ9\" href='https:\/\/zsps.poznan.pl\/wp-content\/uploads\/2023\/12\/IMG_7720-1.jpg'><img loading=\"lazy\" decoding=\"async\" width=\"150\" height=\"150\" src=\"https:\/\/zsps.poznan.pl\/wp-content\/uploads\/2023\/12\/IMG_7720-1-150x150.jpg\" class=\"attachment-thumbnail size-thumbnail\" alt=\"\" srcset=\"https:\/\/zsps.poznan.pl\/wp-content\/uploads\/2023\/12\/IMG_7720-1-150x150.jpg 150w, https:\/\/zsps.poznan.pl\/wp-content\/uploads\/2023\/12\/IMG_7720-1-230x230.jpg 230w, https:\/\/zsps.poznan.pl\/wp-content\/uploads\/2023\/12\/IMG_7720-1-365x365.jpg 365w\" sizes=\"(max-width: 150px) 100vw, 150px\" \/><\/a>\n\t\t\t<\/div><\/figure><figure class='gallery-item'>\n\t\t\t<div class='gallery-icon portrait'>\n\t\t\t\t<a data-elementor-open-lightbox=\"yes\" data-elementor-lightbox-slideshow=\"1e199e3\" data-e-action-hash=\"#elementor-action%3Aaction%3Dlightbox%26settings%3DeyJpZCI6MTE4NDgsInVybCI6Imh0dHBzOlwvXC96c3BzLnBvem5hbi5wbFwvd3AtY29udGVudFwvdXBsb2Fkc1wvMjAyM1wvMTJcL0lNR183NzExLmpwZyIsInNsaWRlc2hvdyI6IjFlMTk5ZTMifQ%3D%3D\" href='https:\/\/zsps.poznan.pl\/wp-content\/uploads\/2023\/12\/IMG_7711.jpg'><img loading=\"lazy\" decoding=\"async\" width=\"150\" height=\"150\" src=\"https:\/\/zsps.poznan.pl\/wp-content\/uploads\/2023\/12\/IMG_7711-150x150.jpg\" class=\"attachment-thumbnail size-thumbnail\" alt=\"\" srcset=\"https:\/\/zsps.poznan.pl\/wp-content\/uploads\/2023\/12\/IMG_7711-150x150.jpg 150w, https:\/\/zsps.poznan.pl\/wp-content\/uploads\/2023\/12\/IMG_7711-230x230.jpg 230w, https:\/\/zsps.poznan.pl\/wp-content\/uploads\/2023\/12\/IMG_7711-365x365.jpg 365w\" sizes=\"(max-width: 150px) 100vw, 150px\" \/><\/a>\n\t\t\t<\/div><\/figure><figure class='gallery-item'>\n\t\t\t<div class='gallery-icon landscape'>\n\t\t\t\t<a data-elementor-open-lightbox=\"yes\" data-elementor-lightbox-slideshow=\"1e199e3\" data-e-action-hash=\"#elementor-action%3Aaction%3Dlightbox%26settings%3DeyJpZCI6MTE4NDksInVybCI6Imh0dHBzOlwvXC96c3BzLnBvem5hbi5wbFwvd3AtY29udGVudFwvdXBsb2Fkc1wvMjAyM1wvMTJcL0lNR183NzEyLmpwZyIsInNsaWRlc2hvdyI6IjFlMTk5ZTMifQ%3D%3D\" href='https:\/\/zsps.poznan.pl\/wp-content\/uploads\/2023\/12\/IMG_7712.jpg'><img loading=\"lazy\" decoding=\"async\" width=\"150\" height=\"150\" src=\"https:\/\/zsps.poznan.pl\/wp-content\/uploads\/2023\/12\/IMG_7712-150x150.jpg\" class=\"attachment-thumbnail size-thumbnail\" alt=\"\" srcset=\"https:\/\/zsps.poznan.pl\/wp-content\/uploads\/2023\/12\/IMG_7712-150x150.jpg 150w, https:\/\/zsps.poznan.pl\/wp-content\/uploads\/2023\/12\/IMG_7712-230x230.jpg 230w, https:\/\/zsps.poznan.pl\/wp-content\/uploads\/2023\/12\/IMG_7712-365x365.jpg 365w\" sizes=\"(max-width: 150px) 100vw, 150px\" \/><\/a>\n\t\t\t<\/div><\/figure><figure class='gallery-item'>\n\t\t\t<div class='gallery-icon portrait'>\n\t\t\t\t<a data-elementor-open-lightbox=\"yes\" data-elementor-lightbox-slideshow=\"1e199e3\" data-e-action-hash=\"#elementor-action%3Aaction%3Dlightbox%26settings%3DeyJpZCI6MTE4NTAsInVybCI6Imh0dHBzOlwvXC96c3BzLnBvem5hbi5wbFwvd3AtY29udGVudFwvdXBsb2Fkc1wvMjAyM1wvMTJcL0lNR183NzA4LmpwZyIsInNsaWRlc2hvdyI6IjFlMTk5ZTMifQ%3D%3D\" href='https:\/\/zsps.poznan.pl\/wp-content\/uploads\/2023\/12\/IMG_7708.jpg'><img loading=\"lazy\" decoding=\"async\" width=\"150\" height=\"150\" src=\"https:\/\/zsps.poznan.pl\/wp-content\/uploads\/2023\/12\/IMG_7708-150x150.jpg\" class=\"attachment-thumbnail size-thumbnail\" alt=\"\" srcset=\"https:\/\/zsps.poznan.pl\/wp-content\/uploads\/2023\/12\/IMG_7708-150x150.jpg 150w, https:\/\/zsps.poznan.pl\/wp-content\/uploads\/2023\/12\/IMG_7708-230x230.jpg 230w, https:\/\/zsps.poznan.pl\/wp-content\/uploads\/2023\/12\/IMG_7708-365x365.jpg 365w\" sizes=\"(max-width: 150px) 100vw, 150px\" \/><\/a>\n\t\t\t<\/div><\/figure><figure class='gallery-item'>\n\t\t\t<div class='gallery-icon portrait'>\n\t\t\t\t<a data-elementor-open-lightbox=\"yes\" data-elementor-lightbox-slideshow=\"1e199e3\" data-e-action-hash=\"#elementor-action%3Aaction%3Dlightbox%26settings%3DeyJpZCI6MTE4NTEsInVybCI6Imh0dHBzOlwvXC96c3BzLnBvem5hbi5wbFwvd3AtY29udGVudFwvdXBsb2Fkc1wvMjAyM1wvMTJcL0lNR183NzA5LmpwZyIsInNsaWRlc2hvdyI6IjFlMTk5ZTMifQ%3D%3D\" href='https:\/\/zsps.poznan.pl\/wp-content\/uploads\/2023\/12\/IMG_7709.jpg'><img loading=\"lazy\" decoding=\"async\" width=\"150\" height=\"150\" src=\"https:\/\/zsps.poznan.pl\/wp-content\/uploads\/2023\/12\/IMG_7709-150x150.jpg\" class=\"attachment-thumbnail size-thumbnail\" alt=\"\" srcset=\"https:\/\/zsps.poznan.pl\/wp-content\/uploads\/2023\/12\/IMG_7709-150x150.jpg 150w, https:\/\/zsps.poznan.pl\/wp-content\/uploads\/2023\/12\/IMG_7709-230x230.jpg 230w, https:\/\/zsps.poznan.pl\/wp-content\/uploads\/2023\/12\/IMG_7709-365x365.jpg 365w\" sizes=\"(max-width: 150px) 100vw, 150px\" \/><\/a>\n\t\t\t<\/div><\/figure>\n\t\t<\/div>\n\t\t<\/div>\n\t\t\t\t\t\t<\/div>\n\t\t\t\t<\/div>\n\t\t\t\t\t<\/div>\n\t\t<\/div>\n\t\t\t\t\t<\/div>\n\t\t<\/section>\n\t\t\t\t<\/div>\n\t\t","protected":false},"excerpt":{"rendered":"<p>Uczennica naszej szko\u0142y kszta\u0142c\u0105ca si\u0119 w zawodzie cukiernik zosta\u0142a finalistk\u0105 \u201eIV Og\u00f3lnopolskiego konkursu na artystyczne ozdabianie piernik\u00f3w dla uczni\u00f3w szk\u00f3\u0142 gastronomicznych\u201d. Tematem\u00a0 konkursu by\u0142y \u201dKamieniczki w \u015bwi\u0105tecznej aurze\u201d. Fina\u0142 konkursu odbywa\u0142 si\u0119 w ZSEU w \u017bychlinie . Uczestnicy \u00a0musieli zaprezentowa\u0107<\/p>\n","protected":false},"author":7,"featured_media":0,"comment_status":"closed","ping_status":"closed","sticky":false,"template":"","format":"standard","meta":{"footnotes":""},"categories":[1],"tags":[],"class_list":["post-11841","post","type-post","status-publish","format-standard","hentry","category-aktualnosci"],"yoast_head":"<!-- This site is optimized with the Yoast SEO plugin v27.5 - https:\/\/yoast.com\/product\/yoast-seo-wordpress\/ -->\n<title>Artystyczne dekorowanie piernik\u00f3w- \u201edekor-Piernik \u2013 art. - ZESP\u00d3\u0141 SZK\u00d3\u0141 PRZEMYS\u0141U SPO\u017bYWCZEGO<\/title>\n<meta name=\"robots\" content=\"index, follow, max-snippet:-1, max-image-preview:large, max-video-preview:-1\" \/>\n<link rel=\"canonical\" href=\"https:\/\/zsps.poznan.pl\/index.php\/artystyczne-dekorowanie-piernikow-dekor-piernik-art\/\" \/>\n<meta property=\"og:locale\" content=\"pl_PL\" \/>\n<meta property=\"og:type\" content=\"article\" \/>\n<meta property=\"og:title\" content=\"Artystyczne dekorowanie piernik\u00f3w- \u201edekor-Piernik \u2013 art. - ZESP\u00d3\u0141 SZK\u00d3\u0141 PRZEMYS\u0141U SPO\u017bYWCZEGO\" \/>\n<meta property=\"og:description\" content=\"Uczennica naszej szko\u0142y kszta\u0142c\u0105ca si\u0119 w zawodzie cukiernik zosta\u0142a finalistk\u0105 \u201eIV Og\u00f3lnopolskiego konkursu na artystyczne ozdabianie piernik\u00f3w dla uczni\u00f3w szk\u00f3\u0142 gastronomicznych\u201d. Tematem\u00a0 konkursu by\u0142y \u201dKamieniczki w \u015bwi\u0105tecznej aurze\u201d. Fina\u0142 konkursu odbywa\u0142 si\u0119 w ZSEU w \u017bychlinie . Uczestnicy \u00a0musieli zaprezentowa\u0107\" \/>\n<meta property=\"og:url\" content=\"https:\/\/zsps.poznan.pl\/index.php\/artystyczne-dekorowanie-piernikow-dekor-piernik-art\/\" \/>\n<meta property=\"og:site_name\" content=\"ZESP\u00d3\u0141 SZK\u00d3\u0141 PRZEMYS\u0141U SPO\u017bYWCZEGO\" \/>\n<meta property=\"article:publisher\" content=\"https:\/\/www.facebook.com\/zsps.poznan\" \/>\n<meta property=\"article:published_time\" content=\"2023-12-05T07:58:33+00:00\" \/>\n<meta property=\"article:modified_time\" content=\"2023-12-05T08:00:04+00:00\" \/>\n<meta property=\"og:image\" content=\"https:\/\/zsps.poznan.pl\/wp-content\/uploads\/2023\/12\/IMG_7726-150x150.jpg\" \/>\n<meta name=\"author\" content=\"barteckir\" \/>\n<meta name=\"twitter:card\" content=\"summary_large_image\" \/>\n<meta name=\"twitter:label1\" content=\"Napisane przez\" \/>\n\t<meta name=\"twitter:data1\" content=\"barteckir\" \/>\n\t<meta name=\"twitter:label2\" content=\"Szacowany czas czytania\" \/>\n\t<meta name=\"twitter:data2\" content=\"1 minuta\" \/>\n<script type=\"application\/ld+json\" class=\"yoast-schema-graph\">{\"@context\":\"https:\\\/\\\/schema.org\",\"@graph\":[{\"@type\":\"Article\",\"@id\":\"https:\\\/\\\/zsps.poznan.pl\\\/index.php\\\/artystyczne-dekorowanie-piernikow-dekor-piernik-art\\\/#article\",\"isPartOf\":{\"@id\":\"https:\\\/\\\/zsps.poznan.pl\\\/index.php\\\/artystyczne-dekorowanie-piernikow-dekor-piernik-art\\\/\"},\"author\":{\"name\":\"barteckir\",\"@id\":\"https:\\\/\\\/zsps.poznan.pl\\\/#\\\/schema\\\/person\\\/bd2786aff3d28d572ee3d08aa13cfba8\"},\"headline\":\"Artystyczne dekorowanie piernik\u00f3w- \u201edekor-Piernik \u2013 art.\",\"datePublished\":\"2023-12-05T07:58:33+00:00\",\"dateModified\":\"2023-12-05T08:00:04+00:00\",\"mainEntityOfPage\":{\"@id\":\"https:\\\/\\\/zsps.poznan.pl\\\/index.php\\\/artystyczne-dekorowanie-piernikow-dekor-piernik-art\\\/\"},\"wordCount\":176,\"publisher\":{\"@id\":\"https:\\\/\\\/zsps.poznan.pl\\\/#organization\"},\"image\":{\"@id\":\"https:\\\/\\\/zsps.poznan.pl\\\/index.php\\\/artystyczne-dekorowanie-piernikow-dekor-piernik-art\\\/#primaryimage\"},\"thumbnailUrl\":\"https:\\\/\\\/zsps.poznan.pl\\\/wp-content\\\/uploads\\\/2023\\\/12\\\/IMG_7726-150x150.jpg\",\"articleSection\":[\"Aktualno\u015bci\"],\"inLanguage\":\"pl-PL\"},{\"@type\":\"WebPage\",\"@id\":\"https:\\\/\\\/zsps.poznan.pl\\\/index.php\\\/artystyczne-dekorowanie-piernikow-dekor-piernik-art\\\/\",\"url\":\"https:\\\/\\\/zsps.poznan.pl\\\/index.php\\\/artystyczne-dekorowanie-piernikow-dekor-piernik-art\\\/\",\"name\":\"Artystyczne dekorowanie piernik\u00f3w- \u201edekor-Piernik \u2013 art. - ZESP\u00d3\u0141 SZK\u00d3\u0141 PRZEMYS\u0141U SPO\u017bYWCZEGO\",\"isPartOf\":{\"@id\":\"https:\\\/\\\/zsps.poznan.pl\\\/#website\"},\"primaryImageOfPage\":{\"@id\":\"https:\\\/\\\/zsps.poznan.pl\\\/index.php\\\/artystyczne-dekorowanie-piernikow-dekor-piernik-art\\\/#primaryimage\"},\"image\":{\"@id\":\"https:\\\/\\\/zsps.poznan.pl\\\/index.php\\\/artystyczne-dekorowanie-piernikow-dekor-piernik-art\\\/#primaryimage\"},\"thumbnailUrl\":\"https:\\\/\\\/zsps.poznan.pl\\\/wp-content\\\/uploads\\\/2023\\\/12\\\/IMG_7726-150x150.jpg\",\"datePublished\":\"2023-12-05T07:58:33+00:00\",\"dateModified\":\"2023-12-05T08:00:04+00:00\",\"breadcrumb\":{\"@id\":\"https:\\\/\\\/zsps.poznan.pl\\\/index.php\\\/artystyczne-dekorowanie-piernikow-dekor-piernik-art\\\/#breadcrumb\"},\"inLanguage\":\"pl-PL\",\"potentialAction\":[{\"@type\":\"ReadAction\",\"target\":[\"https:\\\/\\\/zsps.poznan.pl\\\/index.php\\\/artystyczne-dekorowanie-piernikow-dekor-piernik-art\\\/\"]}]},{\"@type\":\"ImageObject\",\"inLanguage\":\"pl-PL\",\"@id\":\"https:\\\/\\\/zsps.poznan.pl\\\/index.php\\\/artystyczne-dekorowanie-piernikow-dekor-piernik-art\\\/#primaryimage\",\"url\":\"https:\\\/\\\/zsps.poznan.pl\\\/wp-content\\\/uploads\\\/2023\\\/12\\\/IMG_7726.jpg\",\"contentUrl\":\"https:\\\/\\\/zsps.poznan.pl\\\/wp-content\\\/uploads\\\/2023\\\/12\\\/IMG_7726.jpg\",\"width\":640,\"height\":480},{\"@type\":\"BreadcrumbList\",\"@id\":\"https:\\\/\\\/zsps.poznan.pl\\\/index.php\\\/artystyczne-dekorowanie-piernikow-dekor-piernik-art\\\/#breadcrumb\",\"itemListElement\":[{\"@type\":\"ListItem\",\"position\":1,\"name\":\"Strona g\u0142\u00f3wna\",\"item\":\"https:\\\/\\\/zsps.poznan.pl\\\/\"},{\"@type\":\"ListItem\",\"position\":2,\"name\":\"Artystyczne dekorowanie piernik\u00f3w- \u201edekor-Piernik \u2013 art.\"}]},{\"@type\":\"WebSite\",\"@id\":\"https:\\\/\\\/zsps.poznan.pl\\\/#website\",\"url\":\"https:\\\/\\\/zsps.poznan.pl\\\/\",\"name\":\"ZESP\u00d3\u0141 SZK\u00d3\u0141 PRZEMYS\u0141U SPO\u017bYWCZEGO\",\"description\":\"im. J. J. \u015aniadeckich w Poznaniu\",\"publisher\":{\"@id\":\"https:\\\/\\\/zsps.poznan.pl\\\/#organization\"},\"potentialAction\":[{\"@type\":\"SearchAction\",\"target\":{\"@type\":\"EntryPoint\",\"urlTemplate\":\"https:\\\/\\\/zsps.poznan.pl\\\/?s={search_term_string}\"},\"query-input\":{\"@type\":\"PropertyValueSpecification\",\"valueRequired\":true,\"valueName\":\"search_term_string\"}}],\"inLanguage\":\"pl-PL\"},{\"@type\":\"Organization\",\"@id\":\"https:\\\/\\\/zsps.poznan.pl\\\/#organization\",\"name\":\"Zesp\u00f3\u0142 Szk\u00f3\u0142 Przemys\u0142u Spo\u017cywczego\",\"url\":\"https:\\\/\\\/zsps.poznan.pl\\\/\",\"logo\":{\"@type\":\"ImageObject\",\"inLanguage\":\"pl-PL\",\"@id\":\"https:\\\/\\\/zsps.poznan.pl\\\/#\\\/schema\\\/logo\\\/image\\\/\",\"url\":\"\",\"contentUrl\":\"\",\"caption\":\"Zesp\u00f3\u0142 Szk\u00f3\u0142 Przemys\u0142u Spo\u017cywczego\"},\"image\":{\"@id\":\"https:\\\/\\\/zsps.poznan.pl\\\/#\\\/schema\\\/logo\\\/image\\\/\"},\"sameAs\":[\"https:\\\/\\\/www.facebook.com\\\/zsps.poznan\"]},{\"@type\":\"Person\",\"@id\":\"https:\\\/\\\/zsps.poznan.pl\\\/#\\\/schema\\\/person\\\/bd2786aff3d28d572ee3d08aa13cfba8\",\"name\":\"barteckir\",\"image\":{\"@type\":\"ImageObject\",\"inLanguage\":\"pl-PL\",\"@id\":\"https:\\\/\\\/secure.gravatar.com\\\/avatar\\\/467135196b1d7899a43486e26008f7675b9e000444ef035aa409397837c4cfd8?s=96&d=retro&r=g\",\"url\":\"https:\\\/\\\/secure.gravatar.com\\\/avatar\\\/467135196b1d7899a43486e26008f7675b9e000444ef035aa409397837c4cfd8?s=96&d=retro&r=g\",\"contentUrl\":\"https:\\\/\\\/secure.gravatar.com\\\/avatar\\\/467135196b1d7899a43486e26008f7675b9e000444ef035aa409397837c4cfd8?s=96&d=retro&r=g\",\"caption\":\"barteckir\"}}]}<\/script>\n<!-- \/ Yoast SEO plugin. -->","yoast_head_json":{"title":"Artystyczne dekorowanie piernik\u00f3w- \u201edekor-Piernik \u2013 art. - ZESP\u00d3\u0141 SZK\u00d3\u0141 PRZEMYS\u0141U SPO\u017bYWCZEGO","robots":{"index":"index","follow":"follow","max-snippet":"max-snippet:-1","max-image-preview":"max-image-preview:large","max-video-preview":"max-video-preview:-1"},"canonical":"https:\/\/zsps.poznan.pl\/index.php\/artystyczne-dekorowanie-piernikow-dekor-piernik-art\/","og_locale":"pl_PL","og_type":"article","og_title":"Artystyczne dekorowanie piernik\u00f3w- \u201edekor-Piernik \u2013 art. - ZESP\u00d3\u0141 SZK\u00d3\u0141 PRZEMYS\u0141U SPO\u017bYWCZEGO","og_description":"Uczennica naszej szko\u0142y kszta\u0142c\u0105ca si\u0119 w zawodzie cukiernik zosta\u0142a finalistk\u0105 \u201eIV Og\u00f3lnopolskiego konkursu na artystyczne ozdabianie piernik\u00f3w dla uczni\u00f3w szk\u00f3\u0142 gastronomicznych\u201d. Tematem\u00a0 konkursu by\u0142y \u201dKamieniczki w \u015bwi\u0105tecznej aurze\u201d. Fina\u0142 konkursu odbywa\u0142 si\u0119 w ZSEU w \u017bychlinie . Uczestnicy \u00a0musieli zaprezentowa\u0107","og_url":"https:\/\/zsps.poznan.pl\/index.php\/artystyczne-dekorowanie-piernikow-dekor-piernik-art\/","og_site_name":"ZESP\u00d3\u0141 SZK\u00d3\u0141 PRZEMYS\u0141U SPO\u017bYWCZEGO","article_publisher":"https:\/\/www.facebook.com\/zsps.poznan","article_published_time":"2023-12-05T07:58:33+00:00","article_modified_time":"2023-12-05T08:00:04+00:00","og_image":[{"url":"https:\/\/zsps.poznan.pl\/wp-content\/uploads\/2023\/12\/IMG_7726-150x150.jpg","type":"","width":"","height":""}],"author":"barteckir","twitter_card":"summary_large_image","twitter_misc":{"Napisane przez":"barteckir","Szacowany czas czytania":"1 minuta"},"schema":{"@context":"https:\/\/schema.org","@graph":[{"@type":"Article","@id":"https:\/\/zsps.poznan.pl\/index.php\/artystyczne-dekorowanie-piernikow-dekor-piernik-art\/#article","isPartOf":{"@id":"https:\/\/zsps.poznan.pl\/index.php\/artystyczne-dekorowanie-piernikow-dekor-piernik-art\/"},"author":{"name":"barteckir","@id":"https:\/\/zsps.poznan.pl\/#\/schema\/person\/bd2786aff3d28d572ee3d08aa13cfba8"},"headline":"Artystyczne dekorowanie piernik\u00f3w- \u201edekor-Piernik \u2013 art.","datePublished":"2023-12-05T07:58:33+00:00","dateModified":"2023-12-05T08:00:04+00:00","mainEntityOfPage":{"@id":"https:\/\/zsps.poznan.pl\/index.php\/artystyczne-dekorowanie-piernikow-dekor-piernik-art\/"},"wordCount":176,"publisher":{"@id":"https:\/\/zsps.poznan.pl\/#organization"},"image":{"@id":"https:\/\/zsps.poznan.pl\/index.php\/artystyczne-dekorowanie-piernikow-dekor-piernik-art\/#primaryimage"},"thumbnailUrl":"https:\/\/zsps.poznan.pl\/wp-content\/uploads\/2023\/12\/IMG_7726-150x150.jpg","articleSection":["Aktualno\u015bci"],"inLanguage":"pl-PL"},{"@type":"WebPage","@id":"https:\/\/zsps.poznan.pl\/index.php\/artystyczne-dekorowanie-piernikow-dekor-piernik-art\/","url":"https:\/\/zsps.poznan.pl\/index.php\/artystyczne-dekorowanie-piernikow-dekor-piernik-art\/","name":"Artystyczne dekorowanie piernik\u00f3w- \u201edekor-Piernik \u2013 art. - ZESP\u00d3\u0141 SZK\u00d3\u0141 PRZEMYS\u0141U SPO\u017bYWCZEGO","isPartOf":{"@id":"https:\/\/zsps.poznan.pl\/#website"},"primaryImageOfPage":{"@id":"https:\/\/zsps.poznan.pl\/index.php\/artystyczne-dekorowanie-piernikow-dekor-piernik-art\/#primaryimage"},"image":{"@id":"https:\/\/zsps.poznan.pl\/index.php\/artystyczne-dekorowanie-piernikow-dekor-piernik-art\/#primaryimage"},"thumbnailUrl":"https:\/\/zsps.poznan.pl\/wp-content\/uploads\/2023\/12\/IMG_7726-150x150.jpg","datePublished":"2023-12-05T07:58:33+00:00","dateModified":"2023-12-05T08:00:04+00:00","breadcrumb":{"@id":"https:\/\/zsps.poznan.pl\/index.php\/artystyczne-dekorowanie-piernikow-dekor-piernik-art\/#breadcrumb"},"inLanguage":"pl-PL","potentialAction":[{"@type":"ReadAction","target":["https:\/\/zsps.poznan.pl\/index.php\/artystyczne-dekorowanie-piernikow-dekor-piernik-art\/"]}]},{"@type":"ImageObject","inLanguage":"pl-PL","@id":"https:\/\/zsps.poznan.pl\/index.php\/artystyczne-dekorowanie-piernikow-dekor-piernik-art\/#primaryimage","url":"https:\/\/zsps.poznan.pl\/wp-content\/uploads\/2023\/12\/IMG_7726.jpg","contentUrl":"https:\/\/zsps.poznan.pl\/wp-content\/uploads\/2023\/12\/IMG_7726.jpg","width":640,"height":480},{"@type":"BreadcrumbList","@id":"https:\/\/zsps.poznan.pl\/index.php\/artystyczne-dekorowanie-piernikow-dekor-piernik-art\/#breadcrumb","itemListElement":[{"@type":"ListItem","position":1,"name":"Strona g\u0142\u00f3wna","item":"https:\/\/zsps.poznan.pl\/"},{"@type":"ListItem","position":2,"name":"Artystyczne dekorowanie piernik\u00f3w- \u201edekor-Piernik \u2013 art."}]},{"@type":"WebSite","@id":"https:\/\/zsps.poznan.pl\/#website","url":"https:\/\/zsps.poznan.pl\/","name":"ZESP\u00d3\u0141 SZK\u00d3\u0141 PRZEMYS\u0141U SPO\u017bYWCZEGO","description":"im. J. J. \u015aniadeckich w Poznaniu","publisher":{"@id":"https:\/\/zsps.poznan.pl\/#organization"},"potentialAction":[{"@type":"SearchAction","target":{"@type":"EntryPoint","urlTemplate":"https:\/\/zsps.poznan.pl\/?s={search_term_string}"},"query-input":{"@type":"PropertyValueSpecification","valueRequired":true,"valueName":"search_term_string"}}],"inLanguage":"pl-PL"},{"@type":"Organization","@id":"https:\/\/zsps.poznan.pl\/#organization","name":"Zesp\u00f3\u0142 Szk\u00f3\u0142 Przemys\u0142u Spo\u017cywczego","url":"https:\/\/zsps.poznan.pl\/","logo":{"@type":"ImageObject","inLanguage":"pl-PL","@id":"https:\/\/zsps.poznan.pl\/#\/schema\/logo\/image\/","url":"","contentUrl":"","caption":"Zesp\u00f3\u0142 Szk\u00f3\u0142 Przemys\u0142u Spo\u017cywczego"},"image":{"@id":"https:\/\/zsps.poznan.pl\/#\/schema\/logo\/image\/"},"sameAs":["https:\/\/www.facebook.com\/zsps.poznan"]},{"@type":"Person","@id":"https:\/\/zsps.poznan.pl\/#\/schema\/person\/bd2786aff3d28d572ee3d08aa13cfba8","name":"barteckir","image":{"@type":"ImageObject","inLanguage":"pl-PL","@id":"https:\/\/secure.gravatar.com\/avatar\/467135196b1d7899a43486e26008f7675b9e000444ef035aa409397837c4cfd8?s=96&d=retro&r=g","url":"https:\/\/secure.gravatar.com\/avatar\/467135196b1d7899a43486e26008f7675b9e000444ef035aa409397837c4cfd8?s=96&d=retro&r=g","contentUrl":"https:\/\/secure.gravatar.com\/avatar\/467135196b1d7899a43486e26008f7675b9e000444ef035aa409397837c4cfd8?s=96&d=retro&r=g","caption":"barteckir"}}]}},"_links":{"self":[{"href":"https:\/\/zsps.poznan.pl\/index.php\/wp-json\/wp\/v2\/posts\/11841","targetHints":{"allow":["GET"]}}],"collection":[{"href":"https:\/\/zsps.poznan.pl\/index.php\/wp-json\/wp\/v2\/posts"}],"about":[{"href":"https:\/\/zsps.poznan.pl\/index.php\/wp-json\/wp\/v2\/types\/post"}],"author":[{"embeddable":true,"href":"https:\/\/zsps.poznan.pl\/index.php\/wp-json\/wp\/v2\/users\/7"}],"replies":[{"embeddable":true,"href":"https:\/\/zsps.poznan.pl\/index.php\/wp-json\/wp\/v2\/comments?post=11841"}],"version-history":[{"count":3,"href":"https:\/\/zsps.poznan.pl\/index.php\/wp-json\/wp\/v2\/posts\/11841\/revisions"}],"predecessor-version":[{"id":11854,"href":"https:\/\/zsps.poznan.pl\/index.php\/wp-json\/wp\/v2\/posts\/11841\/revisions\/11854"}],"wp:attachment":[{"href":"https:\/\/zsps.poznan.pl\/index.php\/wp-json\/wp\/v2\/media?parent=11841"}],"wp:term":[{"taxonomy":"category","embeddable":true,"href":"https:\/\/zsps.poznan.pl\/index.php\/wp-json\/wp\/v2\/categories?post=11841"},{"taxonomy":"post_tag","embeddable":true,"href":"https:\/\/zsps.poznan.pl\/index.php\/wp-json\/wp\/v2\/tags?post=11841"}],"curies":[{"name":"wp","href":"https:\/\/api.w.org\/{rel}","templated":true}]}}