{"id":12231,"date":"2023-12-21T11:17:14","date_gmt":"2023-12-21T10:17:14","guid":{"rendered":"https:\/\/zsps.poznan.pl\/?p=12231"},"modified":"2023-12-21T11:19:49","modified_gmt":"2023-12-21T10:19:49","slug":"osoby-migranckie-na-rynku-pracy","status":"publish","type":"post","link":"https:\/\/zsps.poznan.pl\/index.php\/osoby-migranckie-na-rynku-pracy\/","title":{"rendered":"Osoby migranckie na rynku pracy"},"content":{"rendered":"\t\t<div data-elementor-type=\"wp-post\" data-elementor-id=\"12231\" class=\"elementor elementor-12231\">\n\t\t\t\t\t\t<section class=\"elementor-section elementor-top-section elementor-element elementor-element-34acad8 elementor-section-boxed elementor-section-height-default elementor-section-height-default\" data-id=\"34acad8\" data-element_type=\"section\" data-e-type=\"section\">\n\t\t\t\t\t\t<div class=\"elementor-container elementor-column-gap-default\">\n\t\t\t\t\t<div class=\"elementor-column elementor-col-100 elementor-top-column elementor-element elementor-element-7320bc8\" data-id=\"7320bc8\" data-element_type=\"column\" data-e-type=\"column\">\n\t\t\t<div class=\"elementor-widget-wrap elementor-element-populated\">\n\t\t\t\t\t\t<div class=\"elementor-element elementor-element-da0b0b3 elementor-widget elementor-widget-text-editor\" data-id=\"da0b0b3\" data-element_type=\"widget\" data-e-type=\"widget\" data-widget_type=\"text-editor.default\">\n\t\t\t\t<div class=\"elementor-widget-container\">\n\t\t\t\t\t\t\t\t\t<p>&#8222;Osoby migranckie na rynku pracy.&#8221; to cykl warsztat\u00f3w dla naszej m\u0142odzie\u017cy z Ukrainy.\u00a0 Odby\u0142y si\u0119 one w ZSPS 9\ufe0f\u20e3i 1\ufe0f\u20e36\ufe0f\u20e3listopada. Trenerki z Migrant Info Point Ewa i Anna pracowa\u0142y z naszymi uczniami nad ich motywacj\u0105 i ch\u0119ci\u0105 samorozwoju,\u00a0 umiej\u0119tno\u015bci\u0105 planowania w\u0142asnego \u017cycia:<\/p><p>&#8211; CV i list motywacyjny, efektywne poszukiwanie pracy;<\/p><p>&#8211; komunikacja z pracodawc\u0105;<\/p><p>&#8211; pierwsza praca, wolontariat.<\/p><p>\u2764\ufe0f8\ufe0f\u20e3 grudnia , tym razem w siedzibie MIP, z uczniami\u00a0 klas 1HA,1HB,1P,1T,1\u017bA,1\u017bB,2HB,2HC,2MT, 2\u017bA,2\u017bB,2\u017bC,3\u017b,4\u017b\u00a0 warsztaty integracyjne poprowadzi\u0142a psycholog Olga\ud83d\udcaaby\u0142 to czas pe\u0142en pozytywnych emocji\ud83e\udd17 Dzi\u0119kujemy za zorganizowanie spotka\u0144\u00a0 p. Aleksandrze Szymczak i p. Aleksandrze Berezowskiej-Cio\u0142ek , zapraszamy do obejrzenia\u00a0 relacji \ud83d\ude0a<\/p>\t\t\t\t\t\t\t\t<\/div>\n\t\t\t\t<\/div>\n\t\t\t\t\t<\/div>\n\t\t<\/div>\n\t\t\t\t\t<\/div>\n\t\t<\/section>\n\t\t\t\t<section class=\"elementor-section elementor-top-section elementor-element elementor-element-f60f3a3 elementor-section-boxed elementor-section-height-default elementor-section-height-default\" data-id=\"f60f3a3\" data-element_type=\"section\" data-e-type=\"section\">\n\t\t\t\t\t\t<div class=\"elementor-container elementor-column-gap-default\">\n\t\t\t\t\t<div class=\"elementor-column elementor-col-100 elementor-top-column elementor-element elementor-element-e5a07a4\" data-id=\"e5a07a4\" data-element_type=\"column\" data-e-type=\"column\">\n\t\t\t<div class=\"elementor-widget-wrap elementor-element-populated\">\n\t\t\t\t\t\t<div class=\"elementor-element elementor-element-00d6242 elementor-widget elementor-widget-video\" data-id=\"00d6242\" data-element_type=\"widget\" data-e-type=\"widget\" data-settings=\"{&quot;video_type&quot;:&quot;hosted&quot;,&quot;autoplay&quot;:&quot;yes&quot;,&quot;loop&quot;:&quot;yes&quot;,&quot;controls&quot;:&quot;yes&quot;}\" data-widget_type=\"video.default\">\n\t\t\t\t<div class=\"elementor-widget-container\">\n\t\t\t\t\t\t\t<div class=\"e-hosted-video elementor-wrapper elementor-open-inline\">\n\t\t\t\t\t<video class=\"elementor-video\" src=\"https:\/\/www.zsps.poznan.pl\/wp-content\/uploads\/2023\/12\/IMG_2632.mov\" autoplay=\"\" loop=\"\" controls=\"\" controlsList=\"nodownload\"><\/video>\n\t\t\t\t<\/div>\n\t\t\t\t\t\t<\/div>\n\t\t\t\t<\/div>\n\t\t\t\t\t<\/div>\n\t\t<\/div>\n\t\t\t\t\t<\/div>\n\t\t<\/section>\n\t\t\t\t<\/div>\n\t\t","protected":false},"excerpt":{"rendered":"<p>&#8222;Osoby migranckie na rynku pracy.&#8221; to cykl warsztat\u00f3w dla naszej m\u0142odzie\u017cy z Ukrainy.\u00a0 Odby\u0142y si\u0119 one w ZSPS 9\ufe0f\u20e3i 1\ufe0f\u20e36\ufe0f\u20e3listopada. Trenerki z Migrant Info Point Ewa i Anna pracowa\u0142y z naszymi uczniami nad ich motywacj\u0105 i ch\u0119ci\u0105 samorozwoju,\u00a0 umiej\u0119tno\u015bci\u0105 planowania<\/p>\n","protected":false},"author":9,"featured_media":0,"comment_status":"closed","ping_status":"closed","sticky":false,"template":"","format":"standard","meta":{"footnotes":""},"categories":[1],"tags":[],"class_list":["post-12231","post","type-post","status-publish","format-standard","hentry","category-aktualnosci"],"yoast_head":"<!-- This site is optimized with the Yoast SEO plugin v27.5 - https:\/\/yoast.com\/product\/yoast-seo-wordpress\/ -->\n<title>Osoby migranckie na rynku pracy - ZESP\u00d3\u0141 SZK\u00d3\u0141 PRZEMYS\u0141U SPO\u017bYWCZEGO<\/title>\n<meta name=\"robots\" content=\"index, follow, max-snippet:-1, max-image-preview:large, max-video-preview:-1\" \/>\n<link rel=\"canonical\" href=\"https:\/\/zsps.poznan.pl\/index.php\/osoby-migranckie-na-rynku-pracy\/\" \/>\n<meta property=\"og:locale\" content=\"pl_PL\" \/>\n<meta property=\"og:type\" content=\"article\" \/>\n<meta property=\"og:title\" content=\"Osoby migranckie na rynku pracy - ZESP\u00d3\u0141 SZK\u00d3\u0141 PRZEMYS\u0141U SPO\u017bYWCZEGO\" \/>\n<meta property=\"og:description\" content=\"&#8222;Osoby migranckie na rynku pracy.&#8221; to cykl warsztat\u00f3w dla naszej m\u0142odzie\u017cy z Ukrainy.\u00a0 Odby\u0142y si\u0119 one w ZSPS 9\ufe0f\u20e3i 1\ufe0f\u20e36\ufe0f\u20e3listopada. Trenerki z Migrant Info Point Ewa i Anna pracowa\u0142y z naszymi uczniami nad ich motywacj\u0105 i ch\u0119ci\u0105 samorozwoju,\u00a0 umiej\u0119tno\u015bci\u0105 planowania\" \/>\n<meta property=\"og:url\" content=\"https:\/\/zsps.poznan.pl\/index.php\/osoby-migranckie-na-rynku-pracy\/\" \/>\n<meta property=\"og:site_name\" content=\"ZESP\u00d3\u0141 SZK\u00d3\u0141 PRZEMYS\u0141U SPO\u017bYWCZEGO\" \/>\n<meta property=\"article:publisher\" content=\"https:\/\/www.facebook.com\/zsps.poznan\" \/>\n<meta property=\"article:published_time\" content=\"2023-12-21T10:17:14+00:00\" \/>\n<meta property=\"article:modified_time\" content=\"2023-12-21T10:19:49+00:00\" \/>\n<meta name=\"author\" content=\"nadmar\" \/>\n<meta name=\"twitter:card\" content=\"summary_large_image\" \/>\n<meta name=\"twitter:label1\" content=\"Napisane przez\" \/>\n\t<meta name=\"twitter:data1\" content=\"nadmar\" \/>\n\t<meta name=\"twitter:label2\" content=\"Szacowany czas czytania\" \/>\n\t<meta name=\"twitter:data2\" content=\"1 minuta\" \/>\n<script type=\"application\/ld+json\" class=\"yoast-schema-graph\">{\"@context\":\"https:\\\/\\\/schema.org\",\"@graph\":[{\"@type\":\"Article\",\"@id\":\"https:\\\/\\\/zsps.poznan.pl\\\/index.php\\\/osoby-migranckie-na-rynku-pracy\\\/#article\",\"isPartOf\":{\"@id\":\"https:\\\/\\\/zsps.poznan.pl\\\/index.php\\\/osoby-migranckie-na-rynku-pracy\\\/\"},\"author\":{\"name\":\"nadmar\",\"@id\":\"https:\\\/\\\/zsps.poznan.pl\\\/#\\\/schema\\\/person\\\/a863b9785be3f60f354ccce3c38e5e40\"},\"headline\":\"Osoby migranckie na rynku pracy\",\"datePublished\":\"2023-12-21T10:17:14+00:00\",\"dateModified\":\"2023-12-21T10:19:49+00:00\",\"mainEntityOfPage\":{\"@id\":\"https:\\\/\\\/zsps.poznan.pl\\\/index.php\\\/osoby-migranckie-na-rynku-pracy\\\/\"},\"wordCount\":131,\"publisher\":{\"@id\":\"https:\\\/\\\/zsps.poznan.pl\\\/#organization\"},\"articleSection\":[\"Aktualno\u015bci\"],\"inLanguage\":\"pl-PL\"},{\"@type\":\"WebPage\",\"@id\":\"https:\\\/\\\/zsps.poznan.pl\\\/index.php\\\/osoby-migranckie-na-rynku-pracy\\\/\",\"url\":\"https:\\\/\\\/zsps.poznan.pl\\\/index.php\\\/osoby-migranckie-na-rynku-pracy\\\/\",\"name\":\"Osoby migranckie na rynku pracy - ZESP\u00d3\u0141 SZK\u00d3\u0141 PRZEMYS\u0141U SPO\u017bYWCZEGO\",\"isPartOf\":{\"@id\":\"https:\\\/\\\/zsps.poznan.pl\\\/#website\"},\"datePublished\":\"2023-12-21T10:17:14+00:00\",\"dateModified\":\"2023-12-21T10:19:49+00:00\",\"breadcrumb\":{\"@id\":\"https:\\\/\\\/zsps.poznan.pl\\\/index.php\\\/osoby-migranckie-na-rynku-pracy\\\/#breadcrumb\"},\"inLanguage\":\"pl-PL\",\"potentialAction\":[{\"@type\":\"ReadAction\",\"target\":[\"https:\\\/\\\/zsps.poznan.pl\\\/index.php\\\/osoby-migranckie-na-rynku-pracy\\\/\"]}]},{\"@type\":\"BreadcrumbList\",\"@id\":\"https:\\\/\\\/zsps.poznan.pl\\\/index.php\\\/osoby-migranckie-na-rynku-pracy\\\/#breadcrumb\",\"itemListElement\":[{\"@type\":\"ListItem\",\"position\":1,\"name\":\"Strona g\u0142\u00f3wna\",\"item\":\"https:\\\/\\\/zsps.poznan.pl\\\/\"},{\"@type\":\"ListItem\",\"position\":2,\"name\":\"Osoby migranckie na rynku pracy\"}]},{\"@type\":\"WebSite\",\"@id\":\"https:\\\/\\\/zsps.poznan.pl\\\/#website\",\"url\":\"https:\\\/\\\/zsps.poznan.pl\\\/\",\"name\":\"ZESP\u00d3\u0141 SZK\u00d3\u0141 PRZEMYS\u0141U SPO\u017bYWCZEGO\",\"description\":\"im. J. J. \u015aniadeckich w Poznaniu\",\"publisher\":{\"@id\":\"https:\\\/\\\/zsps.poznan.pl\\\/#organization\"},\"potentialAction\":[{\"@type\":\"SearchAction\",\"target\":{\"@type\":\"EntryPoint\",\"urlTemplate\":\"https:\\\/\\\/zsps.poznan.pl\\\/?s={search_term_string}\"},\"query-input\":{\"@type\":\"PropertyValueSpecification\",\"valueRequired\":true,\"valueName\":\"search_term_string\"}}],\"inLanguage\":\"pl-PL\"},{\"@type\":\"Organization\",\"@id\":\"https:\\\/\\\/zsps.poznan.pl\\\/#organization\",\"name\":\"Zesp\u00f3\u0142 Szk\u00f3\u0142 Przemys\u0142u Spo\u017cywczego\",\"url\":\"https:\\\/\\\/zsps.poznan.pl\\\/\",\"logo\":{\"@type\":\"ImageObject\",\"inLanguage\":\"pl-PL\",\"@id\":\"https:\\\/\\\/zsps.poznan.pl\\\/#\\\/schema\\\/logo\\\/image\\\/\",\"url\":\"\",\"contentUrl\":\"\",\"caption\":\"Zesp\u00f3\u0142 Szk\u00f3\u0142 Przemys\u0142u Spo\u017cywczego\"},\"image\":{\"@id\":\"https:\\\/\\\/zsps.poznan.pl\\\/#\\\/schema\\\/logo\\\/image\\\/\"},\"sameAs\":[\"https:\\\/\\\/www.facebook.com\\\/zsps.poznan\"]},{\"@type\":\"Person\",\"@id\":\"https:\\\/\\\/zsps.poznan.pl\\\/#\\\/schema\\\/person\\\/a863b9785be3f60f354ccce3c38e5e40\",\"name\":\"nadmar\",\"image\":{\"@type\":\"ImageObject\",\"inLanguage\":\"pl-PL\",\"@id\":\"https:\\\/\\\/secure.gravatar.com\\\/avatar\\\/b4d534ea38356e3a5696eca7a2e56387a75fb988135566ff6c02baac234afdc8?s=96&d=retro&r=g\",\"url\":\"https:\\\/\\\/secure.gravatar.com\\\/avatar\\\/b4d534ea38356e3a5696eca7a2e56387a75fb988135566ff6c02baac234afdc8?s=96&d=retro&r=g\",\"contentUrl\":\"https:\\\/\\\/secure.gravatar.com\\\/avatar\\\/b4d534ea38356e3a5696eca7a2e56387a75fb988135566ff6c02baac234afdc8?s=96&d=retro&r=g\",\"caption\":\"nadmar\"}}]}<\/script>\n<!-- \/ Yoast SEO plugin. -->","yoast_head_json":{"title":"Osoby migranckie na rynku pracy - ZESP\u00d3\u0141 SZK\u00d3\u0141 PRZEMYS\u0141U SPO\u017bYWCZEGO","robots":{"index":"index","follow":"follow","max-snippet":"max-snippet:-1","max-image-preview":"max-image-preview:large","max-video-preview":"max-video-preview:-1"},"canonical":"https:\/\/zsps.poznan.pl\/index.php\/osoby-migranckie-na-rynku-pracy\/","og_locale":"pl_PL","og_type":"article","og_title":"Osoby migranckie na rynku pracy - ZESP\u00d3\u0141 SZK\u00d3\u0141 PRZEMYS\u0141U SPO\u017bYWCZEGO","og_description":"&#8222;Osoby migranckie na rynku pracy.&#8221; to cykl warsztat\u00f3w dla naszej m\u0142odzie\u017cy z Ukrainy.\u00a0 Odby\u0142y si\u0119 one w ZSPS 9\ufe0f\u20e3i 1\ufe0f\u20e36\ufe0f\u20e3listopada. Trenerki z Migrant Info Point Ewa i Anna pracowa\u0142y z naszymi uczniami nad ich motywacj\u0105 i ch\u0119ci\u0105 samorozwoju,\u00a0 umiej\u0119tno\u015bci\u0105 planowania","og_url":"https:\/\/zsps.poznan.pl\/index.php\/osoby-migranckie-na-rynku-pracy\/","og_site_name":"ZESP\u00d3\u0141 SZK\u00d3\u0141 PRZEMYS\u0141U SPO\u017bYWCZEGO","article_publisher":"https:\/\/www.facebook.com\/zsps.poznan","article_published_time":"2023-12-21T10:17:14+00:00","article_modified_time":"2023-12-21T10:19:49+00:00","author":"nadmar","twitter_card":"summary_large_image","twitter_misc":{"Napisane przez":"nadmar","Szacowany czas czytania":"1 minuta"},"schema":{"@context":"https:\/\/schema.org","@graph":[{"@type":"Article","@id":"https:\/\/zsps.poznan.pl\/index.php\/osoby-migranckie-na-rynku-pracy\/#article","isPartOf":{"@id":"https:\/\/zsps.poznan.pl\/index.php\/osoby-migranckie-na-rynku-pracy\/"},"author":{"name":"nadmar","@id":"https:\/\/zsps.poznan.pl\/#\/schema\/person\/a863b9785be3f60f354ccce3c38e5e40"},"headline":"Osoby migranckie na rynku pracy","datePublished":"2023-12-21T10:17:14+00:00","dateModified":"2023-12-21T10:19:49+00:00","mainEntityOfPage":{"@id":"https:\/\/zsps.poznan.pl\/index.php\/osoby-migranckie-na-rynku-pracy\/"},"wordCount":131,"publisher":{"@id":"https:\/\/zsps.poznan.pl\/#organization"},"articleSection":["Aktualno\u015bci"],"inLanguage":"pl-PL"},{"@type":"WebPage","@id":"https:\/\/zsps.poznan.pl\/index.php\/osoby-migranckie-na-rynku-pracy\/","url":"https:\/\/zsps.poznan.pl\/index.php\/osoby-migranckie-na-rynku-pracy\/","name":"Osoby migranckie na rynku pracy - ZESP\u00d3\u0141 SZK\u00d3\u0141 PRZEMYS\u0141U SPO\u017bYWCZEGO","isPartOf":{"@id":"https:\/\/zsps.poznan.pl\/#website"},"datePublished":"2023-12-21T10:17:14+00:00","dateModified":"2023-12-21T10:19:49+00:00","breadcrumb":{"@id":"https:\/\/zsps.poznan.pl\/index.php\/osoby-migranckie-na-rynku-pracy\/#breadcrumb"},"inLanguage":"pl-PL","potentialAction":[{"@type":"ReadAction","target":["https:\/\/zsps.poznan.pl\/index.php\/osoby-migranckie-na-rynku-pracy\/"]}]},{"@type":"BreadcrumbList","@id":"https:\/\/zsps.poznan.pl\/index.php\/osoby-migranckie-na-rynku-pracy\/#breadcrumb","itemListElement":[{"@type":"ListItem","position":1,"name":"Strona g\u0142\u00f3wna","item":"https:\/\/zsps.poznan.pl\/"},{"@type":"ListItem","position":2,"name":"Osoby migranckie na rynku pracy"}]},{"@type":"WebSite","@id":"https:\/\/zsps.poznan.pl\/#website","url":"https:\/\/zsps.poznan.pl\/","name":"ZESP\u00d3\u0141 SZK\u00d3\u0141 PRZEMYS\u0141U SPO\u017bYWCZEGO","description":"im. J. J. \u015aniadeckich w Poznaniu","publisher":{"@id":"https:\/\/zsps.poznan.pl\/#organization"},"potentialAction":[{"@type":"SearchAction","target":{"@type":"EntryPoint","urlTemplate":"https:\/\/zsps.poznan.pl\/?s={search_term_string}"},"query-input":{"@type":"PropertyValueSpecification","valueRequired":true,"valueName":"search_term_string"}}],"inLanguage":"pl-PL"},{"@type":"Organization","@id":"https:\/\/zsps.poznan.pl\/#organization","name":"Zesp\u00f3\u0142 Szk\u00f3\u0142 Przemys\u0142u Spo\u017cywczego","url":"https:\/\/zsps.poznan.pl\/","logo":{"@type":"ImageObject","inLanguage":"pl-PL","@id":"https:\/\/zsps.poznan.pl\/#\/schema\/logo\/image\/","url":"","contentUrl":"","caption":"Zesp\u00f3\u0142 Szk\u00f3\u0142 Przemys\u0142u Spo\u017cywczego"},"image":{"@id":"https:\/\/zsps.poznan.pl\/#\/schema\/logo\/image\/"},"sameAs":["https:\/\/www.facebook.com\/zsps.poznan"]},{"@type":"Person","@id":"https:\/\/zsps.poznan.pl\/#\/schema\/person\/a863b9785be3f60f354ccce3c38e5e40","name":"nadmar","image":{"@type":"ImageObject","inLanguage":"pl-PL","@id":"https:\/\/secure.gravatar.com\/avatar\/b4d534ea38356e3a5696eca7a2e56387a75fb988135566ff6c02baac234afdc8?s=96&d=retro&r=g","url":"https:\/\/secure.gravatar.com\/avatar\/b4d534ea38356e3a5696eca7a2e56387a75fb988135566ff6c02baac234afdc8?s=96&d=retro&r=g","contentUrl":"https:\/\/secure.gravatar.com\/avatar\/b4d534ea38356e3a5696eca7a2e56387a75fb988135566ff6c02baac234afdc8?s=96&d=retro&r=g","caption":"nadmar"}}]}},"_links":{"self":[{"href":"https:\/\/zsps.poznan.pl\/index.php\/wp-json\/wp\/v2\/posts\/12231","targetHints":{"allow":["GET"]}}],"collection":[{"href":"https:\/\/zsps.poznan.pl\/index.php\/wp-json\/wp\/v2\/posts"}],"about":[{"href":"https:\/\/zsps.poznan.pl\/index.php\/wp-json\/wp\/v2\/types\/post"}],"author":[{"embeddable":true,"href":"https:\/\/zsps.poznan.pl\/index.php\/wp-json\/wp\/v2\/users\/9"}],"replies":[{"embeddable":true,"href":"https:\/\/zsps.poznan.pl\/index.php\/wp-json\/wp\/v2\/comments?post=12231"}],"version-history":[{"count":3,"href":"https:\/\/zsps.poznan.pl\/index.php\/wp-json\/wp\/v2\/posts\/12231\/revisions"}],"predecessor-version":[{"id":12235,"href":"https:\/\/zsps.poznan.pl\/index.php\/wp-json\/wp\/v2\/posts\/12231\/revisions\/12235"}],"wp:attachment":[{"href":"https:\/\/zsps.poznan.pl\/index.php\/wp-json\/wp\/v2\/media?parent=12231"}],"wp:term":[{"taxonomy":"category","embeddable":true,"href":"https:\/\/zsps.poznan.pl\/index.php\/wp-json\/wp\/v2\/categories?post=12231"},{"taxonomy":"post_tag","embeddable":true,"href":"https:\/\/zsps.poznan.pl\/index.php\/wp-json\/wp\/v2\/tags?post=12231"}],"curies":[{"name":"wp","href":"https:\/\/api.w.org\/{rel}","templated":true}]}}