{"id":14998,"date":"2024-12-18T09:18:17","date_gmt":"2024-12-18T08:18:17","guid":{"rendered":"https:\/\/zsps.poznan.pl\/?p=14998"},"modified":"2024-12-18T09:19:41","modified_gmt":"2024-12-18T08:19:41","slug":"najpiekniejszy-stol-wigilijny-2","status":"publish","type":"post","link":"https:\/\/zsps.poznan.pl\/index.php\/najpiekniejszy-stol-wigilijny-2\/","title":{"rendered":"Najpi\u0119kniejszy st\u00f3\u0142 wigilijny"},"content":{"rendered":"\t\t<div data-elementor-type=\"wp-post\" data-elementor-id=\"14998\" class=\"elementor elementor-14998\">\n\t\t\t\t\t\t<section class=\"elementor-section elementor-top-section elementor-element elementor-element-a34dafe elementor-section-boxed elementor-section-height-default elementor-section-height-default\" data-id=\"a34dafe\" data-element_type=\"section\" data-e-type=\"section\">\n\t\t\t\t\t\t<div class=\"elementor-container elementor-column-gap-default\">\n\t\t\t\t\t<div class=\"elementor-column elementor-col-100 elementor-top-column elementor-element elementor-element-d35ee09\" data-id=\"d35ee09\" data-element_type=\"column\" data-e-type=\"column\">\n\t\t\t<div class=\"elementor-widget-wrap elementor-element-populated\">\n\t\t\t\t\t\t<div class=\"elementor-element elementor-element-fe0b911 elementor-widget elementor-widget-text-editor\" data-id=\"fe0b911\" data-element_type=\"widget\" data-e-type=\"widget\" data-widget_type=\"text-editor.default\">\n\t\t\t\t<div class=\"elementor-widget-container\">\n\t\t\t\t\t\t\t\t\t<p>Ju\u017c tradycj\u0105 sta\u0142a si\u0119 u nas w szkole wystawa sto\u0142\u00f3w wigilijnych a co za tym idzie konkurs na \u201e Najpi\u0119kniejszy st\u00f3\u0142 wigilijny\u201d \ud83c\udf32\ud83c\udf84\ud83c\udf32przygotowywany przez nauczycieli przedmiot\u00f3w zawodowych Henryk\u0119 Ferta\u0142\u0119 oraz Joann\u0119 Mormol.<\/p><p>Jak co roku uczniowie, nauczyciele , pracownicy szko\u0142y oraz go\u015bcie z Zespo\u0142u Szk\u00f3\u0142 Specjalnych nr 102 w Poznaniu g\u0142osowali,na ich zdaniem ,najpi\u0119kniejszy st\u00f3\u0142 wigilijny\u203c\ufe0f\ud83e\uddd1\ud83c\udffb\u200d\ud83c\udf84\ud83e\udd36\ud83c\udf85 W tym roku wszyscy g\u0142osuj\u0105cy wykazali si\u0119 WIELK\u0104 EMPATI\u0104 i SERCEM\ud83d\udc9e\u2764\ufe0fNie by\u0142o dla nich wa\u017cne pi\u0119kno zewn\u0119trzne a uczucia\u00a0 i emocje towarzysz\u0105ce ludziom- zw\u0142aszcza samotnym- w tym dniu dlatego I miejsce zaj\u0105\u0142 st\u00f3\u0142 pt.: \u201e Wigilia samotnego cz\u0142owieka\u201d przygotowany przez Weronik\u0119 Pomianowska i Wojciecha Witkowskiego z\u00a0kl. 3\u00a0HA.\u00a0 II miejsce zaj\u0105\u0142 st\u00f3\u0142 pt.:\u201d Spotkanie \u015bwi\u0105tecznych kolor\u00f3w\u201d przygotowany przez Juli\u0119 Pietrzak i Eryka Ma\u0107kowiaka z kl. 4T III miejsce zaj\u0105\u0142 st\u00f3\u0142 pt.:\u201d Winter forest\u201d przygotowany przez Karolin\u0119 Lewandowsk\u0105 i Weronik\u0119 Cyplik z kl.3HA IV miejsce zaj\u0105\u0142 st\u00f3\u0142 pt.:\u201d St\u00f3\u0142 , kt\u00f3ry \u0142\u0105czy pokolenia\u201d przygotowany przez Oliwie Skibi\u0144sk\u0105 i Emili\u0119 Jachnik . Dziekujemy uczniom za uczestnictwo w konkursie\ud83d\ude0d<\/p><p>Henryka Ferta\u0142a<\/p><p>Joanna Mormol<\/p>\t\t\t\t\t\t\t\t<\/div>\n\t\t\t\t<\/div>\n\t\t\t\t\t<\/div>\n\t\t<\/div>\n\t\t\t\t\t<\/div>\n\t\t<\/section>\n\t\t\t\t<section class=\"elementor-section elementor-top-section elementor-element elementor-element-01a031b elementor-section-boxed elementor-section-height-default elementor-section-height-default\" data-id=\"01a031b\" data-element_type=\"section\" data-e-type=\"section\">\n\t\t\t\t\t\t<div class=\"elementor-container elementor-column-gap-default\">\n\t\t\t\t\t<div class=\"elementor-column elementor-col-100 elementor-top-column elementor-element elementor-element-3ea5283\" data-id=\"3ea5283\" data-element_type=\"column\" data-e-type=\"column\">\n\t\t\t<div class=\"elementor-widget-wrap elementor-element-populated\">\n\t\t\t\t\t\t<div class=\"elementor-element elementor-element-4a8d66e elementor-widget elementor-widget-image-gallery\" data-id=\"4a8d66e\" data-element_type=\"widget\" data-e-type=\"widget\" data-widget_type=\"image-gallery.default\">\n\t\t\t\t<div class=\"elementor-widget-container\">\n\t\t\t\t\t\t\t<div class=\"elementor-image-gallery\">\n\t\t\t<div id='gallery-13' class='gallery galleryid-14998 gallery-columns-4 gallery-size-thumbnail'><figure class='gallery-item'>\n\t\t\t<div class='gallery-icon landscape'>\n\t\t\t\t<a data-elementor-open-lightbox=\"yes\" data-elementor-lightbox-slideshow=\"4a8d66e\" data-e-action-hash=\"#elementor-action%3Aaction%3Dlightbox%26settings%3DeyJpZCI6MTQ5OTksInVybCI6Imh0dHBzOlwvXC96c3BzLnBvem5hbi5wbFwvd3AtY29udGVudFwvdXBsb2Fkc1wvMjAyNFwvMTJcL0lNR185NjcxLmpwZWciLCJzbGlkZXNob3ciOiI0YThkNjZlIn0%3D\" href='https:\/\/zsps.poznan.pl\/wp-content\/uploads\/2024\/12\/IMG_9671.jpeg'><img decoding=\"async\" width=\"150\" height=\"150\" src=\"https:\/\/zsps.poznan.pl\/wp-content\/uploads\/2024\/12\/IMG_9671-150x150.jpeg\" class=\"attachment-thumbnail size-thumbnail\" alt=\"\" srcset=\"https:\/\/zsps.poznan.pl\/wp-content\/uploads\/2024\/12\/IMG_9671-150x150.jpeg 150w, https:\/\/zsps.poznan.pl\/wp-content\/uploads\/2024\/12\/IMG_9671-230x230.jpeg 230w, https:\/\/zsps.poznan.pl\/wp-content\/uploads\/2024\/12\/IMG_9671-365x365.jpeg 365w\" sizes=\"(max-width: 150px) 100vw, 150px\" \/><\/a>\n\t\t\t<\/div><\/figure><figure class='gallery-item'>\n\t\t\t<div class='gallery-icon portrait'>\n\t\t\t\t<a data-elementor-open-lightbox=\"yes\" data-elementor-lightbox-slideshow=\"4a8d66e\" data-e-action-hash=\"#elementor-action%3Aaction%3Dlightbox%26settings%3DeyJpZCI6MTUwMDAsInVybCI6Imh0dHBzOlwvXC96c3BzLnBvem5hbi5wbFwvd3AtY29udGVudFwvdXBsb2Fkc1wvMjAyNFwvMTJcL0lNR185NjcyLmpwZWciLCJzbGlkZXNob3ciOiI0YThkNjZlIn0%3D\" href='https:\/\/zsps.poznan.pl\/wp-content\/uploads\/2024\/12\/IMG_9672.jpeg'><img decoding=\"async\" width=\"150\" height=\"150\" src=\"https:\/\/zsps.poznan.pl\/wp-content\/uploads\/2024\/12\/IMG_9672-150x150.jpeg\" class=\"attachment-thumbnail size-thumbnail\" alt=\"\" srcset=\"https:\/\/zsps.poznan.pl\/wp-content\/uploads\/2024\/12\/IMG_9672-150x150.jpeg 150w, https:\/\/zsps.poznan.pl\/wp-content\/uploads\/2024\/12\/IMG_9672-230x230.jpeg 230w, https:\/\/zsps.poznan.pl\/wp-content\/uploads\/2024\/12\/IMG_9672-365x365.jpeg 365w\" sizes=\"(max-width: 150px) 100vw, 150px\" \/><\/a>\n\t\t\t<\/div><\/figure><figure class='gallery-item'>\n\t\t\t<div class='gallery-icon portrait'>\n\t\t\t\t<a data-elementor-open-lightbox=\"yes\" data-elementor-lightbox-slideshow=\"4a8d66e\" data-e-action-hash=\"#elementor-action%3Aaction%3Dlightbox%26settings%3DeyJpZCI6MTUwMDEsInVybCI6Imh0dHBzOlwvXC96c3BzLnBvem5hbi5wbFwvd3AtY29udGVudFwvdXBsb2Fkc1wvMjAyNFwvMTJcL0lNR185NjczLmpwZWciLCJzbGlkZXNob3ciOiI0YThkNjZlIn0%3D\" href='https:\/\/zsps.poznan.pl\/wp-content\/uploads\/2024\/12\/IMG_9673.jpeg'><img decoding=\"async\" width=\"150\" height=\"150\" src=\"https:\/\/zsps.poznan.pl\/wp-content\/uploads\/2024\/12\/IMG_9673-150x150.jpeg\" class=\"attachment-thumbnail size-thumbnail\" alt=\"\" srcset=\"https:\/\/zsps.poznan.pl\/wp-content\/uploads\/2024\/12\/IMG_9673-150x150.jpeg 150w, https:\/\/zsps.poznan.pl\/wp-content\/uploads\/2024\/12\/IMG_9673-230x230.jpeg 230w, https:\/\/zsps.poznan.pl\/wp-content\/uploads\/2024\/12\/IMG_9673-365x365.jpeg 365w\" sizes=\"(max-width: 150px) 100vw, 150px\" \/><\/a>\n\t\t\t<\/div><\/figure><figure class='gallery-item'>\n\t\t\t<div class='gallery-icon landscape'>\n\t\t\t\t<a data-elementor-open-lightbox=\"yes\" data-elementor-lightbox-slideshow=\"4a8d66e\" data-e-action-hash=\"#elementor-action%3Aaction%3Dlightbox%26settings%3DeyJpZCI6MTUwMDIsInVybCI6Imh0dHBzOlwvXC96c3BzLnBvem5hbi5wbFwvd3AtY29udGVudFwvdXBsb2Fkc1wvMjAyNFwvMTJcL0lNR185Njc0LmpwZWciLCJzbGlkZXNob3ciOiI0YThkNjZlIn0%3D\" href='https:\/\/zsps.poznan.pl\/wp-content\/uploads\/2024\/12\/IMG_9674.jpeg'><img loading=\"lazy\" decoding=\"async\" width=\"150\" height=\"150\" src=\"https:\/\/zsps.poznan.pl\/wp-content\/uploads\/2024\/12\/IMG_9674-150x150.jpeg\" class=\"attachment-thumbnail size-thumbnail\" alt=\"\" srcset=\"https:\/\/zsps.poznan.pl\/wp-content\/uploads\/2024\/12\/IMG_9674-150x150.jpeg 150w, https:\/\/zsps.poznan.pl\/wp-content\/uploads\/2024\/12\/IMG_9674-230x230.jpeg 230w, https:\/\/zsps.poznan.pl\/wp-content\/uploads\/2024\/12\/IMG_9674-365x365.jpeg 365w\" sizes=\"(max-width: 150px) 100vw, 150px\" \/><\/a>\n\t\t\t<\/div><\/figure><figure class='gallery-item'>\n\t\t\t<div class='gallery-icon landscape'>\n\t\t\t\t<a data-elementor-open-lightbox=\"yes\" data-elementor-lightbox-slideshow=\"4a8d66e\" data-e-action-hash=\"#elementor-action%3Aaction%3Dlightbox%26settings%3DeyJpZCI6MTUwMDMsInVybCI6Imh0dHBzOlwvXC96c3BzLnBvem5hbi5wbFwvd3AtY29udGVudFwvdXBsb2Fkc1wvMjAyNFwvMTJcL0lNR185Njc1LmpwZWciLCJzbGlkZXNob3ciOiI0YThkNjZlIn0%3D\" href='https:\/\/zsps.poznan.pl\/wp-content\/uploads\/2024\/12\/IMG_9675.jpeg'><img loading=\"lazy\" decoding=\"async\" width=\"150\" height=\"150\" src=\"https:\/\/zsps.poznan.pl\/wp-content\/uploads\/2024\/12\/IMG_9675-150x150.jpeg\" class=\"attachment-thumbnail size-thumbnail\" alt=\"\" srcset=\"https:\/\/zsps.poznan.pl\/wp-content\/uploads\/2024\/12\/IMG_9675-150x150.jpeg 150w, https:\/\/zsps.poznan.pl\/wp-content\/uploads\/2024\/12\/IMG_9675-230x230.jpeg 230w, https:\/\/zsps.poznan.pl\/wp-content\/uploads\/2024\/12\/IMG_9675-365x365.jpeg 365w\" sizes=\"(max-width: 150px) 100vw, 150px\" \/><\/a>\n\t\t\t<\/div><\/figure><figure class='gallery-item'>\n\t\t\t<div class='gallery-icon landscape'>\n\t\t\t\t<a data-elementor-open-lightbox=\"yes\" data-elementor-lightbox-slideshow=\"4a8d66e\" data-e-action-hash=\"#elementor-action%3Aaction%3Dlightbox%26settings%3DeyJpZCI6MTUwMDQsInVybCI6Imh0dHBzOlwvXC96c3BzLnBvem5hbi5wbFwvd3AtY29udGVudFwvdXBsb2Fkc1wvMjAyNFwvMTJcL0lNR185NjgwLmpwZWciLCJzbGlkZXNob3ciOiI0YThkNjZlIn0%3D\" href='https:\/\/zsps.poznan.pl\/wp-content\/uploads\/2024\/12\/IMG_9680.jpeg'><img loading=\"lazy\" decoding=\"async\" width=\"150\" height=\"150\" src=\"https:\/\/zsps.poznan.pl\/wp-content\/uploads\/2024\/12\/IMG_9680-150x150.jpeg\" class=\"attachment-thumbnail size-thumbnail\" alt=\"\" srcset=\"https:\/\/zsps.poznan.pl\/wp-content\/uploads\/2024\/12\/IMG_9680-150x150.jpeg 150w, https:\/\/zsps.poznan.pl\/wp-content\/uploads\/2024\/12\/IMG_9680-230x230.jpeg 230w, https:\/\/zsps.poznan.pl\/wp-content\/uploads\/2024\/12\/IMG_9680-365x365.jpeg 365w\" sizes=\"(max-width: 150px) 100vw, 150px\" \/><\/a>\n\t\t\t<\/div><\/figure><figure class='gallery-item'>\n\t\t\t<div class='gallery-icon landscape'>\n\t\t\t\t<a data-elementor-open-lightbox=\"yes\" data-elementor-lightbox-slideshow=\"4a8d66e\" data-e-action-hash=\"#elementor-action%3Aaction%3Dlightbox%26settings%3DeyJpZCI6MTUwMDUsInVybCI6Imh0dHBzOlwvXC96c3BzLnBvem5hbi5wbFwvd3AtY29udGVudFwvdXBsb2Fkc1wvMjAyNFwvMTJcL0lNR185NjgxLmpwZWciLCJzbGlkZXNob3ciOiI0YThkNjZlIn0%3D\" href='https:\/\/zsps.poznan.pl\/wp-content\/uploads\/2024\/12\/IMG_9681.jpeg'><img loading=\"lazy\" decoding=\"async\" width=\"150\" height=\"150\" src=\"https:\/\/zsps.poznan.pl\/wp-content\/uploads\/2024\/12\/IMG_9681-150x150.jpeg\" class=\"attachment-thumbnail size-thumbnail\" alt=\"\" srcset=\"https:\/\/zsps.poznan.pl\/wp-content\/uploads\/2024\/12\/IMG_9681-150x150.jpeg 150w, https:\/\/zsps.poznan.pl\/wp-content\/uploads\/2024\/12\/IMG_9681-230x230.jpeg 230w, https:\/\/zsps.poznan.pl\/wp-content\/uploads\/2024\/12\/IMG_9681-365x365.jpeg 365w\" sizes=\"(max-width: 150px) 100vw, 150px\" \/><\/a>\n\t\t\t<\/div><\/figure><figure class='gallery-item'>\n\t\t\t<div class='gallery-icon landscape'>\n\t\t\t\t<a data-elementor-open-lightbox=\"yes\" data-elementor-lightbox-slideshow=\"4a8d66e\" data-e-action-hash=\"#elementor-action%3Aaction%3Dlightbox%26settings%3DeyJpZCI6MTUwMDYsInVybCI6Imh0dHBzOlwvXC96c3BzLnBvem5hbi5wbFwvd3AtY29udGVudFwvdXBsb2Fkc1wvMjAyNFwvMTJcL0lNR185NjgzLmpwZWciLCJzbGlkZXNob3ciOiI0YThkNjZlIn0%3D\" href='https:\/\/zsps.poznan.pl\/wp-content\/uploads\/2024\/12\/IMG_9683.jpeg'><img loading=\"lazy\" decoding=\"async\" width=\"150\" height=\"150\" src=\"https:\/\/zsps.poznan.pl\/wp-content\/uploads\/2024\/12\/IMG_9683-150x150.jpeg\" class=\"attachment-thumbnail size-thumbnail\" alt=\"\" srcset=\"https:\/\/zsps.poznan.pl\/wp-content\/uploads\/2024\/12\/IMG_9683-150x150.jpeg 150w, https:\/\/zsps.poznan.pl\/wp-content\/uploads\/2024\/12\/IMG_9683-230x230.jpeg 230w, https:\/\/zsps.poznan.pl\/wp-content\/uploads\/2024\/12\/IMG_9683-365x365.jpeg 365w\" sizes=\"(max-width: 150px) 100vw, 150px\" \/><\/a>\n\t\t\t<\/div><\/figure><figure class='gallery-item'>\n\t\t\t<div class='gallery-icon landscape'>\n\t\t\t\t<a data-elementor-open-lightbox=\"yes\" data-elementor-lightbox-slideshow=\"4a8d66e\" data-e-action-hash=\"#elementor-action%3Aaction%3Dlightbox%26settings%3DeyJpZCI6MTUwMDcsInVybCI6Imh0dHBzOlwvXC96c3BzLnBvem5hbi5wbFwvd3AtY29udGVudFwvdXBsb2Fkc1wvMjAyNFwvMTJcL0lNR185Njg0LmpwZWciLCJzbGlkZXNob3ciOiI0YThkNjZlIn0%3D\" href='https:\/\/zsps.poznan.pl\/wp-content\/uploads\/2024\/12\/IMG_9684.jpeg'><img loading=\"lazy\" decoding=\"async\" width=\"150\" height=\"150\" src=\"https:\/\/zsps.poznan.pl\/wp-content\/uploads\/2024\/12\/IMG_9684-150x150.jpeg\" class=\"attachment-thumbnail size-thumbnail\" alt=\"\" srcset=\"https:\/\/zsps.poznan.pl\/wp-content\/uploads\/2024\/12\/IMG_9684-150x150.jpeg 150w, https:\/\/zsps.poznan.pl\/wp-content\/uploads\/2024\/12\/IMG_9684-230x230.jpeg 230w, https:\/\/zsps.poznan.pl\/wp-content\/uploads\/2024\/12\/IMG_9684-365x365.jpeg 365w\" sizes=\"(max-width: 150px) 100vw, 150px\" \/><\/a>\n\t\t\t<\/div><\/figure><figure class='gallery-item'>\n\t\t\t<div class='gallery-icon landscape'>\n\t\t\t\t<a data-elementor-open-lightbox=\"yes\" data-elementor-lightbox-slideshow=\"4a8d66e\" data-e-action-hash=\"#elementor-action%3Aaction%3Dlightbox%26settings%3DeyJpZCI6MTUwMDgsInVybCI6Imh0dHBzOlwvXC96c3BzLnBvem5hbi5wbFwvd3AtY29udGVudFwvdXBsb2Fkc1wvMjAyNFwvMTJcL0lNR185Njg3LmpwZWciLCJzbGlkZXNob3ciOiI0YThkNjZlIn0%3D\" href='https:\/\/zsps.poznan.pl\/wp-content\/uploads\/2024\/12\/IMG_9687.jpeg'><img loading=\"lazy\" decoding=\"async\" width=\"150\" height=\"150\" src=\"https:\/\/zsps.poznan.pl\/wp-content\/uploads\/2024\/12\/IMG_9687-150x150.jpeg\" class=\"attachment-thumbnail size-thumbnail\" alt=\"\" srcset=\"https:\/\/zsps.poznan.pl\/wp-content\/uploads\/2024\/12\/IMG_9687-150x150.jpeg 150w, https:\/\/zsps.poznan.pl\/wp-content\/uploads\/2024\/12\/IMG_9687-230x230.jpeg 230w, https:\/\/zsps.poznan.pl\/wp-content\/uploads\/2024\/12\/IMG_9687-365x365.jpeg 365w\" sizes=\"(max-width: 150px) 100vw, 150px\" \/><\/a>\n\t\t\t<\/div><\/figure><figure class='gallery-item'>\n\t\t\t<div class='gallery-icon portrait'>\n\t\t\t\t<a data-elementor-open-lightbox=\"yes\" data-elementor-lightbox-slideshow=\"4a8d66e\" data-e-action-hash=\"#elementor-action%3Aaction%3Dlightbox%26settings%3DeyJpZCI6MTUwMDksInVybCI6Imh0dHBzOlwvXC96c3BzLnBvem5hbi5wbFwvd3AtY29udGVudFwvdXBsb2Fkc1wvMjAyNFwvMTJcL0lNR185Njg5LmpwZWciLCJzbGlkZXNob3ciOiI0YThkNjZlIn0%3D\" href='https:\/\/zsps.poznan.pl\/wp-content\/uploads\/2024\/12\/IMG_9689.jpeg'><img loading=\"lazy\" decoding=\"async\" width=\"150\" height=\"150\" src=\"https:\/\/zsps.poznan.pl\/wp-content\/uploads\/2024\/12\/IMG_9689-150x150.jpeg\" class=\"attachment-thumbnail size-thumbnail\" alt=\"\" srcset=\"https:\/\/zsps.poznan.pl\/wp-content\/uploads\/2024\/12\/IMG_9689-150x150.jpeg 150w, https:\/\/zsps.poznan.pl\/wp-content\/uploads\/2024\/12\/IMG_9689-230x230.jpeg 230w, https:\/\/zsps.poznan.pl\/wp-content\/uploads\/2024\/12\/IMG_9689-365x365.jpeg 365w\" sizes=\"(max-width: 150px) 100vw, 150px\" \/><\/a>\n\t\t\t<\/div><\/figure><figure class='gallery-item'>\n\t\t\t<div class='gallery-icon landscape'>\n\t\t\t\t<a data-elementor-open-lightbox=\"yes\" data-elementor-lightbox-slideshow=\"4a8d66e\" data-e-action-hash=\"#elementor-action%3Aaction%3Dlightbox%26settings%3DeyJpZCI6MTUwMTAsInVybCI6Imh0dHBzOlwvXC96c3BzLnBvem5hbi5wbFwvd3AtY29udGVudFwvdXBsb2Fkc1wvMjAyNFwvMTJcL0lNR185NjkyLmpwZWciLCJzbGlkZXNob3ciOiI0YThkNjZlIn0%3D\" href='https:\/\/zsps.poznan.pl\/wp-content\/uploads\/2024\/12\/IMG_9692.jpeg'><img loading=\"lazy\" decoding=\"async\" width=\"150\" height=\"150\" src=\"https:\/\/zsps.poznan.pl\/wp-content\/uploads\/2024\/12\/IMG_9692-150x150.jpeg\" class=\"attachment-thumbnail size-thumbnail\" alt=\"\" srcset=\"https:\/\/zsps.poznan.pl\/wp-content\/uploads\/2024\/12\/IMG_9692-150x150.jpeg 150w, https:\/\/zsps.poznan.pl\/wp-content\/uploads\/2024\/12\/IMG_9692-230x230.jpeg 230w, https:\/\/zsps.poznan.pl\/wp-content\/uploads\/2024\/12\/IMG_9692-365x365.jpeg 365w\" sizes=\"(max-width: 150px) 100vw, 150px\" \/><\/a>\n\t\t\t<\/div><\/figure><figure class='gallery-item'>\n\t\t\t<div class='gallery-icon landscape'>\n\t\t\t\t<a data-elementor-open-lightbox=\"yes\" data-elementor-lightbox-slideshow=\"4a8d66e\" data-e-action-hash=\"#elementor-action%3Aaction%3Dlightbox%26settings%3DeyJpZCI6MTUwMTEsInVybCI6Imh0dHBzOlwvXC96c3BzLnBvem5hbi5wbFwvd3AtY29udGVudFwvdXBsb2Fkc1wvMjAyNFwvMTJcL0lNR185Njk5LmpwZWciLCJzbGlkZXNob3ciOiI0YThkNjZlIn0%3D\" href='https:\/\/zsps.poznan.pl\/wp-content\/uploads\/2024\/12\/IMG_9699.jpeg'><img loading=\"lazy\" decoding=\"async\" width=\"150\" height=\"150\" src=\"https:\/\/zsps.poznan.pl\/wp-content\/uploads\/2024\/12\/IMG_9699-150x150.jpeg\" class=\"attachment-thumbnail size-thumbnail\" alt=\"\" srcset=\"https:\/\/zsps.poznan.pl\/wp-content\/uploads\/2024\/12\/IMG_9699-150x150.jpeg 150w, https:\/\/zsps.poznan.pl\/wp-content\/uploads\/2024\/12\/IMG_9699-230x230.jpeg 230w, https:\/\/zsps.poznan.pl\/wp-content\/uploads\/2024\/12\/IMG_9699-365x365.jpeg 365w\" sizes=\"(max-width: 150px) 100vw, 150px\" \/><\/a>\n\t\t\t<\/div><\/figure>\n\t\t<\/div>\n\t\t<\/div>\n\t\t\t\t\t\t<\/div>\n\t\t\t\t<\/div>\n\t\t\t\t\t<\/div>\n\t\t<\/div>\n\t\t\t\t\t<\/div>\n\t\t<\/section>\n\t\t\t\t<\/div>\n\t\t","protected":false},"excerpt":{"rendered":"<p>Ju\u017c tradycj\u0105 sta\u0142a si\u0119 u nas w szkole wystawa sto\u0142\u00f3w wigilijnych a co za tym idzie konkurs na \u201e Najpi\u0119kniejszy st\u00f3\u0142 wigilijny\u201d \ud83c\udf32\ud83c\udf84\ud83c\udf32przygotowywany przez nauczycieli przedmiot\u00f3w zawodowych Henryk\u0119 Ferta\u0142\u0119 oraz Joann\u0119 Mormol. Jak co roku uczniowie, nauczyciele , pracownicy szko\u0142y<\/p>\n","protected":false},"author":8,"featured_media":0,"comment_status":"closed","ping_status":"closed","sticky":false,"template":"","format":"standard","meta":{"footnotes":""},"categories":[1],"tags":[],"class_list":["post-14998","post","type-post","status-publish","format-standard","hentry","category-aktualnosci"],"yoast_head":"<!-- This site is optimized with the Yoast SEO plugin v27.5 - https:\/\/yoast.com\/product\/yoast-seo-wordpress\/ -->\n<title>Najpi\u0119kniejszy st\u00f3\u0142 wigilijny - ZESP\u00d3\u0141 SZK\u00d3\u0141 PRZEMYS\u0141U SPO\u017bYWCZEGO<\/title>\n<meta name=\"robots\" content=\"index, follow, max-snippet:-1, max-image-preview:large, max-video-preview:-1\" \/>\n<link rel=\"canonical\" href=\"https:\/\/zsps.poznan.pl\/index.php\/najpiekniejszy-stol-wigilijny-2\/\" \/>\n<meta property=\"og:locale\" content=\"pl_PL\" \/>\n<meta property=\"og:type\" content=\"article\" \/>\n<meta property=\"og:title\" content=\"Najpi\u0119kniejszy st\u00f3\u0142 wigilijny - ZESP\u00d3\u0141 SZK\u00d3\u0141 PRZEMYS\u0141U SPO\u017bYWCZEGO\" \/>\n<meta property=\"og:description\" content=\"Ju\u017c tradycj\u0105 sta\u0142a si\u0119 u nas w szkole wystawa sto\u0142\u00f3w wigilijnych a co za tym idzie konkurs na \u201e Najpi\u0119kniejszy st\u00f3\u0142 wigilijny\u201d \ud83c\udf32\ud83c\udf84\ud83c\udf32przygotowywany przez nauczycieli przedmiot\u00f3w zawodowych Henryk\u0119 Ferta\u0142\u0119 oraz Joann\u0119 Mormol. Jak co roku uczniowie, nauczyciele , pracownicy szko\u0142y\" \/>\n<meta property=\"og:url\" content=\"https:\/\/zsps.poznan.pl\/index.php\/najpiekniejszy-stol-wigilijny-2\/\" \/>\n<meta property=\"og:site_name\" content=\"ZESP\u00d3\u0141 SZK\u00d3\u0141 PRZEMYS\u0141U SPO\u017bYWCZEGO\" \/>\n<meta property=\"article:publisher\" content=\"https:\/\/www.facebook.com\/zsps.poznan\" \/>\n<meta property=\"article:published_time\" content=\"2024-12-18T08:18:17+00:00\" \/>\n<meta property=\"article:modified_time\" content=\"2024-12-18T08:19:41+00:00\" \/>\n<meta property=\"og:image\" content=\"https:\/\/zsps.poznan.pl\/wp-content\/uploads\/2024\/12\/IMG_9671-150x150.jpeg\" \/>\n<meta name=\"author\" content=\"halasm\" \/>\n<meta name=\"twitter:card\" content=\"summary_large_image\" \/>\n<meta name=\"twitter:label1\" content=\"Napisane przez\" \/>\n\t<meta name=\"twitter:data1\" content=\"halasm\" \/>\n\t<meta name=\"twitter:label2\" content=\"Szacowany czas czytania\" \/>\n\t<meta name=\"twitter:data2\" content=\"1 minuta\" \/>\n<script type=\"application\/ld+json\" class=\"yoast-schema-graph\">{\"@context\":\"https:\\\/\\\/schema.org\",\"@graph\":[{\"@type\":\"Article\",\"@id\":\"https:\\\/\\\/zsps.poznan.pl\\\/index.php\\\/najpiekniejszy-stol-wigilijny-2\\\/#article\",\"isPartOf\":{\"@id\":\"https:\\\/\\\/zsps.poznan.pl\\\/index.php\\\/najpiekniejszy-stol-wigilijny-2\\\/\"},\"author\":{\"name\":\"halasm\",\"@id\":\"https:\\\/\\\/zsps.poznan.pl\\\/#\\\/schema\\\/person\\\/bf4f06b8199611baa2487c65da45f97f\"},\"headline\":\"Najpi\u0119kniejszy st\u00f3\u0142 wigilijny\",\"datePublished\":\"2024-12-18T08:18:17+00:00\",\"dateModified\":\"2024-12-18T08:19:41+00:00\",\"mainEntityOfPage\":{\"@id\":\"https:\\\/\\\/zsps.poznan.pl\\\/index.php\\\/najpiekniejszy-stol-wigilijny-2\\\/\"},\"wordCount\":191,\"publisher\":{\"@id\":\"https:\\\/\\\/zsps.poznan.pl\\\/#organization\"},\"image\":{\"@id\":\"https:\\\/\\\/zsps.poznan.pl\\\/index.php\\\/najpiekniejszy-stol-wigilijny-2\\\/#primaryimage\"},\"thumbnailUrl\":\"https:\\\/\\\/zsps.poznan.pl\\\/wp-content\\\/uploads\\\/2024\\\/12\\\/IMG_9671-150x150.jpeg\",\"articleSection\":[\"Aktualno\u015bci\"],\"inLanguage\":\"pl-PL\"},{\"@type\":\"WebPage\",\"@id\":\"https:\\\/\\\/zsps.poznan.pl\\\/index.php\\\/najpiekniejszy-stol-wigilijny-2\\\/\",\"url\":\"https:\\\/\\\/zsps.poznan.pl\\\/index.php\\\/najpiekniejszy-stol-wigilijny-2\\\/\",\"name\":\"Najpi\u0119kniejszy st\u00f3\u0142 wigilijny - ZESP\u00d3\u0141 SZK\u00d3\u0141 PRZEMYS\u0141U SPO\u017bYWCZEGO\",\"isPartOf\":{\"@id\":\"https:\\\/\\\/zsps.poznan.pl\\\/#website\"},\"primaryImageOfPage\":{\"@id\":\"https:\\\/\\\/zsps.poznan.pl\\\/index.php\\\/najpiekniejszy-stol-wigilijny-2\\\/#primaryimage\"},\"image\":{\"@id\":\"https:\\\/\\\/zsps.poznan.pl\\\/index.php\\\/najpiekniejszy-stol-wigilijny-2\\\/#primaryimage\"},\"thumbnailUrl\":\"https:\\\/\\\/zsps.poznan.pl\\\/wp-content\\\/uploads\\\/2024\\\/12\\\/IMG_9671-150x150.jpeg\",\"datePublished\":\"2024-12-18T08:18:17+00:00\",\"dateModified\":\"2024-12-18T08:19:41+00:00\",\"breadcrumb\":{\"@id\":\"https:\\\/\\\/zsps.poznan.pl\\\/index.php\\\/najpiekniejszy-stol-wigilijny-2\\\/#breadcrumb\"},\"inLanguage\":\"pl-PL\",\"potentialAction\":[{\"@type\":\"ReadAction\",\"target\":[\"https:\\\/\\\/zsps.poznan.pl\\\/index.php\\\/najpiekniejszy-stol-wigilijny-2\\\/\"]}]},{\"@type\":\"ImageObject\",\"inLanguage\":\"pl-PL\",\"@id\":\"https:\\\/\\\/zsps.poznan.pl\\\/index.php\\\/najpiekniejszy-stol-wigilijny-2\\\/#primaryimage\",\"url\":\"https:\\\/\\\/zsps.poznan.pl\\\/wp-content\\\/uploads\\\/2024\\\/12\\\/IMG_9671-150x150.jpeg\",\"contentUrl\":\"https:\\\/\\\/zsps.poznan.pl\\\/wp-content\\\/uploads\\\/2024\\\/12\\\/IMG_9671-150x150.jpeg\"},{\"@type\":\"BreadcrumbList\",\"@id\":\"https:\\\/\\\/zsps.poznan.pl\\\/index.php\\\/najpiekniejszy-stol-wigilijny-2\\\/#breadcrumb\",\"itemListElement\":[{\"@type\":\"ListItem\",\"position\":1,\"name\":\"Strona g\u0142\u00f3wna\",\"item\":\"https:\\\/\\\/zsps.poznan.pl\\\/\"},{\"@type\":\"ListItem\",\"position\":2,\"name\":\"Najpi\u0119kniejszy st\u00f3\u0142 wigilijny\"}]},{\"@type\":\"WebSite\",\"@id\":\"https:\\\/\\\/zsps.poznan.pl\\\/#website\",\"url\":\"https:\\\/\\\/zsps.poznan.pl\\\/\",\"name\":\"ZESP\u00d3\u0141 SZK\u00d3\u0141 PRZEMYS\u0141U SPO\u017bYWCZEGO\",\"description\":\"im. J. J. \u015aniadeckich w Poznaniu\",\"publisher\":{\"@id\":\"https:\\\/\\\/zsps.poznan.pl\\\/#organization\"},\"potentialAction\":[{\"@type\":\"SearchAction\",\"target\":{\"@type\":\"EntryPoint\",\"urlTemplate\":\"https:\\\/\\\/zsps.poznan.pl\\\/?s={search_term_string}\"},\"query-input\":{\"@type\":\"PropertyValueSpecification\",\"valueRequired\":true,\"valueName\":\"search_term_string\"}}],\"inLanguage\":\"pl-PL\"},{\"@type\":\"Organization\",\"@id\":\"https:\\\/\\\/zsps.poznan.pl\\\/#organization\",\"name\":\"Zesp\u00f3\u0142 Szk\u00f3\u0142 Przemys\u0142u Spo\u017cywczego\",\"url\":\"https:\\\/\\\/zsps.poznan.pl\\\/\",\"logo\":{\"@type\":\"ImageObject\",\"inLanguage\":\"pl-PL\",\"@id\":\"https:\\\/\\\/zsps.poznan.pl\\\/#\\\/schema\\\/logo\\\/image\\\/\",\"url\":\"\",\"contentUrl\":\"\",\"caption\":\"Zesp\u00f3\u0142 Szk\u00f3\u0142 Przemys\u0142u Spo\u017cywczego\"},\"image\":{\"@id\":\"https:\\\/\\\/zsps.poznan.pl\\\/#\\\/schema\\\/logo\\\/image\\\/\"},\"sameAs\":[\"https:\\\/\\\/www.facebook.com\\\/zsps.poznan\"]},{\"@type\":\"Person\",\"@id\":\"https:\\\/\\\/zsps.poznan.pl\\\/#\\\/schema\\\/person\\\/bf4f06b8199611baa2487c65da45f97f\",\"name\":\"halasm\",\"image\":{\"@type\":\"ImageObject\",\"inLanguage\":\"pl-PL\",\"@id\":\"https:\\\/\\\/secure.gravatar.com\\\/avatar\\\/72063ee5d35dd9e48b97ffe48baccaac666c2551a77242abf07d226d89c95c53?s=96&d=retro&r=g\",\"url\":\"https:\\\/\\\/secure.gravatar.com\\\/avatar\\\/72063ee5d35dd9e48b97ffe48baccaac666c2551a77242abf07d226d89c95c53?s=96&d=retro&r=g\",\"contentUrl\":\"https:\\\/\\\/secure.gravatar.com\\\/avatar\\\/72063ee5d35dd9e48b97ffe48baccaac666c2551a77242abf07d226d89c95c53?s=96&d=retro&r=g\",\"caption\":\"halasm\"}}]}<\/script>\n<!-- \/ Yoast SEO plugin. -->","yoast_head_json":{"title":"Najpi\u0119kniejszy st\u00f3\u0142 wigilijny - ZESP\u00d3\u0141 SZK\u00d3\u0141 PRZEMYS\u0141U SPO\u017bYWCZEGO","robots":{"index":"index","follow":"follow","max-snippet":"max-snippet:-1","max-image-preview":"max-image-preview:large","max-video-preview":"max-video-preview:-1"},"canonical":"https:\/\/zsps.poznan.pl\/index.php\/najpiekniejszy-stol-wigilijny-2\/","og_locale":"pl_PL","og_type":"article","og_title":"Najpi\u0119kniejszy st\u00f3\u0142 wigilijny - ZESP\u00d3\u0141 SZK\u00d3\u0141 PRZEMYS\u0141U SPO\u017bYWCZEGO","og_description":"Ju\u017c tradycj\u0105 sta\u0142a si\u0119 u nas w szkole wystawa sto\u0142\u00f3w wigilijnych a co za tym idzie konkurs na \u201e Najpi\u0119kniejszy st\u00f3\u0142 wigilijny\u201d \ud83c\udf32\ud83c\udf84\ud83c\udf32przygotowywany przez nauczycieli przedmiot\u00f3w zawodowych Henryk\u0119 Ferta\u0142\u0119 oraz Joann\u0119 Mormol. Jak co roku uczniowie, nauczyciele , pracownicy szko\u0142y","og_url":"https:\/\/zsps.poznan.pl\/index.php\/najpiekniejszy-stol-wigilijny-2\/","og_site_name":"ZESP\u00d3\u0141 SZK\u00d3\u0141 PRZEMYS\u0141U SPO\u017bYWCZEGO","article_publisher":"https:\/\/www.facebook.com\/zsps.poznan","article_published_time":"2024-12-18T08:18:17+00:00","article_modified_time":"2024-12-18T08:19:41+00:00","og_image":[{"url":"https:\/\/zsps.poznan.pl\/wp-content\/uploads\/2024\/12\/IMG_9671-150x150.jpeg","type":"","width":"","height":""}],"author":"halasm","twitter_card":"summary_large_image","twitter_misc":{"Napisane przez":"halasm","Szacowany czas czytania":"1 minuta"},"schema":{"@context":"https:\/\/schema.org","@graph":[{"@type":"Article","@id":"https:\/\/zsps.poznan.pl\/index.php\/najpiekniejszy-stol-wigilijny-2\/#article","isPartOf":{"@id":"https:\/\/zsps.poznan.pl\/index.php\/najpiekniejszy-stol-wigilijny-2\/"},"author":{"name":"halasm","@id":"https:\/\/zsps.poznan.pl\/#\/schema\/person\/bf4f06b8199611baa2487c65da45f97f"},"headline":"Najpi\u0119kniejszy st\u00f3\u0142 wigilijny","datePublished":"2024-12-18T08:18:17+00:00","dateModified":"2024-12-18T08:19:41+00:00","mainEntityOfPage":{"@id":"https:\/\/zsps.poznan.pl\/index.php\/najpiekniejszy-stol-wigilijny-2\/"},"wordCount":191,"publisher":{"@id":"https:\/\/zsps.poznan.pl\/#organization"},"image":{"@id":"https:\/\/zsps.poznan.pl\/index.php\/najpiekniejszy-stol-wigilijny-2\/#primaryimage"},"thumbnailUrl":"https:\/\/zsps.poznan.pl\/wp-content\/uploads\/2024\/12\/IMG_9671-150x150.jpeg","articleSection":["Aktualno\u015bci"],"inLanguage":"pl-PL"},{"@type":"WebPage","@id":"https:\/\/zsps.poznan.pl\/index.php\/najpiekniejszy-stol-wigilijny-2\/","url":"https:\/\/zsps.poznan.pl\/index.php\/najpiekniejszy-stol-wigilijny-2\/","name":"Najpi\u0119kniejszy st\u00f3\u0142 wigilijny - ZESP\u00d3\u0141 SZK\u00d3\u0141 PRZEMYS\u0141U SPO\u017bYWCZEGO","isPartOf":{"@id":"https:\/\/zsps.poznan.pl\/#website"},"primaryImageOfPage":{"@id":"https:\/\/zsps.poznan.pl\/index.php\/najpiekniejszy-stol-wigilijny-2\/#primaryimage"},"image":{"@id":"https:\/\/zsps.poznan.pl\/index.php\/najpiekniejszy-stol-wigilijny-2\/#primaryimage"},"thumbnailUrl":"https:\/\/zsps.poznan.pl\/wp-content\/uploads\/2024\/12\/IMG_9671-150x150.jpeg","datePublished":"2024-12-18T08:18:17+00:00","dateModified":"2024-12-18T08:19:41+00:00","breadcrumb":{"@id":"https:\/\/zsps.poznan.pl\/index.php\/najpiekniejszy-stol-wigilijny-2\/#breadcrumb"},"inLanguage":"pl-PL","potentialAction":[{"@type":"ReadAction","target":["https:\/\/zsps.poznan.pl\/index.php\/najpiekniejszy-stol-wigilijny-2\/"]}]},{"@type":"ImageObject","inLanguage":"pl-PL","@id":"https:\/\/zsps.poznan.pl\/index.php\/najpiekniejszy-stol-wigilijny-2\/#primaryimage","url":"https:\/\/zsps.poznan.pl\/wp-content\/uploads\/2024\/12\/IMG_9671-150x150.jpeg","contentUrl":"https:\/\/zsps.poznan.pl\/wp-content\/uploads\/2024\/12\/IMG_9671-150x150.jpeg"},{"@type":"BreadcrumbList","@id":"https:\/\/zsps.poznan.pl\/index.php\/najpiekniejszy-stol-wigilijny-2\/#breadcrumb","itemListElement":[{"@type":"ListItem","position":1,"name":"Strona g\u0142\u00f3wna","item":"https:\/\/zsps.poznan.pl\/"},{"@type":"ListItem","position":2,"name":"Najpi\u0119kniejszy st\u00f3\u0142 wigilijny"}]},{"@type":"WebSite","@id":"https:\/\/zsps.poznan.pl\/#website","url":"https:\/\/zsps.poznan.pl\/","name":"ZESP\u00d3\u0141 SZK\u00d3\u0141 PRZEMYS\u0141U SPO\u017bYWCZEGO","description":"im. J. J. \u015aniadeckich w Poznaniu","publisher":{"@id":"https:\/\/zsps.poznan.pl\/#organization"},"potentialAction":[{"@type":"SearchAction","target":{"@type":"EntryPoint","urlTemplate":"https:\/\/zsps.poznan.pl\/?s={search_term_string}"},"query-input":{"@type":"PropertyValueSpecification","valueRequired":true,"valueName":"search_term_string"}}],"inLanguage":"pl-PL"},{"@type":"Organization","@id":"https:\/\/zsps.poznan.pl\/#organization","name":"Zesp\u00f3\u0142 Szk\u00f3\u0142 Przemys\u0142u Spo\u017cywczego","url":"https:\/\/zsps.poznan.pl\/","logo":{"@type":"ImageObject","inLanguage":"pl-PL","@id":"https:\/\/zsps.poznan.pl\/#\/schema\/logo\/image\/","url":"","contentUrl":"","caption":"Zesp\u00f3\u0142 Szk\u00f3\u0142 Przemys\u0142u Spo\u017cywczego"},"image":{"@id":"https:\/\/zsps.poznan.pl\/#\/schema\/logo\/image\/"},"sameAs":["https:\/\/www.facebook.com\/zsps.poznan"]},{"@type":"Person","@id":"https:\/\/zsps.poznan.pl\/#\/schema\/person\/bf4f06b8199611baa2487c65da45f97f","name":"halasm","image":{"@type":"ImageObject","inLanguage":"pl-PL","@id":"https:\/\/secure.gravatar.com\/avatar\/72063ee5d35dd9e48b97ffe48baccaac666c2551a77242abf07d226d89c95c53?s=96&d=retro&r=g","url":"https:\/\/secure.gravatar.com\/avatar\/72063ee5d35dd9e48b97ffe48baccaac666c2551a77242abf07d226d89c95c53?s=96&d=retro&r=g","contentUrl":"https:\/\/secure.gravatar.com\/avatar\/72063ee5d35dd9e48b97ffe48baccaac666c2551a77242abf07d226d89c95c53?s=96&d=retro&r=g","caption":"halasm"}}]}},"_links":{"self":[{"href":"https:\/\/zsps.poznan.pl\/index.php\/wp-json\/wp\/v2\/posts\/14998","targetHints":{"allow":["GET"]}}],"collection":[{"href":"https:\/\/zsps.poznan.pl\/index.php\/wp-json\/wp\/v2\/posts"}],"about":[{"href":"https:\/\/zsps.poznan.pl\/index.php\/wp-json\/wp\/v2\/types\/post"}],"author":[{"embeddable":true,"href":"https:\/\/zsps.poznan.pl\/index.php\/wp-json\/wp\/v2\/users\/8"}],"replies":[{"embeddable":true,"href":"https:\/\/zsps.poznan.pl\/index.php\/wp-json\/wp\/v2\/comments?post=14998"}],"version-history":[{"count":3,"href":"https:\/\/zsps.poznan.pl\/index.php\/wp-json\/wp\/v2\/posts\/14998\/revisions"}],"predecessor-version":[{"id":15014,"href":"https:\/\/zsps.poznan.pl\/index.php\/wp-json\/wp\/v2\/posts\/14998\/revisions\/15014"}],"wp:attachment":[{"href":"https:\/\/zsps.poznan.pl\/index.php\/wp-json\/wp\/v2\/media?parent=14998"}],"wp:term":[{"taxonomy":"category","embeddable":true,"href":"https:\/\/zsps.poznan.pl\/index.php\/wp-json\/wp\/v2\/categories?post=14998"},{"taxonomy":"post_tag","embeddable":true,"href":"https:\/\/zsps.poznan.pl\/index.php\/wp-json\/wp\/v2\/tags?post=14998"}],"curies":[{"name":"wp","href":"https:\/\/api.w.org\/{rel}","templated":true}]}}