{"id":15270,"date":"2025-02-23T18:49:45","date_gmt":"2025-02-23T17:49:45","guid":{"rendered":"https:\/\/zsps.poznan.pl\/?p=15270"},"modified":"2025-02-23T18:50:25","modified_gmt":"2025-02-23T17:50:25","slug":"wycieczka-do-hotelu-bazar","status":"publish","type":"post","link":"https:\/\/zsps.poznan.pl\/index.php\/wycieczka-do-hotelu-bazar\/","title":{"rendered":"Wycieczka do Hotelu Bazar"},"content":{"rendered":"\t\t<div data-elementor-type=\"wp-post\" data-elementor-id=\"15270\" class=\"elementor elementor-15270\">\n\t\t\t\t\t\t<section class=\"elementor-section elementor-top-section elementor-element elementor-element-c5103e5 elementor-section-boxed elementor-section-height-default elementor-section-height-default\" data-id=\"c5103e5\" data-element_type=\"section\" data-e-type=\"section\">\n\t\t\t\t\t\t<div class=\"elementor-container elementor-column-gap-default\">\n\t\t\t\t\t<div class=\"elementor-column elementor-col-100 elementor-top-column elementor-element elementor-element-049f8a6\" data-id=\"049f8a6\" data-element_type=\"column\" data-e-type=\"column\">\n\t\t\t<div class=\"elementor-widget-wrap elementor-element-populated\">\n\t\t\t\t\t\t<div class=\"elementor-element elementor-element-24277a0 elementor-widget elementor-widget-text-editor\" data-id=\"24277a0\" data-element_type=\"widget\" data-e-type=\"widget\" data-widget_type=\"text-editor.default\">\n\t\t\t\t<div class=\"elementor-widget-container\">\n\t\t\t\t\t\t\t\t\t<p>Dnia 21.02.2025 roku klasa 1 hotelarska wraz z nauczycielami przedmiot\u00f3w zawodowych Pani\u0105 Katarzyn\u0105 Herzog i Pani\u0105 Ann\u0105 Saj odwiedzili hotel Bazar, kt\u00f3ry znajduje si\u0119 w samym centrum Poznania.<\/p><p>Uczniowie zapoznali si\u0119 z jego histori\u0105 i osobami, kt\u00f3re odegra\u0142y znacz\u0105c\u0105 rol\u0119 i\u00a0 przyczynili si\u0119 do zapisania ich na kartach Poznania i Wielkopolski.<\/p><p>Hotel Bazar powsta\u0142 w 1838 roku dzi\u0119ki inicjatywie Karola Marcinkowskiego, kt\u00f3rej celem by\u0142a budowa hotelu przeznaczonego dla polskiej klienteli i sklep\u00f3w dla polskich kupc\u00f3w.<\/p><p>M\u0142odzie\u017c mia\u0142a mo\u017cliwo\u015b\u0107 zwiedzenia restauracji, kt\u00f3r\u0105 ze wzgl\u0119du na histori\u0119 tego miejsca nazwano &#8221; Bazar 1838&#8243;, a tak\u017ce Sali Bia\u0142ej w kt\u00f3rej regularnie odbywaj\u0105 si\u0119 wydarzenia kulturalne wspieraj\u0105ce i promuj\u0105ce sztuk\u0119.<\/p><p>Uczniowie byli pod wra\u017ceniem tego obiektu, kt\u00f3ry na d\u0142ugo pozostanie w ich pami\u0119ci. Mamy nadziej\u0119, \u017ce w momencie otwarcia zaplecza noclegowego b\u0119dziemy mieli okazj\u0119 w niej uczestniczy\u0107. Czekamy wi\u0119c z niecierpliwo\u015bci\u0105.<\/p>\t\t\t\t\t\t\t\t<\/div>\n\t\t\t\t<\/div>\n\t\t\t\t\t<\/div>\n\t\t<\/div>\n\t\t\t\t\t<\/div>\n\t\t<\/section>\n\t\t\t\t<section class=\"elementor-section elementor-top-section elementor-element elementor-element-0017fe0 elementor-section-boxed elementor-section-height-default elementor-section-height-default\" data-id=\"0017fe0\" data-element_type=\"section\" data-e-type=\"section\">\n\t\t\t\t\t\t<div class=\"elementor-container elementor-column-gap-default\">\n\t\t\t\t\t<div class=\"elementor-column elementor-col-100 elementor-top-column elementor-element elementor-element-fe0d09b\" data-id=\"fe0d09b\" data-element_type=\"column\" data-e-type=\"column\">\n\t\t\t<div class=\"elementor-widget-wrap elementor-element-populated\">\n\t\t\t\t\t\t<div class=\"elementor-element elementor-element-4507c4f elementor-widget elementor-widget-image-gallery\" data-id=\"4507c4f\" data-element_type=\"widget\" data-e-type=\"widget\" data-widget_type=\"image-gallery.default\">\n\t\t\t\t<div class=\"elementor-widget-container\">\n\t\t\t\t\t\t\t<div class=\"elementor-image-gallery\">\n\t\t\t<div id='gallery-1' class='gallery galleryid-15270 gallery-columns-5 gallery-size-thumbnail'><figure class='gallery-item'>\n\t\t\t<div class='gallery-icon landscape'>\n\t\t\t\t<a data-elementor-open-lightbox=\"yes\" data-elementor-lightbox-slideshow=\"4507c4f\" data-e-action-hash=\"#elementor-action%3Aaction%3Dlightbox%26settings%3DeyJpZCI6MTUyNzEsInVybCI6Imh0dHBzOlwvXC96c3BzLnBvem5hbi5wbFwvd3AtY29udGVudFwvdXBsb2Fkc1wvMjAyNVwvMDJcLzUzODY5ZDU4LTQxOTItNDAwNi1hYTI0LWM1ZDM5MDM0NTk1Zi5qcGVnIiwic2xpZGVzaG93IjoiNDUwN2M0ZiJ9\" href='https:\/\/zsps.poznan.pl\/wp-content\/uploads\/2025\/02\/53869d58-4192-4006-aa24-c5d39034595f.jpeg'><img decoding=\"async\" width=\"150\" height=\"150\" src=\"https:\/\/zsps.poznan.pl\/wp-content\/uploads\/2025\/02\/53869d58-4192-4006-aa24-c5d39034595f-150x150.jpeg\" class=\"attachment-thumbnail size-thumbnail\" alt=\"\" srcset=\"https:\/\/zsps.poznan.pl\/wp-content\/uploads\/2025\/02\/53869d58-4192-4006-aa24-c5d39034595f-150x150.jpeg 150w, https:\/\/zsps.poznan.pl\/wp-content\/uploads\/2025\/02\/53869d58-4192-4006-aa24-c5d39034595f-230x230.jpeg 230w, https:\/\/zsps.poznan.pl\/wp-content\/uploads\/2025\/02\/53869d58-4192-4006-aa24-c5d39034595f-365x365.jpeg 365w\" sizes=\"(max-width: 150px) 100vw, 150px\" \/><\/a>\n\t\t\t<\/div><\/figure><figure class='gallery-item'>\n\t\t\t<div class='gallery-icon portrait'>\n\t\t\t\t<a data-elementor-open-lightbox=\"yes\" data-elementor-lightbox-slideshow=\"4507c4f\" data-e-action-hash=\"#elementor-action%3Aaction%3Dlightbox%26settings%3DeyJpZCI6MTUyNzIsInVybCI6Imh0dHBzOlwvXC96c3BzLnBvem5hbi5wbFwvd3AtY29udGVudFwvdXBsb2Fkc1wvMjAyNVwvMDJcL2QzODIwNTQzLTUxYmItNDYwMy05ZDg1LTVkZTU0NDVlOGY5Yi5qcGVnIiwic2xpZGVzaG93IjoiNDUwN2M0ZiJ9\" href='https:\/\/zsps.poznan.pl\/wp-content\/uploads\/2025\/02\/d3820543-51bb-4603-9d85-5de5445e8f9b.jpeg'><img decoding=\"async\" width=\"150\" height=\"150\" src=\"https:\/\/zsps.poznan.pl\/wp-content\/uploads\/2025\/02\/d3820543-51bb-4603-9d85-5de5445e8f9b-150x150.jpeg\" class=\"attachment-thumbnail size-thumbnail\" alt=\"\" srcset=\"https:\/\/zsps.poznan.pl\/wp-content\/uploads\/2025\/02\/d3820543-51bb-4603-9d85-5de5445e8f9b-150x150.jpeg 150w, https:\/\/zsps.poznan.pl\/wp-content\/uploads\/2025\/02\/d3820543-51bb-4603-9d85-5de5445e8f9b-230x230.jpeg 230w, https:\/\/zsps.poznan.pl\/wp-content\/uploads\/2025\/02\/d3820543-51bb-4603-9d85-5de5445e8f9b-365x365.jpeg 365w\" sizes=\"(max-width: 150px) 100vw, 150px\" \/><\/a>\n\t\t\t<\/div><\/figure><figure class='gallery-item'>\n\t\t\t<div class='gallery-icon portrait'>\n\t\t\t\t<a data-elementor-open-lightbox=\"yes\" data-elementor-lightbox-slideshow=\"4507c4f\" data-e-action-hash=\"#elementor-action%3Aaction%3Dlightbox%26settings%3DeyJpZCI6MTUyNzMsInVybCI6Imh0dHBzOlwvXC96c3BzLnBvem5hbi5wbFwvd3AtY29udGVudFwvdXBsb2Fkc1wvMjAyNVwvMDJcLzY0NmZlOWI5LWIyZGQtNGQyMS1iMTQ5LWNlNDYyZmIyNzVhZS5qcGVnIiwic2xpZGVzaG93IjoiNDUwN2M0ZiJ9\" href='https:\/\/zsps.poznan.pl\/wp-content\/uploads\/2025\/02\/646fe9b9-b2dd-4d21-b149-ce462fb275ae.jpeg'><img decoding=\"async\" width=\"150\" height=\"150\" src=\"https:\/\/zsps.poznan.pl\/wp-content\/uploads\/2025\/02\/646fe9b9-b2dd-4d21-b149-ce462fb275ae-150x150.jpeg\" class=\"attachment-thumbnail size-thumbnail\" alt=\"\" srcset=\"https:\/\/zsps.poznan.pl\/wp-content\/uploads\/2025\/02\/646fe9b9-b2dd-4d21-b149-ce462fb275ae-150x150.jpeg 150w, https:\/\/zsps.poznan.pl\/wp-content\/uploads\/2025\/02\/646fe9b9-b2dd-4d21-b149-ce462fb275ae-230x230.jpeg 230w, https:\/\/zsps.poznan.pl\/wp-content\/uploads\/2025\/02\/646fe9b9-b2dd-4d21-b149-ce462fb275ae-365x365.jpeg 365w\" sizes=\"(max-width: 150px) 100vw, 150px\" \/><\/a>\n\t\t\t<\/div><\/figure><figure class='gallery-item'>\n\t\t\t<div class='gallery-icon portrait'>\n\t\t\t\t<a data-elementor-open-lightbox=\"yes\" data-elementor-lightbox-slideshow=\"4507c4f\" data-e-action-hash=\"#elementor-action%3Aaction%3Dlightbox%26settings%3DeyJpZCI6MTUyNzQsInVybCI6Imh0dHBzOlwvXC96c3BzLnBvem5hbi5wbFwvd3AtY29udGVudFwvdXBsb2Fkc1wvMjAyNVwvMDJcL2JiY2RlYTNkLTc3YjgtNGY2My05MGVhLWY2NDg2YzdjNjlmNC5qcGVnIiwic2xpZGVzaG93IjoiNDUwN2M0ZiJ9\" href='https:\/\/zsps.poznan.pl\/wp-content\/uploads\/2025\/02\/bbcdea3d-77b8-4f63-90ea-f6486c7c69f4.jpeg'><img loading=\"lazy\" decoding=\"async\" width=\"150\" height=\"150\" src=\"https:\/\/zsps.poznan.pl\/wp-content\/uploads\/2025\/02\/bbcdea3d-77b8-4f63-90ea-f6486c7c69f4-150x150.jpeg\" class=\"attachment-thumbnail size-thumbnail\" alt=\"\" srcset=\"https:\/\/zsps.poznan.pl\/wp-content\/uploads\/2025\/02\/bbcdea3d-77b8-4f63-90ea-f6486c7c69f4-150x150.jpeg 150w, https:\/\/zsps.poznan.pl\/wp-content\/uploads\/2025\/02\/bbcdea3d-77b8-4f63-90ea-f6486c7c69f4-230x230.jpeg 230w, https:\/\/zsps.poznan.pl\/wp-content\/uploads\/2025\/02\/bbcdea3d-77b8-4f63-90ea-f6486c7c69f4-365x365.jpeg 365w\" sizes=\"(max-width: 150px) 100vw, 150px\" \/><\/a>\n\t\t\t<\/div><\/figure><figure class='gallery-item'>\n\t\t\t<div class='gallery-icon portrait'>\n\t\t\t\t<a data-elementor-open-lightbox=\"yes\" data-elementor-lightbox-slideshow=\"4507c4f\" data-e-action-hash=\"#elementor-action%3Aaction%3Dlightbox%26settings%3DeyJpZCI6MTUyNzUsInVybCI6Imh0dHBzOlwvXC96c3BzLnBvem5hbi5wbFwvd3AtY29udGVudFwvdXBsb2Fkc1wvMjAyNVwvMDJcL2I0MDQ4OGQ3LWRmMDItNDNlMy05YWE3LWJlNmM4N2IxOWY5Zi5qcGVnIiwic2xpZGVzaG93IjoiNDUwN2M0ZiJ9\" href='https:\/\/zsps.poznan.pl\/wp-content\/uploads\/2025\/02\/b40488d7-df02-43e3-9aa7-be6c87b19f9f.jpeg'><img loading=\"lazy\" decoding=\"async\" width=\"150\" height=\"150\" src=\"https:\/\/zsps.poznan.pl\/wp-content\/uploads\/2025\/02\/b40488d7-df02-43e3-9aa7-be6c87b19f9f-150x150.jpeg\" class=\"attachment-thumbnail size-thumbnail\" alt=\"\" srcset=\"https:\/\/zsps.poznan.pl\/wp-content\/uploads\/2025\/02\/b40488d7-df02-43e3-9aa7-be6c87b19f9f-150x150.jpeg 150w, https:\/\/zsps.poznan.pl\/wp-content\/uploads\/2025\/02\/b40488d7-df02-43e3-9aa7-be6c87b19f9f-230x230.jpeg 230w, https:\/\/zsps.poznan.pl\/wp-content\/uploads\/2025\/02\/b40488d7-df02-43e3-9aa7-be6c87b19f9f-365x365.jpeg 365w\" sizes=\"(max-width: 150px) 100vw, 150px\" \/><\/a>\n\t\t\t<\/div><\/figure><figure class='gallery-item'>\n\t\t\t<div class='gallery-icon portrait'>\n\t\t\t\t<a data-elementor-open-lightbox=\"yes\" data-elementor-lightbox-slideshow=\"4507c4f\" data-e-action-hash=\"#elementor-action%3Aaction%3Dlightbox%26settings%3DeyJpZCI6MTUyNzYsInVybCI6Imh0dHBzOlwvXC96c3BzLnBvem5hbi5wbFwvd3AtY29udGVudFwvdXBsb2Fkc1wvMjAyNVwvMDJcLzEyMTZiMzg2LWRmOTQtNDE0YS1hNDZlLTFkM2VjNzdiYjQzNC5qcGVnIiwic2xpZGVzaG93IjoiNDUwN2M0ZiJ9\" href='https:\/\/zsps.poznan.pl\/wp-content\/uploads\/2025\/02\/1216b386-df94-414a-a46e-1d3ec77bb434.jpeg'><img loading=\"lazy\" decoding=\"async\" width=\"150\" height=\"150\" src=\"https:\/\/zsps.poznan.pl\/wp-content\/uploads\/2025\/02\/1216b386-df94-414a-a46e-1d3ec77bb434-150x150.jpeg\" class=\"attachment-thumbnail size-thumbnail\" alt=\"\" srcset=\"https:\/\/zsps.poznan.pl\/wp-content\/uploads\/2025\/02\/1216b386-df94-414a-a46e-1d3ec77bb434-150x150.jpeg 150w, https:\/\/zsps.poznan.pl\/wp-content\/uploads\/2025\/02\/1216b386-df94-414a-a46e-1d3ec77bb434-230x230.jpeg 230w, https:\/\/zsps.poznan.pl\/wp-content\/uploads\/2025\/02\/1216b386-df94-414a-a46e-1d3ec77bb434-365x365.jpeg 365w\" sizes=\"(max-width: 150px) 100vw, 150px\" \/><\/a>\n\t\t\t<\/div><\/figure><figure class='gallery-item'>\n\t\t\t<div class='gallery-icon portrait'>\n\t\t\t\t<a data-elementor-open-lightbox=\"yes\" data-elementor-lightbox-slideshow=\"4507c4f\" data-e-action-hash=\"#elementor-action%3Aaction%3Dlightbox%26settings%3DeyJpZCI6MTUyNzcsInVybCI6Imh0dHBzOlwvXC96c3BzLnBvem5hbi5wbFwvd3AtY29udGVudFwvdXBsb2Fkc1wvMjAyNVwvMDJcL2JjNDcwZWFkLTI0YmMtNGRhYi1hMmY4LTM0YTM2MWFlZWZjMC5qcGVnIiwic2xpZGVzaG93IjoiNDUwN2M0ZiJ9\" href='https:\/\/zsps.poznan.pl\/wp-content\/uploads\/2025\/02\/bc470ead-24bc-4dab-a2f8-34a361aeefc0.jpeg'><img loading=\"lazy\" decoding=\"async\" width=\"150\" height=\"150\" src=\"https:\/\/zsps.poznan.pl\/wp-content\/uploads\/2025\/02\/bc470ead-24bc-4dab-a2f8-34a361aeefc0-150x150.jpeg\" class=\"attachment-thumbnail size-thumbnail\" alt=\"\" srcset=\"https:\/\/zsps.poznan.pl\/wp-content\/uploads\/2025\/02\/bc470ead-24bc-4dab-a2f8-34a361aeefc0-150x150.jpeg 150w, https:\/\/zsps.poznan.pl\/wp-content\/uploads\/2025\/02\/bc470ead-24bc-4dab-a2f8-34a361aeefc0-230x230.jpeg 230w, https:\/\/zsps.poznan.pl\/wp-content\/uploads\/2025\/02\/bc470ead-24bc-4dab-a2f8-34a361aeefc0-365x365.jpeg 365w\" sizes=\"(max-width: 150px) 100vw, 150px\" \/><\/a>\n\t\t\t<\/div><\/figure><figure class='gallery-item'>\n\t\t\t<div class='gallery-icon portrait'>\n\t\t\t\t<a data-elementor-open-lightbox=\"yes\" data-elementor-lightbox-slideshow=\"4507c4f\" data-e-action-hash=\"#elementor-action%3Aaction%3Dlightbox%26settings%3DeyJpZCI6MTUyNzgsInVybCI6Imh0dHBzOlwvXC96c3BzLnBvem5hbi5wbFwvd3AtY29udGVudFwvdXBsb2Fkc1wvMjAyNVwvMDJcLzRmYTc0YmU5LWZmYjMtNGUwNS05ZDg0LWY2ODY1MjE0NTdjZC5qcGVnIiwic2xpZGVzaG93IjoiNDUwN2M0ZiJ9\" href='https:\/\/zsps.poznan.pl\/wp-content\/uploads\/2025\/02\/4fa74be9-ffb3-4e05-9d84-f686521457cd.jpeg'><img loading=\"lazy\" decoding=\"async\" width=\"150\" height=\"150\" src=\"https:\/\/zsps.poznan.pl\/wp-content\/uploads\/2025\/02\/4fa74be9-ffb3-4e05-9d84-f686521457cd-150x150.jpeg\" class=\"attachment-thumbnail size-thumbnail\" alt=\"\" srcset=\"https:\/\/zsps.poznan.pl\/wp-content\/uploads\/2025\/02\/4fa74be9-ffb3-4e05-9d84-f686521457cd-150x150.jpeg 150w, https:\/\/zsps.poznan.pl\/wp-content\/uploads\/2025\/02\/4fa74be9-ffb3-4e05-9d84-f686521457cd-230x230.jpeg 230w, https:\/\/zsps.poznan.pl\/wp-content\/uploads\/2025\/02\/4fa74be9-ffb3-4e05-9d84-f686521457cd-365x365.jpeg 365w\" sizes=\"(max-width: 150px) 100vw, 150px\" \/><\/a>\n\t\t\t<\/div><\/figure><figure class='gallery-item'>\n\t\t\t<div class='gallery-icon portrait'>\n\t\t\t\t<a data-elementor-open-lightbox=\"yes\" data-elementor-lightbox-slideshow=\"4507c4f\" data-e-action-hash=\"#elementor-action%3Aaction%3Dlightbox%26settings%3DeyJpZCI6MTUyNzksInVybCI6Imh0dHBzOlwvXC96c3BzLnBvem5hbi5wbFwvd3AtY29udGVudFwvdXBsb2Fkc1wvMjAyNVwvMDJcLzQ3MzQ4ZDU2LWEzZjEtNGFhNy1iMzQ1LWY1ZmY3YjA2MDRkNi5qcGVnIiwic2xpZGVzaG93IjoiNDUwN2M0ZiJ9\" href='https:\/\/zsps.poznan.pl\/wp-content\/uploads\/2025\/02\/47348d56-a3f1-4aa7-b345-f5ff7b0604d6.jpeg'><img loading=\"lazy\" decoding=\"async\" width=\"150\" height=\"150\" src=\"https:\/\/zsps.poznan.pl\/wp-content\/uploads\/2025\/02\/47348d56-a3f1-4aa7-b345-f5ff7b0604d6-150x150.jpeg\" class=\"attachment-thumbnail size-thumbnail\" alt=\"\" srcset=\"https:\/\/zsps.poznan.pl\/wp-content\/uploads\/2025\/02\/47348d56-a3f1-4aa7-b345-f5ff7b0604d6-150x150.jpeg 150w, https:\/\/zsps.poznan.pl\/wp-content\/uploads\/2025\/02\/47348d56-a3f1-4aa7-b345-f5ff7b0604d6-230x230.jpeg 230w, https:\/\/zsps.poznan.pl\/wp-content\/uploads\/2025\/02\/47348d56-a3f1-4aa7-b345-f5ff7b0604d6-365x365.jpeg 365w\" sizes=\"(max-width: 150px) 100vw, 150px\" \/><\/a>\n\t\t\t<\/div><\/figure><figure class='gallery-item'>\n\t\t\t<div class='gallery-icon portrait'>\n\t\t\t\t<a data-elementor-open-lightbox=\"yes\" data-elementor-lightbox-slideshow=\"4507c4f\" data-e-action-hash=\"#elementor-action%3Aaction%3Dlightbox%26settings%3DeyJpZCI6MTUyODAsInVybCI6Imh0dHBzOlwvXC96c3BzLnBvem5hbi5wbFwvd3AtY29udGVudFwvdXBsb2Fkc1wvMjAyNVwvMDJcL2VmYjczNjMxLWZkNzgtNDQzOC05YWJiLWJjNGIyYzFkYmFlNS5qcGVnIiwic2xpZGVzaG93IjoiNDUwN2M0ZiJ9\" href='https:\/\/zsps.poznan.pl\/wp-content\/uploads\/2025\/02\/efb73631-fd78-4438-9abb-bc4b2c1dbae5.jpeg'><img loading=\"lazy\" decoding=\"async\" width=\"150\" height=\"150\" src=\"https:\/\/zsps.poznan.pl\/wp-content\/uploads\/2025\/02\/efb73631-fd78-4438-9abb-bc4b2c1dbae5-150x150.jpeg\" class=\"attachment-thumbnail size-thumbnail\" alt=\"\" srcset=\"https:\/\/zsps.poznan.pl\/wp-content\/uploads\/2025\/02\/efb73631-fd78-4438-9abb-bc4b2c1dbae5-150x150.jpeg 150w, https:\/\/zsps.poznan.pl\/wp-content\/uploads\/2025\/02\/efb73631-fd78-4438-9abb-bc4b2c1dbae5-230x230.jpeg 230w, https:\/\/zsps.poznan.pl\/wp-content\/uploads\/2025\/02\/efb73631-fd78-4438-9abb-bc4b2c1dbae5-365x365.jpeg 365w\" sizes=\"(max-width: 150px) 100vw, 150px\" \/><\/a>\n\t\t\t<\/div><\/figure>\n\t\t<\/div>\n\t\t<\/div>\n\t\t\t\t\t\t<\/div>\n\t\t\t\t<\/div>\n\t\t\t\t\t<\/div>\n\t\t<\/div>\n\t\t\t\t\t<\/div>\n\t\t<\/section>\n\t\t\t\t<\/div>\n\t\t","protected":false},"excerpt":{"rendered":"<p>Dnia 21.02.2025 roku klasa 1 hotelarska wraz z nauczycielami przedmiot\u00f3w zawodowych Pani\u0105 Katarzyn\u0105 Herzog i Pani\u0105 Ann\u0105 Saj odwiedzili hotel Bazar, kt\u00f3ry znajduje si\u0119 w samym centrum Poznania. Uczniowie zapoznali si\u0119 z jego histori\u0105 i osobami, kt\u00f3re odegra\u0142y znacz\u0105c\u0105 rol\u0119<\/p>\n","protected":false},"author":7,"featured_media":0,"comment_status":"closed","ping_status":"closed","sticky":false,"template":"","format":"standard","meta":{"footnotes":""},"categories":[1],"tags":[],"class_list":["post-15270","post","type-post","status-publish","format-standard","hentry","category-aktualnosci"],"yoast_head":"<!-- This site is optimized with the Yoast SEO plugin v27.5 - https:\/\/yoast.com\/product\/yoast-seo-wordpress\/ -->\n<title>Wycieczka do Hotelu Bazar - ZESP\u00d3\u0141 SZK\u00d3\u0141 PRZEMYS\u0141U SPO\u017bYWCZEGO<\/title>\n<meta name=\"robots\" content=\"index, follow, max-snippet:-1, max-image-preview:large, max-video-preview:-1\" \/>\n<link rel=\"canonical\" href=\"https:\/\/zsps.poznan.pl\/index.php\/wycieczka-do-hotelu-bazar\/\" \/>\n<meta property=\"og:locale\" content=\"pl_PL\" \/>\n<meta property=\"og:type\" content=\"article\" \/>\n<meta property=\"og:title\" content=\"Wycieczka do Hotelu Bazar - ZESP\u00d3\u0141 SZK\u00d3\u0141 PRZEMYS\u0141U SPO\u017bYWCZEGO\" \/>\n<meta property=\"og:description\" content=\"Dnia 21.02.2025 roku klasa 1 hotelarska wraz z nauczycielami przedmiot\u00f3w zawodowych Pani\u0105 Katarzyn\u0105 Herzog i Pani\u0105 Ann\u0105 Saj odwiedzili hotel Bazar, kt\u00f3ry znajduje si\u0119 w samym centrum Poznania. Uczniowie zapoznali si\u0119 z jego histori\u0105 i osobami, kt\u00f3re odegra\u0142y znacz\u0105c\u0105 rol\u0119\" \/>\n<meta property=\"og:url\" content=\"https:\/\/zsps.poznan.pl\/index.php\/wycieczka-do-hotelu-bazar\/\" \/>\n<meta property=\"og:site_name\" content=\"ZESP\u00d3\u0141 SZK\u00d3\u0141 PRZEMYS\u0141U SPO\u017bYWCZEGO\" \/>\n<meta property=\"article:publisher\" content=\"https:\/\/www.facebook.com\/zsps.poznan\" \/>\n<meta property=\"article:published_time\" content=\"2025-02-23T17:49:45+00:00\" \/>\n<meta property=\"article:modified_time\" content=\"2025-02-23T17:50:25+00:00\" \/>\n<meta property=\"og:image\" content=\"https:\/\/zsps.poznan.pl\/wp-content\/uploads\/2025\/02\/53869d58-4192-4006-aa24-c5d39034595f-150x150.jpeg\" \/>\n<meta name=\"author\" content=\"barteckir\" \/>\n<meta name=\"twitter:card\" content=\"summary_large_image\" \/>\n<meta name=\"twitter:label1\" content=\"Napisane przez\" \/>\n\t<meta name=\"twitter:data1\" content=\"barteckir\" \/>\n\t<meta name=\"twitter:label2\" content=\"Szacowany czas czytania\" \/>\n\t<meta name=\"twitter:data2\" content=\"1 minuta\" \/>\n<script type=\"application\/ld+json\" class=\"yoast-schema-graph\">{\"@context\":\"https:\\\/\\\/schema.org\",\"@graph\":[{\"@type\":\"Article\",\"@id\":\"https:\\\/\\\/zsps.poznan.pl\\\/index.php\\\/wycieczka-do-hotelu-bazar\\\/#article\",\"isPartOf\":{\"@id\":\"https:\\\/\\\/zsps.poznan.pl\\\/index.php\\\/wycieczka-do-hotelu-bazar\\\/\"},\"author\":{\"name\":\"barteckir\",\"@id\":\"https:\\\/\\\/zsps.poznan.pl\\\/#\\\/schema\\\/person\\\/bd2786aff3d28d572ee3d08aa13cfba8\"},\"headline\":\"Wycieczka do Hotelu Bazar\",\"datePublished\":\"2025-02-23T17:49:45+00:00\",\"dateModified\":\"2025-02-23T17:50:25+00:00\",\"mainEntityOfPage\":{\"@id\":\"https:\\\/\\\/zsps.poznan.pl\\\/index.php\\\/wycieczka-do-hotelu-bazar\\\/\"},\"wordCount\":163,\"publisher\":{\"@id\":\"https:\\\/\\\/zsps.poznan.pl\\\/#organization\"},\"image\":{\"@id\":\"https:\\\/\\\/zsps.poznan.pl\\\/index.php\\\/wycieczka-do-hotelu-bazar\\\/#primaryimage\"},\"thumbnailUrl\":\"https:\\\/\\\/zsps.poznan.pl\\\/wp-content\\\/uploads\\\/2025\\\/02\\\/53869d58-4192-4006-aa24-c5d39034595f-150x150.jpeg\",\"articleSection\":[\"Aktualno\u015bci\"],\"inLanguage\":\"pl-PL\"},{\"@type\":\"WebPage\",\"@id\":\"https:\\\/\\\/zsps.poznan.pl\\\/index.php\\\/wycieczka-do-hotelu-bazar\\\/\",\"url\":\"https:\\\/\\\/zsps.poznan.pl\\\/index.php\\\/wycieczka-do-hotelu-bazar\\\/\",\"name\":\"Wycieczka do Hotelu Bazar - ZESP\u00d3\u0141 SZK\u00d3\u0141 PRZEMYS\u0141U SPO\u017bYWCZEGO\",\"isPartOf\":{\"@id\":\"https:\\\/\\\/zsps.poznan.pl\\\/#website\"},\"primaryImageOfPage\":{\"@id\":\"https:\\\/\\\/zsps.poznan.pl\\\/index.php\\\/wycieczka-do-hotelu-bazar\\\/#primaryimage\"},\"image\":{\"@id\":\"https:\\\/\\\/zsps.poznan.pl\\\/index.php\\\/wycieczka-do-hotelu-bazar\\\/#primaryimage\"},\"thumbnailUrl\":\"https:\\\/\\\/zsps.poznan.pl\\\/wp-content\\\/uploads\\\/2025\\\/02\\\/53869d58-4192-4006-aa24-c5d39034595f-150x150.jpeg\",\"datePublished\":\"2025-02-23T17:49:45+00:00\",\"dateModified\":\"2025-02-23T17:50:25+00:00\",\"breadcrumb\":{\"@id\":\"https:\\\/\\\/zsps.poznan.pl\\\/index.php\\\/wycieczka-do-hotelu-bazar\\\/#breadcrumb\"},\"inLanguage\":\"pl-PL\",\"potentialAction\":[{\"@type\":\"ReadAction\",\"target\":[\"https:\\\/\\\/zsps.poznan.pl\\\/index.php\\\/wycieczka-do-hotelu-bazar\\\/\"]}]},{\"@type\":\"ImageObject\",\"inLanguage\":\"pl-PL\",\"@id\":\"https:\\\/\\\/zsps.poznan.pl\\\/index.php\\\/wycieczka-do-hotelu-bazar\\\/#primaryimage\",\"url\":\"https:\\\/\\\/zsps.poznan.pl\\\/wp-content\\\/uploads\\\/2025\\\/02\\\/53869d58-4192-4006-aa24-c5d39034595f-150x150.jpeg\",\"contentUrl\":\"https:\\\/\\\/zsps.poznan.pl\\\/wp-content\\\/uploads\\\/2025\\\/02\\\/53869d58-4192-4006-aa24-c5d39034595f-150x150.jpeg\"},{\"@type\":\"BreadcrumbList\",\"@id\":\"https:\\\/\\\/zsps.poznan.pl\\\/index.php\\\/wycieczka-do-hotelu-bazar\\\/#breadcrumb\",\"itemListElement\":[{\"@type\":\"ListItem\",\"position\":1,\"name\":\"Strona g\u0142\u00f3wna\",\"item\":\"https:\\\/\\\/zsps.poznan.pl\\\/\"},{\"@type\":\"ListItem\",\"position\":2,\"name\":\"Wycieczka do Hotelu Bazar\"}]},{\"@type\":\"WebSite\",\"@id\":\"https:\\\/\\\/zsps.poznan.pl\\\/#website\",\"url\":\"https:\\\/\\\/zsps.poznan.pl\\\/\",\"name\":\"ZESP\u00d3\u0141 SZK\u00d3\u0141 PRZEMYS\u0141U SPO\u017bYWCZEGO\",\"description\":\"im. J. J. \u015aniadeckich w Poznaniu\",\"publisher\":{\"@id\":\"https:\\\/\\\/zsps.poznan.pl\\\/#organization\"},\"potentialAction\":[{\"@type\":\"SearchAction\",\"target\":{\"@type\":\"EntryPoint\",\"urlTemplate\":\"https:\\\/\\\/zsps.poznan.pl\\\/?s={search_term_string}\"},\"query-input\":{\"@type\":\"PropertyValueSpecification\",\"valueRequired\":true,\"valueName\":\"search_term_string\"}}],\"inLanguage\":\"pl-PL\"},{\"@type\":\"Organization\",\"@id\":\"https:\\\/\\\/zsps.poznan.pl\\\/#organization\",\"name\":\"Zesp\u00f3\u0142 Szk\u00f3\u0142 Przemys\u0142u Spo\u017cywczego\",\"url\":\"https:\\\/\\\/zsps.poznan.pl\\\/\",\"logo\":{\"@type\":\"ImageObject\",\"inLanguage\":\"pl-PL\",\"@id\":\"https:\\\/\\\/zsps.poznan.pl\\\/#\\\/schema\\\/logo\\\/image\\\/\",\"url\":\"\",\"contentUrl\":\"\",\"caption\":\"Zesp\u00f3\u0142 Szk\u00f3\u0142 Przemys\u0142u Spo\u017cywczego\"},\"image\":{\"@id\":\"https:\\\/\\\/zsps.poznan.pl\\\/#\\\/schema\\\/logo\\\/image\\\/\"},\"sameAs\":[\"https:\\\/\\\/www.facebook.com\\\/zsps.poznan\"]},{\"@type\":\"Person\",\"@id\":\"https:\\\/\\\/zsps.poznan.pl\\\/#\\\/schema\\\/person\\\/bd2786aff3d28d572ee3d08aa13cfba8\",\"name\":\"barteckir\",\"image\":{\"@type\":\"ImageObject\",\"inLanguage\":\"pl-PL\",\"@id\":\"https:\\\/\\\/secure.gravatar.com\\\/avatar\\\/467135196b1d7899a43486e26008f7675b9e000444ef035aa409397837c4cfd8?s=96&d=retro&r=g\",\"url\":\"https:\\\/\\\/secure.gravatar.com\\\/avatar\\\/467135196b1d7899a43486e26008f7675b9e000444ef035aa409397837c4cfd8?s=96&d=retro&r=g\",\"contentUrl\":\"https:\\\/\\\/secure.gravatar.com\\\/avatar\\\/467135196b1d7899a43486e26008f7675b9e000444ef035aa409397837c4cfd8?s=96&d=retro&r=g\",\"caption\":\"barteckir\"}}]}<\/script>\n<!-- \/ Yoast SEO plugin. -->","yoast_head_json":{"title":"Wycieczka do Hotelu Bazar - ZESP\u00d3\u0141 SZK\u00d3\u0141 PRZEMYS\u0141U SPO\u017bYWCZEGO","robots":{"index":"index","follow":"follow","max-snippet":"max-snippet:-1","max-image-preview":"max-image-preview:large","max-video-preview":"max-video-preview:-1"},"canonical":"https:\/\/zsps.poznan.pl\/index.php\/wycieczka-do-hotelu-bazar\/","og_locale":"pl_PL","og_type":"article","og_title":"Wycieczka do Hotelu Bazar - ZESP\u00d3\u0141 SZK\u00d3\u0141 PRZEMYS\u0141U SPO\u017bYWCZEGO","og_description":"Dnia 21.02.2025 roku klasa 1 hotelarska wraz z nauczycielami przedmiot\u00f3w zawodowych Pani\u0105 Katarzyn\u0105 Herzog i Pani\u0105 Ann\u0105 Saj odwiedzili hotel Bazar, kt\u00f3ry znajduje si\u0119 w samym centrum Poznania. Uczniowie zapoznali si\u0119 z jego histori\u0105 i osobami, kt\u00f3re odegra\u0142y znacz\u0105c\u0105 rol\u0119","og_url":"https:\/\/zsps.poznan.pl\/index.php\/wycieczka-do-hotelu-bazar\/","og_site_name":"ZESP\u00d3\u0141 SZK\u00d3\u0141 PRZEMYS\u0141U SPO\u017bYWCZEGO","article_publisher":"https:\/\/www.facebook.com\/zsps.poznan","article_published_time":"2025-02-23T17:49:45+00:00","article_modified_time":"2025-02-23T17:50:25+00:00","og_image":[{"url":"https:\/\/zsps.poznan.pl\/wp-content\/uploads\/2025\/02\/53869d58-4192-4006-aa24-c5d39034595f-150x150.jpeg","type":"","width":"","height":""}],"author":"barteckir","twitter_card":"summary_large_image","twitter_misc":{"Napisane przez":"barteckir","Szacowany czas czytania":"1 minuta"},"schema":{"@context":"https:\/\/schema.org","@graph":[{"@type":"Article","@id":"https:\/\/zsps.poznan.pl\/index.php\/wycieczka-do-hotelu-bazar\/#article","isPartOf":{"@id":"https:\/\/zsps.poznan.pl\/index.php\/wycieczka-do-hotelu-bazar\/"},"author":{"name":"barteckir","@id":"https:\/\/zsps.poznan.pl\/#\/schema\/person\/bd2786aff3d28d572ee3d08aa13cfba8"},"headline":"Wycieczka do Hotelu Bazar","datePublished":"2025-02-23T17:49:45+00:00","dateModified":"2025-02-23T17:50:25+00:00","mainEntityOfPage":{"@id":"https:\/\/zsps.poznan.pl\/index.php\/wycieczka-do-hotelu-bazar\/"},"wordCount":163,"publisher":{"@id":"https:\/\/zsps.poznan.pl\/#organization"},"image":{"@id":"https:\/\/zsps.poznan.pl\/index.php\/wycieczka-do-hotelu-bazar\/#primaryimage"},"thumbnailUrl":"https:\/\/zsps.poznan.pl\/wp-content\/uploads\/2025\/02\/53869d58-4192-4006-aa24-c5d39034595f-150x150.jpeg","articleSection":["Aktualno\u015bci"],"inLanguage":"pl-PL"},{"@type":"WebPage","@id":"https:\/\/zsps.poznan.pl\/index.php\/wycieczka-do-hotelu-bazar\/","url":"https:\/\/zsps.poznan.pl\/index.php\/wycieczka-do-hotelu-bazar\/","name":"Wycieczka do Hotelu Bazar - ZESP\u00d3\u0141 SZK\u00d3\u0141 PRZEMYS\u0141U SPO\u017bYWCZEGO","isPartOf":{"@id":"https:\/\/zsps.poznan.pl\/#website"},"primaryImageOfPage":{"@id":"https:\/\/zsps.poznan.pl\/index.php\/wycieczka-do-hotelu-bazar\/#primaryimage"},"image":{"@id":"https:\/\/zsps.poznan.pl\/index.php\/wycieczka-do-hotelu-bazar\/#primaryimage"},"thumbnailUrl":"https:\/\/zsps.poznan.pl\/wp-content\/uploads\/2025\/02\/53869d58-4192-4006-aa24-c5d39034595f-150x150.jpeg","datePublished":"2025-02-23T17:49:45+00:00","dateModified":"2025-02-23T17:50:25+00:00","breadcrumb":{"@id":"https:\/\/zsps.poznan.pl\/index.php\/wycieczka-do-hotelu-bazar\/#breadcrumb"},"inLanguage":"pl-PL","potentialAction":[{"@type":"ReadAction","target":["https:\/\/zsps.poznan.pl\/index.php\/wycieczka-do-hotelu-bazar\/"]}]},{"@type":"ImageObject","inLanguage":"pl-PL","@id":"https:\/\/zsps.poznan.pl\/index.php\/wycieczka-do-hotelu-bazar\/#primaryimage","url":"https:\/\/zsps.poznan.pl\/wp-content\/uploads\/2025\/02\/53869d58-4192-4006-aa24-c5d39034595f-150x150.jpeg","contentUrl":"https:\/\/zsps.poznan.pl\/wp-content\/uploads\/2025\/02\/53869d58-4192-4006-aa24-c5d39034595f-150x150.jpeg"},{"@type":"BreadcrumbList","@id":"https:\/\/zsps.poznan.pl\/index.php\/wycieczka-do-hotelu-bazar\/#breadcrumb","itemListElement":[{"@type":"ListItem","position":1,"name":"Strona g\u0142\u00f3wna","item":"https:\/\/zsps.poznan.pl\/"},{"@type":"ListItem","position":2,"name":"Wycieczka do Hotelu Bazar"}]},{"@type":"WebSite","@id":"https:\/\/zsps.poznan.pl\/#website","url":"https:\/\/zsps.poznan.pl\/","name":"ZESP\u00d3\u0141 SZK\u00d3\u0141 PRZEMYS\u0141U SPO\u017bYWCZEGO","description":"im. J. J. \u015aniadeckich w Poznaniu","publisher":{"@id":"https:\/\/zsps.poznan.pl\/#organization"},"potentialAction":[{"@type":"SearchAction","target":{"@type":"EntryPoint","urlTemplate":"https:\/\/zsps.poznan.pl\/?s={search_term_string}"},"query-input":{"@type":"PropertyValueSpecification","valueRequired":true,"valueName":"search_term_string"}}],"inLanguage":"pl-PL"},{"@type":"Organization","@id":"https:\/\/zsps.poznan.pl\/#organization","name":"Zesp\u00f3\u0142 Szk\u00f3\u0142 Przemys\u0142u Spo\u017cywczego","url":"https:\/\/zsps.poznan.pl\/","logo":{"@type":"ImageObject","inLanguage":"pl-PL","@id":"https:\/\/zsps.poznan.pl\/#\/schema\/logo\/image\/","url":"","contentUrl":"","caption":"Zesp\u00f3\u0142 Szk\u00f3\u0142 Przemys\u0142u Spo\u017cywczego"},"image":{"@id":"https:\/\/zsps.poznan.pl\/#\/schema\/logo\/image\/"},"sameAs":["https:\/\/www.facebook.com\/zsps.poznan"]},{"@type":"Person","@id":"https:\/\/zsps.poznan.pl\/#\/schema\/person\/bd2786aff3d28d572ee3d08aa13cfba8","name":"barteckir","image":{"@type":"ImageObject","inLanguage":"pl-PL","@id":"https:\/\/secure.gravatar.com\/avatar\/467135196b1d7899a43486e26008f7675b9e000444ef035aa409397837c4cfd8?s=96&d=retro&r=g","url":"https:\/\/secure.gravatar.com\/avatar\/467135196b1d7899a43486e26008f7675b9e000444ef035aa409397837c4cfd8?s=96&d=retro&r=g","contentUrl":"https:\/\/secure.gravatar.com\/avatar\/467135196b1d7899a43486e26008f7675b9e000444ef035aa409397837c4cfd8?s=96&d=retro&r=g","caption":"barteckir"}}]}},"_links":{"self":[{"href":"https:\/\/zsps.poznan.pl\/index.php\/wp-json\/wp\/v2\/posts\/15270","targetHints":{"allow":["GET"]}}],"collection":[{"href":"https:\/\/zsps.poznan.pl\/index.php\/wp-json\/wp\/v2\/posts"}],"about":[{"href":"https:\/\/zsps.poznan.pl\/index.php\/wp-json\/wp\/v2\/types\/post"}],"author":[{"embeddable":true,"href":"https:\/\/zsps.poznan.pl\/index.php\/wp-json\/wp\/v2\/users\/7"}],"replies":[{"embeddable":true,"href":"https:\/\/zsps.poznan.pl\/index.php\/wp-json\/wp\/v2\/comments?post=15270"}],"version-history":[{"count":3,"href":"https:\/\/zsps.poznan.pl\/index.php\/wp-json\/wp\/v2\/posts\/15270\/revisions"}],"predecessor-version":[{"id":15283,"href":"https:\/\/zsps.poznan.pl\/index.php\/wp-json\/wp\/v2\/posts\/15270\/revisions\/15283"}],"wp:attachment":[{"href":"https:\/\/zsps.poznan.pl\/index.php\/wp-json\/wp\/v2\/media?parent=15270"}],"wp:term":[{"taxonomy":"category","embeddable":true,"href":"https:\/\/zsps.poznan.pl\/index.php\/wp-json\/wp\/v2\/categories?post=15270"},{"taxonomy":"post_tag","embeddable":true,"href":"https:\/\/zsps.poznan.pl\/index.php\/wp-json\/wp\/v2\/tags?post=15270"}],"curies":[{"name":"wp","href":"https:\/\/api.w.org\/{rel}","templated":true}]}}