{"id":15329,"date":"2025-03-11T07:35:20","date_gmt":"2025-03-11T06:35:20","guid":{"rendered":"https:\/\/zsps.poznan.pl\/?p=15329"},"modified":"2025-03-11T07:40:30","modified_gmt":"2025-03-11T06:40:30","slug":"iii-festiwalu-rzemiosla","status":"publish","type":"post","link":"https:\/\/zsps.poznan.pl\/index.php\/iii-festiwalu-rzemiosla\/","title":{"rendered":"III Festiwalu Rzemios\u0142a"},"content":{"rendered":"\t\t<div data-elementor-type=\"wp-post\" data-elementor-id=\"15329\" class=\"elementor elementor-15329\">\n\t\t\t\t\t\t<section class=\"elementor-section elementor-top-section elementor-element elementor-element-72e027b elementor-section-boxed elementor-section-height-default elementor-section-height-default\" data-id=\"72e027b\" data-element_type=\"section\" data-e-type=\"section\">\n\t\t\t\t\t\t<div class=\"elementor-container elementor-column-gap-default\">\n\t\t\t\t\t<div class=\"elementor-column elementor-col-100 elementor-top-column elementor-element elementor-element-37b03106\" data-id=\"37b03106\" data-element_type=\"column\" data-e-type=\"column\">\n\t\t\t<div class=\"elementor-widget-wrap elementor-element-populated\">\n\t\t\t\t\t\t<div class=\"elementor-element elementor-element-56c38e8f elementor-widget elementor-widget-text-editor\" data-id=\"56c38e8f\" data-element_type=\"widget\" data-e-type=\"widget\" data-widget_type=\"text-editor.default\">\n\t\t\t\t<div class=\"elementor-widget-container\">\n\t\t\t\t\t\t\t\t\t<p>Szanowni Pa\u0144stwo,<\/p><p style=\"text-align: justify;\">Wielkopolska Izba Rzemie\u015blnicza w Poznaniu serdecznie zaprasza uczni\u00f3w wraz opiekunami z Pa\u0144stwa Szko\u0142y dnia <strong>9 maja br. (pi\u0105tek)<\/strong> w godzinach od 10-15:00 do udzia\u0142u w<strong> III Festiwalu Rzemios\u0142a oraz Grze Miejskiej\u00a0\u201eZaGRAjMY w RZEMIOS\u0141O\u201d<\/strong>.<\/p><p>Festiwal Rzemios\u0142a odbywa si\u0119 pod Honorowym Patronatem Marsza\u0142ka Wojew\u00f3dztwa Wielkopolskiego oraz Prezydenta Miasta Poznania i stanowi element kampanii \u201eSzacun dla Zawodowc\u00f3w\u201d organizowanej przez Miasto Pozna\u0144.<\/p><p>Festiwal dedykowany jest przede wszystkim uczniom klas 7 i 8 szk\u00f3\u0142 podstawowych.<\/p>\t\t\t\t\t\t\t\t<\/div>\n\t\t\t\t<\/div>\n\t\t\t\t\t<\/div>\n\t\t<\/div>\n\t\t\t\t\t<\/div>\n\t\t<\/section>\n\t\t\t\t<\/div>\n\t\t","protected":false},"excerpt":{"rendered":"<p>Szanowni Pa\u0144stwo, Wielkopolska Izba Rzemie\u015blnicza w Poznaniu serdecznie zaprasza uczni\u00f3w wraz opiekunami z Pa\u0144stwa Szko\u0142y dnia 9 maja br. (pi\u0105tek) w godzinach od 10-15:00 do udzia\u0142u w III Festiwalu Rzemios\u0142a oraz Grze Miejskiej\u00a0\u201eZaGRAjMY w RZEMIOS\u0141O\u201d. Festiwal Rzemios\u0142a odbywa si\u0119 pod<\/p>\n","protected":false},"author":9,"featured_media":0,"comment_status":"closed","ping_status":"closed","sticky":false,"template":"","format":"standard","meta":{"footnotes":""},"categories":[1],"tags":[],"class_list":["post-15329","post","type-post","status-publish","format-standard","hentry","category-aktualnosci"],"yoast_head":"<!-- This site is optimized with the Yoast SEO plugin v27.5 - https:\/\/yoast.com\/product\/yoast-seo-wordpress\/ -->\n<title>III Festiwalu Rzemios\u0142a - ZESP\u00d3\u0141 SZK\u00d3\u0141 PRZEMYS\u0141U SPO\u017bYWCZEGO<\/title>\n<meta name=\"robots\" content=\"index, follow, max-snippet:-1, max-image-preview:large, max-video-preview:-1\" \/>\n<link rel=\"canonical\" href=\"https:\/\/zsps.poznan.pl\/index.php\/iii-festiwalu-rzemiosla\/\" \/>\n<meta property=\"og:locale\" content=\"pl_PL\" \/>\n<meta property=\"og:type\" content=\"article\" \/>\n<meta property=\"og:title\" content=\"III Festiwalu Rzemios\u0142a - ZESP\u00d3\u0141 SZK\u00d3\u0141 PRZEMYS\u0141U SPO\u017bYWCZEGO\" \/>\n<meta property=\"og:description\" content=\"Szanowni Pa\u0144stwo, Wielkopolska Izba Rzemie\u015blnicza w Poznaniu serdecznie zaprasza uczni\u00f3w wraz opiekunami z Pa\u0144stwa Szko\u0142y dnia 9 maja br. (pi\u0105tek) w godzinach od 10-15:00 do udzia\u0142u w III Festiwalu Rzemios\u0142a oraz Grze Miejskiej\u00a0\u201eZaGRAjMY w RZEMIOS\u0141O\u201d. Festiwal Rzemios\u0142a odbywa si\u0119 pod\" \/>\n<meta property=\"og:url\" content=\"https:\/\/zsps.poznan.pl\/index.php\/iii-festiwalu-rzemiosla\/\" \/>\n<meta property=\"og:site_name\" content=\"ZESP\u00d3\u0141 SZK\u00d3\u0141 PRZEMYS\u0141U SPO\u017bYWCZEGO\" \/>\n<meta property=\"article:publisher\" content=\"https:\/\/www.facebook.com\/zsps.poznan\" \/>\n<meta property=\"article:published_time\" content=\"2025-03-11T06:35:20+00:00\" \/>\n<meta property=\"article:modified_time\" content=\"2025-03-11T06:40:30+00:00\" \/>\n<meta name=\"author\" content=\"nadmar\" \/>\n<meta name=\"twitter:card\" content=\"summary_large_image\" \/>\n<meta name=\"twitter:label1\" content=\"Napisane przez\" \/>\n\t<meta name=\"twitter:data1\" content=\"nadmar\" \/>\n\t<meta name=\"twitter:label2\" content=\"Szacowany czas czytania\" \/>\n\t<meta name=\"twitter:data2\" content=\"1 minuta\" \/>\n<script type=\"application\/ld+json\" class=\"yoast-schema-graph\">{\"@context\":\"https:\\\/\\\/schema.org\",\"@graph\":[{\"@type\":\"Article\",\"@id\":\"https:\\\/\\\/zsps.poznan.pl\\\/index.php\\\/iii-festiwalu-rzemiosla\\\/#article\",\"isPartOf\":{\"@id\":\"https:\\\/\\\/zsps.poznan.pl\\\/index.php\\\/iii-festiwalu-rzemiosla\\\/\"},\"author\":{\"name\":\"nadmar\",\"@id\":\"https:\\\/\\\/zsps.poznan.pl\\\/#\\\/schema\\\/person\\\/a863b9785be3f60f354ccce3c38e5e40\"},\"headline\":\"III Festiwalu Rzemios\u0142a\",\"datePublished\":\"2025-03-11T06:35:20+00:00\",\"dateModified\":\"2025-03-11T06:40:30+00:00\",\"mainEntityOfPage\":{\"@id\":\"https:\\\/\\\/zsps.poznan.pl\\\/index.php\\\/iii-festiwalu-rzemiosla\\\/\"},\"wordCount\":87,\"publisher\":{\"@id\":\"https:\\\/\\\/zsps.poznan.pl\\\/#organization\"},\"articleSection\":[\"Aktualno\u015bci\"],\"inLanguage\":\"pl-PL\"},{\"@type\":\"WebPage\",\"@id\":\"https:\\\/\\\/zsps.poznan.pl\\\/index.php\\\/iii-festiwalu-rzemiosla\\\/\",\"url\":\"https:\\\/\\\/zsps.poznan.pl\\\/index.php\\\/iii-festiwalu-rzemiosla\\\/\",\"name\":\"III Festiwalu Rzemios\u0142a - ZESP\u00d3\u0141 SZK\u00d3\u0141 PRZEMYS\u0141U SPO\u017bYWCZEGO\",\"isPartOf\":{\"@id\":\"https:\\\/\\\/zsps.poznan.pl\\\/#website\"},\"datePublished\":\"2025-03-11T06:35:20+00:00\",\"dateModified\":\"2025-03-11T06:40:30+00:00\",\"breadcrumb\":{\"@id\":\"https:\\\/\\\/zsps.poznan.pl\\\/index.php\\\/iii-festiwalu-rzemiosla\\\/#breadcrumb\"},\"inLanguage\":\"pl-PL\",\"potentialAction\":[{\"@type\":\"ReadAction\",\"target\":[\"https:\\\/\\\/zsps.poznan.pl\\\/index.php\\\/iii-festiwalu-rzemiosla\\\/\"]}]},{\"@type\":\"BreadcrumbList\",\"@id\":\"https:\\\/\\\/zsps.poznan.pl\\\/index.php\\\/iii-festiwalu-rzemiosla\\\/#breadcrumb\",\"itemListElement\":[{\"@type\":\"ListItem\",\"position\":1,\"name\":\"Strona g\u0142\u00f3wna\",\"item\":\"https:\\\/\\\/zsps.poznan.pl\\\/\"},{\"@type\":\"ListItem\",\"position\":2,\"name\":\"III Festiwalu Rzemios\u0142a\"}]},{\"@type\":\"WebSite\",\"@id\":\"https:\\\/\\\/zsps.poznan.pl\\\/#website\",\"url\":\"https:\\\/\\\/zsps.poznan.pl\\\/\",\"name\":\"ZESP\u00d3\u0141 SZK\u00d3\u0141 PRZEMYS\u0141U SPO\u017bYWCZEGO\",\"description\":\"im. J. J. \u015aniadeckich w Poznaniu\",\"publisher\":{\"@id\":\"https:\\\/\\\/zsps.poznan.pl\\\/#organization\"},\"potentialAction\":[{\"@type\":\"SearchAction\",\"target\":{\"@type\":\"EntryPoint\",\"urlTemplate\":\"https:\\\/\\\/zsps.poznan.pl\\\/?s={search_term_string}\"},\"query-input\":{\"@type\":\"PropertyValueSpecification\",\"valueRequired\":true,\"valueName\":\"search_term_string\"}}],\"inLanguage\":\"pl-PL\"},{\"@type\":\"Organization\",\"@id\":\"https:\\\/\\\/zsps.poznan.pl\\\/#organization\",\"name\":\"Zesp\u00f3\u0142 Szk\u00f3\u0142 Przemys\u0142u Spo\u017cywczego\",\"url\":\"https:\\\/\\\/zsps.poznan.pl\\\/\",\"logo\":{\"@type\":\"ImageObject\",\"inLanguage\":\"pl-PL\",\"@id\":\"https:\\\/\\\/zsps.poznan.pl\\\/#\\\/schema\\\/logo\\\/image\\\/\",\"url\":\"\",\"contentUrl\":\"\",\"caption\":\"Zesp\u00f3\u0142 Szk\u00f3\u0142 Przemys\u0142u Spo\u017cywczego\"},\"image\":{\"@id\":\"https:\\\/\\\/zsps.poznan.pl\\\/#\\\/schema\\\/logo\\\/image\\\/\"},\"sameAs\":[\"https:\\\/\\\/www.facebook.com\\\/zsps.poznan\"]},{\"@type\":\"Person\",\"@id\":\"https:\\\/\\\/zsps.poznan.pl\\\/#\\\/schema\\\/person\\\/a863b9785be3f60f354ccce3c38e5e40\",\"name\":\"nadmar\",\"image\":{\"@type\":\"ImageObject\",\"inLanguage\":\"pl-PL\",\"@id\":\"https:\\\/\\\/secure.gravatar.com\\\/avatar\\\/b4d534ea38356e3a5696eca7a2e56387a75fb988135566ff6c02baac234afdc8?s=96&d=retro&r=g\",\"url\":\"https:\\\/\\\/secure.gravatar.com\\\/avatar\\\/b4d534ea38356e3a5696eca7a2e56387a75fb988135566ff6c02baac234afdc8?s=96&d=retro&r=g\",\"contentUrl\":\"https:\\\/\\\/secure.gravatar.com\\\/avatar\\\/b4d534ea38356e3a5696eca7a2e56387a75fb988135566ff6c02baac234afdc8?s=96&d=retro&r=g\",\"caption\":\"nadmar\"}}]}<\/script>\n<!-- \/ Yoast SEO plugin. -->","yoast_head_json":{"title":"III Festiwalu Rzemios\u0142a - ZESP\u00d3\u0141 SZK\u00d3\u0141 PRZEMYS\u0141U SPO\u017bYWCZEGO","robots":{"index":"index","follow":"follow","max-snippet":"max-snippet:-1","max-image-preview":"max-image-preview:large","max-video-preview":"max-video-preview:-1"},"canonical":"https:\/\/zsps.poznan.pl\/index.php\/iii-festiwalu-rzemiosla\/","og_locale":"pl_PL","og_type":"article","og_title":"III Festiwalu Rzemios\u0142a - ZESP\u00d3\u0141 SZK\u00d3\u0141 PRZEMYS\u0141U SPO\u017bYWCZEGO","og_description":"Szanowni Pa\u0144stwo, Wielkopolska Izba Rzemie\u015blnicza w Poznaniu serdecznie zaprasza uczni\u00f3w wraz opiekunami z Pa\u0144stwa Szko\u0142y dnia 9 maja br. (pi\u0105tek) w godzinach od 10-15:00 do udzia\u0142u w III Festiwalu Rzemios\u0142a oraz Grze Miejskiej\u00a0\u201eZaGRAjMY w RZEMIOS\u0141O\u201d. Festiwal Rzemios\u0142a odbywa si\u0119 pod","og_url":"https:\/\/zsps.poznan.pl\/index.php\/iii-festiwalu-rzemiosla\/","og_site_name":"ZESP\u00d3\u0141 SZK\u00d3\u0141 PRZEMYS\u0141U SPO\u017bYWCZEGO","article_publisher":"https:\/\/www.facebook.com\/zsps.poznan","article_published_time":"2025-03-11T06:35:20+00:00","article_modified_time":"2025-03-11T06:40:30+00:00","author":"nadmar","twitter_card":"summary_large_image","twitter_misc":{"Napisane przez":"nadmar","Szacowany czas czytania":"1 minuta"},"schema":{"@context":"https:\/\/schema.org","@graph":[{"@type":"Article","@id":"https:\/\/zsps.poznan.pl\/index.php\/iii-festiwalu-rzemiosla\/#article","isPartOf":{"@id":"https:\/\/zsps.poznan.pl\/index.php\/iii-festiwalu-rzemiosla\/"},"author":{"name":"nadmar","@id":"https:\/\/zsps.poznan.pl\/#\/schema\/person\/a863b9785be3f60f354ccce3c38e5e40"},"headline":"III Festiwalu Rzemios\u0142a","datePublished":"2025-03-11T06:35:20+00:00","dateModified":"2025-03-11T06:40:30+00:00","mainEntityOfPage":{"@id":"https:\/\/zsps.poznan.pl\/index.php\/iii-festiwalu-rzemiosla\/"},"wordCount":87,"publisher":{"@id":"https:\/\/zsps.poznan.pl\/#organization"},"articleSection":["Aktualno\u015bci"],"inLanguage":"pl-PL"},{"@type":"WebPage","@id":"https:\/\/zsps.poznan.pl\/index.php\/iii-festiwalu-rzemiosla\/","url":"https:\/\/zsps.poznan.pl\/index.php\/iii-festiwalu-rzemiosla\/","name":"III Festiwalu Rzemios\u0142a - ZESP\u00d3\u0141 SZK\u00d3\u0141 PRZEMYS\u0141U SPO\u017bYWCZEGO","isPartOf":{"@id":"https:\/\/zsps.poznan.pl\/#website"},"datePublished":"2025-03-11T06:35:20+00:00","dateModified":"2025-03-11T06:40:30+00:00","breadcrumb":{"@id":"https:\/\/zsps.poznan.pl\/index.php\/iii-festiwalu-rzemiosla\/#breadcrumb"},"inLanguage":"pl-PL","potentialAction":[{"@type":"ReadAction","target":["https:\/\/zsps.poznan.pl\/index.php\/iii-festiwalu-rzemiosla\/"]}]},{"@type":"BreadcrumbList","@id":"https:\/\/zsps.poznan.pl\/index.php\/iii-festiwalu-rzemiosla\/#breadcrumb","itemListElement":[{"@type":"ListItem","position":1,"name":"Strona g\u0142\u00f3wna","item":"https:\/\/zsps.poznan.pl\/"},{"@type":"ListItem","position":2,"name":"III Festiwalu Rzemios\u0142a"}]},{"@type":"WebSite","@id":"https:\/\/zsps.poznan.pl\/#website","url":"https:\/\/zsps.poznan.pl\/","name":"ZESP\u00d3\u0141 SZK\u00d3\u0141 PRZEMYS\u0141U SPO\u017bYWCZEGO","description":"im. J. J. \u015aniadeckich w Poznaniu","publisher":{"@id":"https:\/\/zsps.poznan.pl\/#organization"},"potentialAction":[{"@type":"SearchAction","target":{"@type":"EntryPoint","urlTemplate":"https:\/\/zsps.poznan.pl\/?s={search_term_string}"},"query-input":{"@type":"PropertyValueSpecification","valueRequired":true,"valueName":"search_term_string"}}],"inLanguage":"pl-PL"},{"@type":"Organization","@id":"https:\/\/zsps.poznan.pl\/#organization","name":"Zesp\u00f3\u0142 Szk\u00f3\u0142 Przemys\u0142u Spo\u017cywczego","url":"https:\/\/zsps.poznan.pl\/","logo":{"@type":"ImageObject","inLanguage":"pl-PL","@id":"https:\/\/zsps.poznan.pl\/#\/schema\/logo\/image\/","url":"","contentUrl":"","caption":"Zesp\u00f3\u0142 Szk\u00f3\u0142 Przemys\u0142u Spo\u017cywczego"},"image":{"@id":"https:\/\/zsps.poznan.pl\/#\/schema\/logo\/image\/"},"sameAs":["https:\/\/www.facebook.com\/zsps.poznan"]},{"@type":"Person","@id":"https:\/\/zsps.poznan.pl\/#\/schema\/person\/a863b9785be3f60f354ccce3c38e5e40","name":"nadmar","image":{"@type":"ImageObject","inLanguage":"pl-PL","@id":"https:\/\/secure.gravatar.com\/avatar\/b4d534ea38356e3a5696eca7a2e56387a75fb988135566ff6c02baac234afdc8?s=96&d=retro&r=g","url":"https:\/\/secure.gravatar.com\/avatar\/b4d534ea38356e3a5696eca7a2e56387a75fb988135566ff6c02baac234afdc8?s=96&d=retro&r=g","contentUrl":"https:\/\/secure.gravatar.com\/avatar\/b4d534ea38356e3a5696eca7a2e56387a75fb988135566ff6c02baac234afdc8?s=96&d=retro&r=g","caption":"nadmar"}}]}},"_links":{"self":[{"href":"https:\/\/zsps.poznan.pl\/index.php\/wp-json\/wp\/v2\/posts\/15329","targetHints":{"allow":["GET"]}}],"collection":[{"href":"https:\/\/zsps.poznan.pl\/index.php\/wp-json\/wp\/v2\/posts"}],"about":[{"href":"https:\/\/zsps.poznan.pl\/index.php\/wp-json\/wp\/v2\/types\/post"}],"author":[{"embeddable":true,"href":"https:\/\/zsps.poznan.pl\/index.php\/wp-json\/wp\/v2\/users\/9"}],"replies":[{"embeddable":true,"href":"https:\/\/zsps.poznan.pl\/index.php\/wp-json\/wp\/v2\/comments?post=15329"}],"version-history":[{"count":4,"href":"https:\/\/zsps.poznan.pl\/index.php\/wp-json\/wp\/v2\/posts\/15329\/revisions"}],"predecessor-version":[{"id":15333,"href":"https:\/\/zsps.poznan.pl\/index.php\/wp-json\/wp\/v2\/posts\/15329\/revisions\/15333"}],"wp:attachment":[{"href":"https:\/\/zsps.poznan.pl\/index.php\/wp-json\/wp\/v2\/media?parent=15329"}],"wp:term":[{"taxonomy":"category","embeddable":true,"href":"https:\/\/zsps.poznan.pl\/index.php\/wp-json\/wp\/v2\/categories?post=15329"},{"taxonomy":"post_tag","embeddable":true,"href":"https:\/\/zsps.poznan.pl\/index.php\/wp-json\/wp\/v2\/tags?post=15329"}],"curies":[{"name":"wp","href":"https:\/\/api.w.org\/{rel}","templated":true}]}}