{"id":16198,"date":"2025-08-22T11:55:30","date_gmt":"2025-08-22T09:55:30","guid":{"rendered":"https:\/\/zsps.poznan.pl\/?p=16198"},"modified":"2025-08-22T11:55:43","modified_gmt":"2025-08-22T09:55:43","slug":"uroczyste-rozpoczecie-roku-szkolnego-2025-2026","status":"publish","type":"post","link":"https:\/\/zsps.poznan.pl\/index.php\/uroczyste-rozpoczecie-roku-szkolnego-2025-2026\/","title":{"rendered":"Uroczyste Rozpocz\u0119cie Roku Szkolnego 2025\/2026"},"content":{"rendered":"<div class=\"x14z9mp xat24cr x1lziwak x1vvkbs xtlvy1s x126k92a\">\n<div dir=\"auto\">Serdecznie zapraszamy na uroczyste rozpocz\u0119cie roku szkolnego <strong>2025\/2026 dnia 01 wrze\u015bnia<\/strong> b.r.<\/div>\n<\/div>\n<div class=\"x14z9mp xat24cr x1lziwak x1vvkbs xtlvy1s x126k92a\">\n<div dir=\"auto\">Spotkania b\u0119d\u0105 odbywa\u0107 si\u0119 wed\u0142ug poni\u017cszego harmonogramu:<\/div>\n<\/div>\n<div class=\"x14z9mp xat24cr x1lziwak x1vvkbs xtlvy1s x126k92a\">\n<div dir=\"auto\">godzina 9:00 \u2013 uczniowie klas pierwszych Technikum Przemys\u0142u Spo\u017cywczego \u2013 miejsce sala gimnastyczna;<\/div>\n<\/div>\n<div class=\"x14z9mp xat24cr x1lziwak x1vvkbs xtlvy1s x126k92a\">\n<div dir=\"auto\">godzina 10:00 \u2013 uczniowie klas pierwszych Bran\u017cowej Szko\u0142y I Stopnia \u2013 miejsce sala gimnastyczna;<\/div>\n<\/div>\n<div class=\"x14z9mp xat24cr x1lziwak x1vvkbs xtlvy1s x126k92a\">\n<div dir=\"auto\">godzina 09:00 \u2013 klasy drugie oraz trzecie Technikum Przemys\u0142u Spo\u017cywczego \u2013 spotkania z wychowawcami w salach;<\/div>\n<\/div>\n<div class=\"x14z9mp xat24cr x1lziwak x1vvkbs xtlvy1s x126k92a\">\n<div dir=\"auto\">godzina 10:00 \u2013 klasy czwarte oraz pi\u0105te Technikum Przemys\u0142u Spo\u017cywczego \u2013 spotkania z wychowawcami w salach;<\/div>\n<\/div>\n<div class=\"x14z9mp xat24cr x1lziwak x1vvkbs xtlvy1s x126k92a\">\n<div dir=\"auto\">godzina 11:00 \u2013 klasy drugie oraz trzecie Bran\u017cowej Szko\u0142y I Stopnia \u2013 spotkania z wychowawcami w salach.<\/div>\n<\/div>\n<div class=\"x14z9mp xat24cr x1lziwak x1vvkbs xtlvy1s x126k92a\">\n<div dir=\"auto\">Serdecznie zapraszamy. Przypominamy o odpowiednim stroju.<\/div>\n<\/div>\n","protected":false},"excerpt":{"rendered":"<p>Serdecznie zapraszamy na uroczyste rozpocz\u0119cie roku szkolnego 2025\/2026 dnia 01 wrze\u015bnia b.r. Spotkania b\u0119d\u0105 odbywa\u0107 si\u0119 wed\u0142ug poni\u017cszego harmonogramu: godzina 9:00 \u2013 uczniowie klas pierwszych Technikum Przemys\u0142u Spo\u017cywczego \u2013 miejsce sala gimnastyczna; godzina 10:00 \u2013 uczniowie klas pierwszych Bran\u017cowej Szko\u0142y<\/p>\n","protected":false},"author":9,"featured_media":0,"comment_status":"closed","ping_status":"closed","sticky":false,"template":"","format":"standard","meta":{"footnotes":""},"categories":[1],"tags":[],"class_list":["post-16198","post","type-post","status-publish","format-standard","hentry","category-aktualnosci"],"yoast_head":"<!-- This site is optimized with the Yoast SEO plugin v27.5 - https:\/\/yoast.com\/product\/yoast-seo-wordpress\/ -->\n<title>Uroczyste Rozpocz\u0119cie Roku Szkolnego 2025\/2026 - ZESP\u00d3\u0141 SZK\u00d3\u0141 PRZEMYS\u0141U SPO\u017bYWCZEGO<\/title>\n<meta name=\"robots\" content=\"index, follow, max-snippet:-1, max-image-preview:large, max-video-preview:-1\" \/>\n<link rel=\"canonical\" href=\"https:\/\/zsps.poznan.pl\/index.php\/uroczyste-rozpoczecie-roku-szkolnego-2025-2026\/\" \/>\n<meta property=\"og:locale\" content=\"pl_PL\" \/>\n<meta property=\"og:type\" content=\"article\" \/>\n<meta property=\"og:title\" content=\"Uroczyste Rozpocz\u0119cie Roku Szkolnego 2025\/2026 - ZESP\u00d3\u0141 SZK\u00d3\u0141 PRZEMYS\u0141U SPO\u017bYWCZEGO\" \/>\n<meta property=\"og:description\" content=\"Serdecznie zapraszamy na uroczyste rozpocz\u0119cie roku szkolnego 2025\/2026 dnia 01 wrze\u015bnia b.r. Spotkania b\u0119d\u0105 odbywa\u0107 si\u0119 wed\u0142ug poni\u017cszego harmonogramu: godzina 9:00 \u2013 uczniowie klas pierwszych Technikum Przemys\u0142u Spo\u017cywczego \u2013 miejsce sala gimnastyczna; godzina 10:00 \u2013 uczniowie klas pierwszych Bran\u017cowej Szko\u0142y\" \/>\n<meta property=\"og:url\" content=\"https:\/\/zsps.poznan.pl\/index.php\/uroczyste-rozpoczecie-roku-szkolnego-2025-2026\/\" \/>\n<meta property=\"og:site_name\" content=\"ZESP\u00d3\u0141 SZK\u00d3\u0141 PRZEMYS\u0141U SPO\u017bYWCZEGO\" \/>\n<meta property=\"article:publisher\" content=\"https:\/\/www.facebook.com\/zsps.poznan\" \/>\n<meta property=\"article:published_time\" content=\"2025-08-22T09:55:30+00:00\" \/>\n<meta property=\"article:modified_time\" content=\"2025-08-22T09:55:43+00:00\" \/>\n<meta name=\"author\" content=\"nadmar\" \/>\n<meta name=\"twitter:card\" content=\"summary_large_image\" \/>\n<meta name=\"twitter:label1\" content=\"Napisane przez\" \/>\n\t<meta name=\"twitter:data1\" content=\"nadmar\" \/>\n\t<meta name=\"twitter:label2\" content=\"Szacowany czas czytania\" \/>\n\t<meta name=\"twitter:data2\" content=\"1 minuta\" \/>\n<script type=\"application\/ld+json\" class=\"yoast-schema-graph\">{\"@context\":\"https:\\\/\\\/schema.org\",\"@graph\":[{\"@type\":\"Article\",\"@id\":\"https:\\\/\\\/zsps.poznan.pl\\\/index.php\\\/uroczyste-rozpoczecie-roku-szkolnego-2025-2026\\\/#article\",\"isPartOf\":{\"@id\":\"https:\\\/\\\/zsps.poznan.pl\\\/index.php\\\/uroczyste-rozpoczecie-roku-szkolnego-2025-2026\\\/\"},\"author\":{\"name\":\"nadmar\",\"@id\":\"https:\\\/\\\/zsps.poznan.pl\\\/#\\\/schema\\\/person\\\/a863b9785be3f60f354ccce3c38e5e40\"},\"headline\":\"Uroczyste Rozpocz\u0119cie Roku Szkolnego 2025\\\/2026\",\"datePublished\":\"2025-08-22T09:55:30+00:00\",\"dateModified\":\"2025-08-22T09:55:43+00:00\",\"mainEntityOfPage\":{\"@id\":\"https:\\\/\\\/zsps.poznan.pl\\\/index.php\\\/uroczyste-rozpoczecie-roku-szkolnego-2025-2026\\\/\"},\"wordCount\":106,\"publisher\":{\"@id\":\"https:\\\/\\\/zsps.poznan.pl\\\/#organization\"},\"articleSection\":[\"Aktualno\u015bci\"],\"inLanguage\":\"pl-PL\"},{\"@type\":\"WebPage\",\"@id\":\"https:\\\/\\\/zsps.poznan.pl\\\/index.php\\\/uroczyste-rozpoczecie-roku-szkolnego-2025-2026\\\/\",\"url\":\"https:\\\/\\\/zsps.poznan.pl\\\/index.php\\\/uroczyste-rozpoczecie-roku-szkolnego-2025-2026\\\/\",\"name\":\"Uroczyste Rozpocz\u0119cie Roku Szkolnego 2025\\\/2026 - ZESP\u00d3\u0141 SZK\u00d3\u0141 PRZEMYS\u0141U SPO\u017bYWCZEGO\",\"isPartOf\":{\"@id\":\"https:\\\/\\\/zsps.poznan.pl\\\/#website\"},\"datePublished\":\"2025-08-22T09:55:30+00:00\",\"dateModified\":\"2025-08-22T09:55:43+00:00\",\"breadcrumb\":{\"@id\":\"https:\\\/\\\/zsps.poznan.pl\\\/index.php\\\/uroczyste-rozpoczecie-roku-szkolnego-2025-2026\\\/#breadcrumb\"},\"inLanguage\":\"pl-PL\",\"potentialAction\":[{\"@type\":\"ReadAction\",\"target\":[\"https:\\\/\\\/zsps.poznan.pl\\\/index.php\\\/uroczyste-rozpoczecie-roku-szkolnego-2025-2026\\\/\"]}]},{\"@type\":\"BreadcrumbList\",\"@id\":\"https:\\\/\\\/zsps.poznan.pl\\\/index.php\\\/uroczyste-rozpoczecie-roku-szkolnego-2025-2026\\\/#breadcrumb\",\"itemListElement\":[{\"@type\":\"ListItem\",\"position\":1,\"name\":\"Strona g\u0142\u00f3wna\",\"item\":\"https:\\\/\\\/zsps.poznan.pl\\\/\"},{\"@type\":\"ListItem\",\"position\":2,\"name\":\"Uroczyste Rozpocz\u0119cie Roku Szkolnego 2025\\\/2026\"}]},{\"@type\":\"WebSite\",\"@id\":\"https:\\\/\\\/zsps.poznan.pl\\\/#website\",\"url\":\"https:\\\/\\\/zsps.poznan.pl\\\/\",\"name\":\"ZESP\u00d3\u0141 SZK\u00d3\u0141 PRZEMYS\u0141U SPO\u017bYWCZEGO\",\"description\":\"im. J. J. \u015aniadeckich w Poznaniu\",\"publisher\":{\"@id\":\"https:\\\/\\\/zsps.poznan.pl\\\/#organization\"},\"potentialAction\":[{\"@type\":\"SearchAction\",\"target\":{\"@type\":\"EntryPoint\",\"urlTemplate\":\"https:\\\/\\\/zsps.poznan.pl\\\/?s={search_term_string}\"},\"query-input\":{\"@type\":\"PropertyValueSpecification\",\"valueRequired\":true,\"valueName\":\"search_term_string\"}}],\"inLanguage\":\"pl-PL\"},{\"@type\":\"Organization\",\"@id\":\"https:\\\/\\\/zsps.poznan.pl\\\/#organization\",\"name\":\"Zesp\u00f3\u0142 Szk\u00f3\u0142 Przemys\u0142u Spo\u017cywczego\",\"url\":\"https:\\\/\\\/zsps.poznan.pl\\\/\",\"logo\":{\"@type\":\"ImageObject\",\"inLanguage\":\"pl-PL\",\"@id\":\"https:\\\/\\\/zsps.poznan.pl\\\/#\\\/schema\\\/logo\\\/image\\\/\",\"url\":\"\",\"contentUrl\":\"\",\"caption\":\"Zesp\u00f3\u0142 Szk\u00f3\u0142 Przemys\u0142u Spo\u017cywczego\"},\"image\":{\"@id\":\"https:\\\/\\\/zsps.poznan.pl\\\/#\\\/schema\\\/logo\\\/image\\\/\"},\"sameAs\":[\"https:\\\/\\\/www.facebook.com\\\/zsps.poznan\"]},{\"@type\":\"Person\",\"@id\":\"https:\\\/\\\/zsps.poznan.pl\\\/#\\\/schema\\\/person\\\/a863b9785be3f60f354ccce3c38e5e40\",\"name\":\"nadmar\",\"image\":{\"@type\":\"ImageObject\",\"inLanguage\":\"pl-PL\",\"@id\":\"https:\\\/\\\/secure.gravatar.com\\\/avatar\\\/b4d534ea38356e3a5696eca7a2e56387a75fb988135566ff6c02baac234afdc8?s=96&d=retro&r=g\",\"url\":\"https:\\\/\\\/secure.gravatar.com\\\/avatar\\\/b4d534ea38356e3a5696eca7a2e56387a75fb988135566ff6c02baac234afdc8?s=96&d=retro&r=g\",\"contentUrl\":\"https:\\\/\\\/secure.gravatar.com\\\/avatar\\\/b4d534ea38356e3a5696eca7a2e56387a75fb988135566ff6c02baac234afdc8?s=96&d=retro&r=g\",\"caption\":\"nadmar\"}}]}<\/script>\n<!-- \/ Yoast SEO plugin. -->","yoast_head_json":{"title":"Uroczyste Rozpocz\u0119cie Roku Szkolnego 2025\/2026 - ZESP\u00d3\u0141 SZK\u00d3\u0141 PRZEMYS\u0141U SPO\u017bYWCZEGO","robots":{"index":"index","follow":"follow","max-snippet":"max-snippet:-1","max-image-preview":"max-image-preview:large","max-video-preview":"max-video-preview:-1"},"canonical":"https:\/\/zsps.poznan.pl\/index.php\/uroczyste-rozpoczecie-roku-szkolnego-2025-2026\/","og_locale":"pl_PL","og_type":"article","og_title":"Uroczyste Rozpocz\u0119cie Roku Szkolnego 2025\/2026 - ZESP\u00d3\u0141 SZK\u00d3\u0141 PRZEMYS\u0141U SPO\u017bYWCZEGO","og_description":"Serdecznie zapraszamy na uroczyste rozpocz\u0119cie roku szkolnego 2025\/2026 dnia 01 wrze\u015bnia b.r. Spotkania b\u0119d\u0105 odbywa\u0107 si\u0119 wed\u0142ug poni\u017cszego harmonogramu: godzina 9:00 \u2013 uczniowie klas pierwszych Technikum Przemys\u0142u Spo\u017cywczego \u2013 miejsce sala gimnastyczna; godzina 10:00 \u2013 uczniowie klas pierwszych Bran\u017cowej Szko\u0142y","og_url":"https:\/\/zsps.poznan.pl\/index.php\/uroczyste-rozpoczecie-roku-szkolnego-2025-2026\/","og_site_name":"ZESP\u00d3\u0141 SZK\u00d3\u0141 PRZEMYS\u0141U SPO\u017bYWCZEGO","article_publisher":"https:\/\/www.facebook.com\/zsps.poznan","article_published_time":"2025-08-22T09:55:30+00:00","article_modified_time":"2025-08-22T09:55:43+00:00","author":"nadmar","twitter_card":"summary_large_image","twitter_misc":{"Napisane przez":"nadmar","Szacowany czas czytania":"1 minuta"},"schema":{"@context":"https:\/\/schema.org","@graph":[{"@type":"Article","@id":"https:\/\/zsps.poznan.pl\/index.php\/uroczyste-rozpoczecie-roku-szkolnego-2025-2026\/#article","isPartOf":{"@id":"https:\/\/zsps.poznan.pl\/index.php\/uroczyste-rozpoczecie-roku-szkolnego-2025-2026\/"},"author":{"name":"nadmar","@id":"https:\/\/zsps.poznan.pl\/#\/schema\/person\/a863b9785be3f60f354ccce3c38e5e40"},"headline":"Uroczyste Rozpocz\u0119cie Roku Szkolnego 2025\/2026","datePublished":"2025-08-22T09:55:30+00:00","dateModified":"2025-08-22T09:55:43+00:00","mainEntityOfPage":{"@id":"https:\/\/zsps.poznan.pl\/index.php\/uroczyste-rozpoczecie-roku-szkolnego-2025-2026\/"},"wordCount":106,"publisher":{"@id":"https:\/\/zsps.poznan.pl\/#organization"},"articleSection":["Aktualno\u015bci"],"inLanguage":"pl-PL"},{"@type":"WebPage","@id":"https:\/\/zsps.poznan.pl\/index.php\/uroczyste-rozpoczecie-roku-szkolnego-2025-2026\/","url":"https:\/\/zsps.poznan.pl\/index.php\/uroczyste-rozpoczecie-roku-szkolnego-2025-2026\/","name":"Uroczyste Rozpocz\u0119cie Roku Szkolnego 2025\/2026 - ZESP\u00d3\u0141 SZK\u00d3\u0141 PRZEMYS\u0141U SPO\u017bYWCZEGO","isPartOf":{"@id":"https:\/\/zsps.poznan.pl\/#website"},"datePublished":"2025-08-22T09:55:30+00:00","dateModified":"2025-08-22T09:55:43+00:00","breadcrumb":{"@id":"https:\/\/zsps.poznan.pl\/index.php\/uroczyste-rozpoczecie-roku-szkolnego-2025-2026\/#breadcrumb"},"inLanguage":"pl-PL","potentialAction":[{"@type":"ReadAction","target":["https:\/\/zsps.poznan.pl\/index.php\/uroczyste-rozpoczecie-roku-szkolnego-2025-2026\/"]}]},{"@type":"BreadcrumbList","@id":"https:\/\/zsps.poznan.pl\/index.php\/uroczyste-rozpoczecie-roku-szkolnego-2025-2026\/#breadcrumb","itemListElement":[{"@type":"ListItem","position":1,"name":"Strona g\u0142\u00f3wna","item":"https:\/\/zsps.poznan.pl\/"},{"@type":"ListItem","position":2,"name":"Uroczyste Rozpocz\u0119cie Roku Szkolnego 2025\/2026"}]},{"@type":"WebSite","@id":"https:\/\/zsps.poznan.pl\/#website","url":"https:\/\/zsps.poznan.pl\/","name":"ZESP\u00d3\u0141 SZK\u00d3\u0141 PRZEMYS\u0141U SPO\u017bYWCZEGO","description":"im. J. J. \u015aniadeckich w Poznaniu","publisher":{"@id":"https:\/\/zsps.poznan.pl\/#organization"},"potentialAction":[{"@type":"SearchAction","target":{"@type":"EntryPoint","urlTemplate":"https:\/\/zsps.poznan.pl\/?s={search_term_string}"},"query-input":{"@type":"PropertyValueSpecification","valueRequired":true,"valueName":"search_term_string"}}],"inLanguage":"pl-PL"},{"@type":"Organization","@id":"https:\/\/zsps.poznan.pl\/#organization","name":"Zesp\u00f3\u0142 Szk\u00f3\u0142 Przemys\u0142u Spo\u017cywczego","url":"https:\/\/zsps.poznan.pl\/","logo":{"@type":"ImageObject","inLanguage":"pl-PL","@id":"https:\/\/zsps.poznan.pl\/#\/schema\/logo\/image\/","url":"","contentUrl":"","caption":"Zesp\u00f3\u0142 Szk\u00f3\u0142 Przemys\u0142u Spo\u017cywczego"},"image":{"@id":"https:\/\/zsps.poznan.pl\/#\/schema\/logo\/image\/"},"sameAs":["https:\/\/www.facebook.com\/zsps.poznan"]},{"@type":"Person","@id":"https:\/\/zsps.poznan.pl\/#\/schema\/person\/a863b9785be3f60f354ccce3c38e5e40","name":"nadmar","image":{"@type":"ImageObject","inLanguage":"pl-PL","@id":"https:\/\/secure.gravatar.com\/avatar\/b4d534ea38356e3a5696eca7a2e56387a75fb988135566ff6c02baac234afdc8?s=96&d=retro&r=g","url":"https:\/\/secure.gravatar.com\/avatar\/b4d534ea38356e3a5696eca7a2e56387a75fb988135566ff6c02baac234afdc8?s=96&d=retro&r=g","contentUrl":"https:\/\/secure.gravatar.com\/avatar\/b4d534ea38356e3a5696eca7a2e56387a75fb988135566ff6c02baac234afdc8?s=96&d=retro&r=g","caption":"nadmar"}}]}},"_links":{"self":[{"href":"https:\/\/zsps.poznan.pl\/index.php\/wp-json\/wp\/v2\/posts\/16198","targetHints":{"allow":["GET"]}}],"collection":[{"href":"https:\/\/zsps.poznan.pl\/index.php\/wp-json\/wp\/v2\/posts"}],"about":[{"href":"https:\/\/zsps.poznan.pl\/index.php\/wp-json\/wp\/v2\/types\/post"}],"author":[{"embeddable":true,"href":"https:\/\/zsps.poznan.pl\/index.php\/wp-json\/wp\/v2\/users\/9"}],"replies":[{"embeddable":true,"href":"https:\/\/zsps.poznan.pl\/index.php\/wp-json\/wp\/v2\/comments?post=16198"}],"version-history":[{"count":1,"href":"https:\/\/zsps.poznan.pl\/index.php\/wp-json\/wp\/v2\/posts\/16198\/revisions"}],"predecessor-version":[{"id":16199,"href":"https:\/\/zsps.poznan.pl\/index.php\/wp-json\/wp\/v2\/posts\/16198\/revisions\/16199"}],"wp:attachment":[{"href":"https:\/\/zsps.poznan.pl\/index.php\/wp-json\/wp\/v2\/media?parent=16198"}],"wp:term":[{"taxonomy":"category","embeddable":true,"href":"https:\/\/zsps.poznan.pl\/index.php\/wp-json\/wp\/v2\/categories?post=16198"},{"taxonomy":"post_tag","embeddable":true,"href":"https:\/\/zsps.poznan.pl\/index.php\/wp-json\/wp\/v2\/tags?post=16198"}],"curies":[{"name":"wp","href":"https:\/\/api.w.org\/{rel}","templated":true}]}}