{"id":3893,"date":"2021-04-21T21:45:32","date_gmt":"2021-04-21T19:45:32","guid":{"rendered":"https:\/\/zsps.poznan.pl\/?p=3893"},"modified":"2022-01-31T15:06:14","modified_gmt":"2022-01-31T14:06:14","slug":"udzial-samorzadu-uczniowskiego-w-projekcie","status":"publish","type":"post","link":"https:\/\/zsps.poznan.pl\/index.php\/udzial-samorzadu-uczniowskiego-w-projekcie\/","title":{"rendered":"Udzia\u0142 Samorz\u0105du Uczniowskiego w projekcie"},"content":{"rendered":"\t\t<div data-elementor-type=\"wp-post\" data-elementor-id=\"3893\" class=\"elementor elementor-3893\">\n\t\t\t\t\t\t<section class=\"elementor-section elementor-top-section elementor-element elementor-element-5c37f72 elementor-section-boxed elementor-section-height-default elementor-section-height-default\" data-id=\"5c37f72\" data-element_type=\"section\" data-e-type=\"section\">\n\t\t\t\t\t\t<div class=\"elementor-container elementor-column-gap-default\">\n\t\t\t\t\t<div class=\"elementor-column elementor-col-100 elementor-top-column elementor-element elementor-element-4709495\" data-id=\"4709495\" data-element_type=\"column\" data-e-type=\"column\">\n\t\t\t<div class=\"elementor-widget-wrap elementor-element-populated\">\n\t\t\t\t\t\t<div class=\"elementor-element elementor-element-4a89b8a elementor-widget elementor-widget-text-editor\" data-id=\"4a89b8a\" data-element_type=\"widget\" data-e-type=\"widget\" data-widget_type=\"text-editor.default\">\n\t\t\t\t<div class=\"elementor-widget-container\">\n\t\t\t\t\t\t\t\t\t<p>20 kwietnia Samorz\u0105d Uczniowski rozpocz\u0105\u0142 sw\u00f3j udzia\u0142 w projekcie &#8222;Przez wolontariat do integracji. Porozmawiajmy o niepe\u0142nosprawno\u015bci&#8221; w ramach akcji spo\u0142ecznej przygotowanej przez CREO. Odbyli\u015bmy spotkanie z pani\u0105 Agnieszk\u0105, kt\u00f3ra na\u015bwietli\u0142a nam, jak wygl\u0105da \u017cycie ludzi z niepe\u0142nosprawno\u015bci\u0105. Mogli\u015bmy r\u00f3wnie\u017c zada\u0107 pytania i podyskutowa\u0107 o problemach ludzi z niepe\u0142nosprawno\u015bci\u0105 w \u017cyciu codziennym. W kolejnych etapach naszej wsp\u00f3\u0142pracy przewidziane s\u0105 warsztaty, akcja spo\u0142eczna na terenie szko\u0142y oraz udzia\u0142 w akcji charytatywnej. To by\u0142o bardzo pouczaj\u0105ce i sympatyczne spotkanie.<\/p>\t\t\t\t\t\t\t\t<\/div>\n\t\t\t\t<\/div>\n\t\t\t\t\t<\/div>\n\t\t<\/div>\n\t\t\t\t\t<\/div>\n\t\t<\/section>\n\t\t\t\t<section class=\"elementor-section elementor-top-section elementor-element elementor-element-bb4dfca elementor-section-boxed elementor-section-height-default elementor-section-height-default\" data-id=\"bb4dfca\" data-element_type=\"section\" data-e-type=\"section\">\n\t\t\t\t\t\t<div class=\"elementor-container elementor-column-gap-default\">\n\t\t\t\t\t<div class=\"elementor-column elementor-col-100 elementor-top-column elementor-element elementor-element-675b6fe\" data-id=\"675b6fe\" data-element_type=\"column\" data-e-type=\"column\">\n\t\t\t<div class=\"elementor-widget-wrap elementor-element-populated\">\n\t\t\t\t\t\t<div class=\"elementor-element elementor-element-8bfc2aa elementor-widget elementor-widget-image\" data-id=\"8bfc2aa\" data-element_type=\"widget\" data-e-type=\"widget\" data-widget_type=\"image.default\">\n\t\t\t\t<div class=\"elementor-widget-container\">\n\t\t\t\t\t\t\t\t\t\t\t\t\t\t\t<img fetchpriority=\"high\" decoding=\"async\" width=\"720\" height=\"495\" src=\"https:\/\/zsps.poznan.pl\/wp-content\/uploads\/2021\/04\/wolontariat-1024x704.png\" class=\"attachment-large size-large wp-image-3894\" alt=\"\" srcset=\"https:\/\/zsps.poznan.pl\/wp-content\/uploads\/2021\/04\/wolontariat-1024x704.png 1024w, https:\/\/zsps.poznan.pl\/wp-content\/uploads\/2021\/04\/wolontariat-300x206.png 300w, https:\/\/zsps.poznan.pl\/wp-content\/uploads\/2021\/04\/wolontariat-768x528.png 768w, https:\/\/zsps.poznan.pl\/wp-content\/uploads\/2021\/04\/wolontariat.png 1280w\" sizes=\"(max-width: 720px) 100vw, 720px\" \/>\t\t\t\t\t\t\t\t\t\t\t\t\t\t\t<\/div>\n\t\t\t\t<\/div>\n\t\t\t\t\t<\/div>\n\t\t<\/div>\n\t\t\t\t\t<\/div>\n\t\t<\/section>\n\t\t\t\t<\/div>\n\t\t","protected":false},"excerpt":{"rendered":"<p>20 kwietnia Samorz\u0105d Uczniowski rozpocz\u0105\u0142 sw\u00f3j udzia\u0142 w projekcie &#8222;Przez wolontariat do integracji. Porozmawiajmy o niepe\u0142nosprawno\u015bci&#8221; w ramach akcji spo\u0142ecznej przygotowanej przez CREO. Odbyli\u015bmy spotkanie z pani\u0105 Agnieszk\u0105, kt\u00f3ra na\u015bwietli\u0142a nam, jak wygl\u0105da \u017cycie ludzi z niepe\u0142nosprawno\u015bci\u0105. Mogli\u015bmy r\u00f3wnie\u017c zada\u0107<\/p>\n","protected":false},"author":7,"featured_media":0,"comment_status":"closed","ping_status":"closed","sticky":false,"template":"","format":"standard","meta":{"footnotes":""},"categories":[1,25],"tags":[],"class_list":["post-3893","post","type-post","status-publish","format-standard","hentry","category-aktualnosci","category-samorzad"],"yoast_head":"<!-- This site is optimized with the Yoast SEO plugin v27.5 - https:\/\/yoast.com\/product\/yoast-seo-wordpress\/ -->\n<title>Udzia\u0142 Samorz\u0105du Uczniowskiego w projekcie - ZESP\u00d3\u0141 SZK\u00d3\u0141 PRZEMYS\u0141U SPO\u017bYWCZEGO<\/title>\n<meta name=\"robots\" content=\"index, follow, max-snippet:-1, max-image-preview:large, max-video-preview:-1\" \/>\n<link rel=\"canonical\" href=\"https:\/\/zsps.poznan.pl\/index.php\/udzial-samorzadu-uczniowskiego-w-projekcie\/\" \/>\n<meta property=\"og:locale\" content=\"pl_PL\" \/>\n<meta property=\"og:type\" content=\"article\" \/>\n<meta property=\"og:title\" content=\"Udzia\u0142 Samorz\u0105du Uczniowskiego w projekcie - ZESP\u00d3\u0141 SZK\u00d3\u0141 PRZEMYS\u0141U SPO\u017bYWCZEGO\" \/>\n<meta property=\"og:description\" content=\"20 kwietnia Samorz\u0105d Uczniowski rozpocz\u0105\u0142 sw\u00f3j udzia\u0142 w projekcie &#8222;Przez wolontariat do integracji. Porozmawiajmy o niepe\u0142nosprawno\u015bci&#8221; w ramach akcji spo\u0142ecznej przygotowanej przez CREO. Odbyli\u015bmy spotkanie z pani\u0105 Agnieszk\u0105, kt\u00f3ra na\u015bwietli\u0142a nam, jak wygl\u0105da \u017cycie ludzi z niepe\u0142nosprawno\u015bci\u0105. Mogli\u015bmy r\u00f3wnie\u017c zada\u0107\" \/>\n<meta property=\"og:url\" content=\"https:\/\/zsps.poznan.pl\/index.php\/udzial-samorzadu-uczniowskiego-w-projekcie\/\" \/>\n<meta property=\"og:site_name\" content=\"ZESP\u00d3\u0141 SZK\u00d3\u0141 PRZEMYS\u0141U SPO\u017bYWCZEGO\" \/>\n<meta property=\"article:publisher\" content=\"https:\/\/www.facebook.com\/zsps.poznan\" \/>\n<meta property=\"article:published_time\" content=\"2021-04-21T19:45:32+00:00\" \/>\n<meta property=\"article:modified_time\" content=\"2022-01-31T14:06:14+00:00\" \/>\n<meta property=\"og:image\" content=\"https:\/\/zsps.poznan.pl\/wp-content\/uploads\/2021\/04\/wolontariat-1024x704.png\" \/>\n<meta name=\"author\" content=\"barteckir\" \/>\n<meta name=\"twitter:card\" content=\"summary_large_image\" \/>\n<meta name=\"twitter:label1\" content=\"Napisane przez\" \/>\n\t<meta name=\"twitter:data1\" content=\"barteckir\" \/>\n<script type=\"application\/ld+json\" class=\"yoast-schema-graph\">{\"@context\":\"https:\\\/\\\/schema.org\",\"@graph\":[{\"@type\":\"Article\",\"@id\":\"https:\\\/\\\/zsps.poznan.pl\\\/index.php\\\/udzial-samorzadu-uczniowskiego-w-projekcie\\\/#article\",\"isPartOf\":{\"@id\":\"https:\\\/\\\/zsps.poznan.pl\\\/index.php\\\/udzial-samorzadu-uczniowskiego-w-projekcie\\\/\"},\"author\":{\"name\":\"barteckir\",\"@id\":\"https:\\\/\\\/zsps.poznan.pl\\\/#\\\/schema\\\/person\\\/bd2786aff3d28d572ee3d08aa13cfba8\"},\"headline\":\"Udzia\u0142 Samorz\u0105du Uczniowskiego w projekcie\",\"datePublished\":\"2021-04-21T19:45:32+00:00\",\"dateModified\":\"2022-01-31T14:06:14+00:00\",\"mainEntityOfPage\":{\"@id\":\"https:\\\/\\\/zsps.poznan.pl\\\/index.php\\\/udzial-samorzadu-uczniowskiego-w-projekcie\\\/\"},\"wordCount\":102,\"publisher\":{\"@id\":\"https:\\\/\\\/zsps.poznan.pl\\\/#organization\"},\"image\":{\"@id\":\"https:\\\/\\\/zsps.poznan.pl\\\/index.php\\\/udzial-samorzadu-uczniowskiego-w-projekcie\\\/#primaryimage\"},\"thumbnailUrl\":\"https:\\\/\\\/zsps.poznan.pl\\\/wp-content\\\/uploads\\\/2021\\\/04\\\/wolontariat-1024x704.png\",\"articleSection\":[\"Aktualno\u015bci\",\"Samorz\u0105d\"],\"inLanguage\":\"pl-PL\"},{\"@type\":\"WebPage\",\"@id\":\"https:\\\/\\\/zsps.poznan.pl\\\/index.php\\\/udzial-samorzadu-uczniowskiego-w-projekcie\\\/\",\"url\":\"https:\\\/\\\/zsps.poznan.pl\\\/index.php\\\/udzial-samorzadu-uczniowskiego-w-projekcie\\\/\",\"name\":\"Udzia\u0142 Samorz\u0105du Uczniowskiego w projekcie - ZESP\u00d3\u0141 SZK\u00d3\u0141 PRZEMYS\u0141U SPO\u017bYWCZEGO\",\"isPartOf\":{\"@id\":\"https:\\\/\\\/zsps.poznan.pl\\\/#website\"},\"primaryImageOfPage\":{\"@id\":\"https:\\\/\\\/zsps.poznan.pl\\\/index.php\\\/udzial-samorzadu-uczniowskiego-w-projekcie\\\/#primaryimage\"},\"image\":{\"@id\":\"https:\\\/\\\/zsps.poznan.pl\\\/index.php\\\/udzial-samorzadu-uczniowskiego-w-projekcie\\\/#primaryimage\"},\"thumbnailUrl\":\"https:\\\/\\\/zsps.poznan.pl\\\/wp-content\\\/uploads\\\/2021\\\/04\\\/wolontariat-1024x704.png\",\"datePublished\":\"2021-04-21T19:45:32+00:00\",\"dateModified\":\"2022-01-31T14:06:14+00:00\",\"breadcrumb\":{\"@id\":\"https:\\\/\\\/zsps.poznan.pl\\\/index.php\\\/udzial-samorzadu-uczniowskiego-w-projekcie\\\/#breadcrumb\"},\"inLanguage\":\"pl-PL\",\"potentialAction\":[{\"@type\":\"ReadAction\",\"target\":[\"https:\\\/\\\/zsps.poznan.pl\\\/index.php\\\/udzial-samorzadu-uczniowskiego-w-projekcie\\\/\"]}]},{\"@type\":\"ImageObject\",\"inLanguage\":\"pl-PL\",\"@id\":\"https:\\\/\\\/zsps.poznan.pl\\\/index.php\\\/udzial-samorzadu-uczniowskiego-w-projekcie\\\/#primaryimage\",\"url\":\"https:\\\/\\\/zsps.poznan.pl\\\/wp-content\\\/uploads\\\/2021\\\/04\\\/wolontariat.png\",\"contentUrl\":\"https:\\\/\\\/zsps.poznan.pl\\\/wp-content\\\/uploads\\\/2021\\\/04\\\/wolontariat.png\",\"width\":1280,\"height\":880},{\"@type\":\"BreadcrumbList\",\"@id\":\"https:\\\/\\\/zsps.poznan.pl\\\/index.php\\\/udzial-samorzadu-uczniowskiego-w-projekcie\\\/#breadcrumb\",\"itemListElement\":[{\"@type\":\"ListItem\",\"position\":1,\"name\":\"Strona g\u0142\u00f3wna\",\"item\":\"https:\\\/\\\/zsps.poznan.pl\\\/\"},{\"@type\":\"ListItem\",\"position\":2,\"name\":\"Udzia\u0142 Samorz\u0105du Uczniowskiego w projekcie\"}]},{\"@type\":\"WebSite\",\"@id\":\"https:\\\/\\\/zsps.poznan.pl\\\/#website\",\"url\":\"https:\\\/\\\/zsps.poznan.pl\\\/\",\"name\":\"ZESP\u00d3\u0141 SZK\u00d3\u0141 PRZEMYS\u0141U SPO\u017bYWCZEGO\",\"description\":\"im. J. J. \u015aniadeckich w Poznaniu\",\"publisher\":{\"@id\":\"https:\\\/\\\/zsps.poznan.pl\\\/#organization\"},\"potentialAction\":[{\"@type\":\"SearchAction\",\"target\":{\"@type\":\"EntryPoint\",\"urlTemplate\":\"https:\\\/\\\/zsps.poznan.pl\\\/?s={search_term_string}\"},\"query-input\":{\"@type\":\"PropertyValueSpecification\",\"valueRequired\":true,\"valueName\":\"search_term_string\"}}],\"inLanguage\":\"pl-PL\"},{\"@type\":\"Organization\",\"@id\":\"https:\\\/\\\/zsps.poznan.pl\\\/#organization\",\"name\":\"Zesp\u00f3\u0142 Szk\u00f3\u0142 Przemys\u0142u Spo\u017cywczego\",\"url\":\"https:\\\/\\\/zsps.poznan.pl\\\/\",\"logo\":{\"@type\":\"ImageObject\",\"inLanguage\":\"pl-PL\",\"@id\":\"https:\\\/\\\/zsps.poznan.pl\\\/#\\\/schema\\\/logo\\\/image\\\/\",\"url\":\"\",\"contentUrl\":\"\",\"caption\":\"Zesp\u00f3\u0142 Szk\u00f3\u0142 Przemys\u0142u Spo\u017cywczego\"},\"image\":{\"@id\":\"https:\\\/\\\/zsps.poznan.pl\\\/#\\\/schema\\\/logo\\\/image\\\/\"},\"sameAs\":[\"https:\\\/\\\/www.facebook.com\\\/zsps.poznan\"]},{\"@type\":\"Person\",\"@id\":\"https:\\\/\\\/zsps.poznan.pl\\\/#\\\/schema\\\/person\\\/bd2786aff3d28d572ee3d08aa13cfba8\",\"name\":\"barteckir\",\"image\":{\"@type\":\"ImageObject\",\"inLanguage\":\"pl-PL\",\"@id\":\"https:\\\/\\\/secure.gravatar.com\\\/avatar\\\/467135196b1d7899a43486e26008f7675b9e000444ef035aa409397837c4cfd8?s=96&d=retro&r=g\",\"url\":\"https:\\\/\\\/secure.gravatar.com\\\/avatar\\\/467135196b1d7899a43486e26008f7675b9e000444ef035aa409397837c4cfd8?s=96&d=retro&r=g\",\"contentUrl\":\"https:\\\/\\\/secure.gravatar.com\\\/avatar\\\/467135196b1d7899a43486e26008f7675b9e000444ef035aa409397837c4cfd8?s=96&d=retro&r=g\",\"caption\":\"barteckir\"}}]}<\/script>\n<!-- \/ Yoast SEO plugin. -->","yoast_head_json":{"title":"Udzia\u0142 Samorz\u0105du Uczniowskiego w projekcie - ZESP\u00d3\u0141 SZK\u00d3\u0141 PRZEMYS\u0141U SPO\u017bYWCZEGO","robots":{"index":"index","follow":"follow","max-snippet":"max-snippet:-1","max-image-preview":"max-image-preview:large","max-video-preview":"max-video-preview:-1"},"canonical":"https:\/\/zsps.poznan.pl\/index.php\/udzial-samorzadu-uczniowskiego-w-projekcie\/","og_locale":"pl_PL","og_type":"article","og_title":"Udzia\u0142 Samorz\u0105du Uczniowskiego w projekcie - ZESP\u00d3\u0141 SZK\u00d3\u0141 PRZEMYS\u0141U SPO\u017bYWCZEGO","og_description":"20 kwietnia Samorz\u0105d Uczniowski rozpocz\u0105\u0142 sw\u00f3j udzia\u0142 w projekcie &#8222;Przez wolontariat do integracji. Porozmawiajmy o niepe\u0142nosprawno\u015bci&#8221; w ramach akcji spo\u0142ecznej przygotowanej przez CREO. Odbyli\u015bmy spotkanie z pani\u0105 Agnieszk\u0105, kt\u00f3ra na\u015bwietli\u0142a nam, jak wygl\u0105da \u017cycie ludzi z niepe\u0142nosprawno\u015bci\u0105. Mogli\u015bmy r\u00f3wnie\u017c zada\u0107","og_url":"https:\/\/zsps.poznan.pl\/index.php\/udzial-samorzadu-uczniowskiego-w-projekcie\/","og_site_name":"ZESP\u00d3\u0141 SZK\u00d3\u0141 PRZEMYS\u0141U SPO\u017bYWCZEGO","article_publisher":"https:\/\/www.facebook.com\/zsps.poznan","article_published_time":"2021-04-21T19:45:32+00:00","article_modified_time":"2022-01-31T14:06:14+00:00","og_image":[{"url":"https:\/\/zsps.poznan.pl\/wp-content\/uploads\/2021\/04\/wolontariat-1024x704.png","type":"","width":"","height":""}],"author":"barteckir","twitter_card":"summary_large_image","twitter_misc":{"Napisane przez":"barteckir"},"schema":{"@context":"https:\/\/schema.org","@graph":[{"@type":"Article","@id":"https:\/\/zsps.poznan.pl\/index.php\/udzial-samorzadu-uczniowskiego-w-projekcie\/#article","isPartOf":{"@id":"https:\/\/zsps.poznan.pl\/index.php\/udzial-samorzadu-uczniowskiego-w-projekcie\/"},"author":{"name":"barteckir","@id":"https:\/\/zsps.poznan.pl\/#\/schema\/person\/bd2786aff3d28d572ee3d08aa13cfba8"},"headline":"Udzia\u0142 Samorz\u0105du Uczniowskiego w projekcie","datePublished":"2021-04-21T19:45:32+00:00","dateModified":"2022-01-31T14:06:14+00:00","mainEntityOfPage":{"@id":"https:\/\/zsps.poznan.pl\/index.php\/udzial-samorzadu-uczniowskiego-w-projekcie\/"},"wordCount":102,"publisher":{"@id":"https:\/\/zsps.poznan.pl\/#organization"},"image":{"@id":"https:\/\/zsps.poznan.pl\/index.php\/udzial-samorzadu-uczniowskiego-w-projekcie\/#primaryimage"},"thumbnailUrl":"https:\/\/zsps.poznan.pl\/wp-content\/uploads\/2021\/04\/wolontariat-1024x704.png","articleSection":["Aktualno\u015bci","Samorz\u0105d"],"inLanguage":"pl-PL"},{"@type":"WebPage","@id":"https:\/\/zsps.poznan.pl\/index.php\/udzial-samorzadu-uczniowskiego-w-projekcie\/","url":"https:\/\/zsps.poznan.pl\/index.php\/udzial-samorzadu-uczniowskiego-w-projekcie\/","name":"Udzia\u0142 Samorz\u0105du Uczniowskiego w projekcie - ZESP\u00d3\u0141 SZK\u00d3\u0141 PRZEMYS\u0141U SPO\u017bYWCZEGO","isPartOf":{"@id":"https:\/\/zsps.poznan.pl\/#website"},"primaryImageOfPage":{"@id":"https:\/\/zsps.poznan.pl\/index.php\/udzial-samorzadu-uczniowskiego-w-projekcie\/#primaryimage"},"image":{"@id":"https:\/\/zsps.poznan.pl\/index.php\/udzial-samorzadu-uczniowskiego-w-projekcie\/#primaryimage"},"thumbnailUrl":"https:\/\/zsps.poznan.pl\/wp-content\/uploads\/2021\/04\/wolontariat-1024x704.png","datePublished":"2021-04-21T19:45:32+00:00","dateModified":"2022-01-31T14:06:14+00:00","breadcrumb":{"@id":"https:\/\/zsps.poznan.pl\/index.php\/udzial-samorzadu-uczniowskiego-w-projekcie\/#breadcrumb"},"inLanguage":"pl-PL","potentialAction":[{"@type":"ReadAction","target":["https:\/\/zsps.poznan.pl\/index.php\/udzial-samorzadu-uczniowskiego-w-projekcie\/"]}]},{"@type":"ImageObject","inLanguage":"pl-PL","@id":"https:\/\/zsps.poznan.pl\/index.php\/udzial-samorzadu-uczniowskiego-w-projekcie\/#primaryimage","url":"https:\/\/zsps.poznan.pl\/wp-content\/uploads\/2021\/04\/wolontariat.png","contentUrl":"https:\/\/zsps.poznan.pl\/wp-content\/uploads\/2021\/04\/wolontariat.png","width":1280,"height":880},{"@type":"BreadcrumbList","@id":"https:\/\/zsps.poznan.pl\/index.php\/udzial-samorzadu-uczniowskiego-w-projekcie\/#breadcrumb","itemListElement":[{"@type":"ListItem","position":1,"name":"Strona g\u0142\u00f3wna","item":"https:\/\/zsps.poznan.pl\/"},{"@type":"ListItem","position":2,"name":"Udzia\u0142 Samorz\u0105du Uczniowskiego w projekcie"}]},{"@type":"WebSite","@id":"https:\/\/zsps.poznan.pl\/#website","url":"https:\/\/zsps.poznan.pl\/","name":"ZESP\u00d3\u0141 SZK\u00d3\u0141 PRZEMYS\u0141U SPO\u017bYWCZEGO","description":"im. J. J. \u015aniadeckich w Poznaniu","publisher":{"@id":"https:\/\/zsps.poznan.pl\/#organization"},"potentialAction":[{"@type":"SearchAction","target":{"@type":"EntryPoint","urlTemplate":"https:\/\/zsps.poznan.pl\/?s={search_term_string}"},"query-input":{"@type":"PropertyValueSpecification","valueRequired":true,"valueName":"search_term_string"}}],"inLanguage":"pl-PL"},{"@type":"Organization","@id":"https:\/\/zsps.poznan.pl\/#organization","name":"Zesp\u00f3\u0142 Szk\u00f3\u0142 Przemys\u0142u Spo\u017cywczego","url":"https:\/\/zsps.poznan.pl\/","logo":{"@type":"ImageObject","inLanguage":"pl-PL","@id":"https:\/\/zsps.poznan.pl\/#\/schema\/logo\/image\/","url":"","contentUrl":"","caption":"Zesp\u00f3\u0142 Szk\u00f3\u0142 Przemys\u0142u Spo\u017cywczego"},"image":{"@id":"https:\/\/zsps.poznan.pl\/#\/schema\/logo\/image\/"},"sameAs":["https:\/\/www.facebook.com\/zsps.poznan"]},{"@type":"Person","@id":"https:\/\/zsps.poznan.pl\/#\/schema\/person\/bd2786aff3d28d572ee3d08aa13cfba8","name":"barteckir","image":{"@type":"ImageObject","inLanguage":"pl-PL","@id":"https:\/\/secure.gravatar.com\/avatar\/467135196b1d7899a43486e26008f7675b9e000444ef035aa409397837c4cfd8?s=96&d=retro&r=g","url":"https:\/\/secure.gravatar.com\/avatar\/467135196b1d7899a43486e26008f7675b9e000444ef035aa409397837c4cfd8?s=96&d=retro&r=g","contentUrl":"https:\/\/secure.gravatar.com\/avatar\/467135196b1d7899a43486e26008f7675b9e000444ef035aa409397837c4cfd8?s=96&d=retro&r=g","caption":"barteckir"}}]}},"_links":{"self":[{"href":"https:\/\/zsps.poznan.pl\/index.php\/wp-json\/wp\/v2\/posts\/3893","targetHints":{"allow":["GET"]}}],"collection":[{"href":"https:\/\/zsps.poznan.pl\/index.php\/wp-json\/wp\/v2\/posts"}],"about":[{"href":"https:\/\/zsps.poznan.pl\/index.php\/wp-json\/wp\/v2\/types\/post"}],"author":[{"embeddable":true,"href":"https:\/\/zsps.poznan.pl\/index.php\/wp-json\/wp\/v2\/users\/7"}],"replies":[{"embeddable":true,"href":"https:\/\/zsps.poznan.pl\/index.php\/wp-json\/wp\/v2\/comments?post=3893"}],"version-history":[{"count":3,"href":"https:\/\/zsps.poznan.pl\/index.php\/wp-json\/wp\/v2\/posts\/3893\/revisions"}],"predecessor-version":[{"id":3897,"href":"https:\/\/zsps.poznan.pl\/index.php\/wp-json\/wp\/v2\/posts\/3893\/revisions\/3897"}],"wp:attachment":[{"href":"https:\/\/zsps.poznan.pl\/index.php\/wp-json\/wp\/v2\/media?parent=3893"}],"wp:term":[{"taxonomy":"category","embeddable":true,"href":"https:\/\/zsps.poznan.pl\/index.php\/wp-json\/wp\/v2\/categories?post=3893"},{"taxonomy":"post_tag","embeddable":true,"href":"https:\/\/zsps.poznan.pl\/index.php\/wp-json\/wp\/v2\/tags?post=3893"}],"curies":[{"name":"wp","href":"https:\/\/api.w.org\/{rel}","templated":true}]}}