{"id":4115,"date":"2021-05-18T14:17:55","date_gmt":"2021-05-18T12:17:55","guid":{"rendered":"https:\/\/zsps.poznan.pl\/?p=4115"},"modified":"2021-05-18T14:21:44","modified_gmt":"2021-05-18T12:21:44","slug":"podstarszy-cechu-cukiernikow-i-piekarzy-w-poznaniu","status":"publish","type":"post","link":"https:\/\/zsps.poznan.pl\/index.php\/podstarszy-cechu-cukiernikow-i-piekarzy-w-poznaniu\/","title":{"rendered":"Zmar\u0142 podstarszy Cechu Cukiernik\u00f3w i Piekarzy w Poznaniu"},"content":{"rendered":"\t\t<div data-elementor-type=\"wp-post\" data-elementor-id=\"4115\" class=\"elementor elementor-4115\">\n\t\t\t\t\t\t<section class=\"elementor-section elementor-top-section elementor-element elementor-element-c84eac1 elementor-section-boxed elementor-section-height-default elementor-section-height-default\" data-id=\"c84eac1\" data-element_type=\"section\" data-e-type=\"section\">\n\t\t\t\t\t\t<div class=\"elementor-container elementor-column-gap-default\">\n\t\t\t\t\t<div class=\"elementor-column elementor-col-100 elementor-top-column elementor-element elementor-element-05a06b0\" data-id=\"05a06b0\" data-element_type=\"column\" data-e-type=\"column\">\n\t\t\t<div class=\"elementor-widget-wrap elementor-element-populated\">\n\t\t\t\t\t\t<div class=\"elementor-element elementor-element-da87122 elementor-widget elementor-widget-image\" data-id=\"da87122\" data-element_type=\"widget\" data-e-type=\"widget\" data-widget_type=\"image.default\">\n\t\t\t\t<div class=\"elementor-widget-container\">\n\t\t\t\t\t\t\t\t\t\t\t\t\t\t\t<img fetchpriority=\"high\" decoding=\"async\" width=\"720\" height=\"532\" src=\"https:\/\/zsps.poznan.pl\/wp-content\/uploads\/2021\/05\/DSCF7107-1024x757.jpg\" class=\"attachment-large size-large wp-image-4116\" alt=\"\" srcset=\"https:\/\/zsps.poznan.pl\/wp-content\/uploads\/2021\/05\/DSCF7107-1024x757.jpg 1024w, https:\/\/zsps.poznan.pl\/wp-content\/uploads\/2021\/05\/DSCF7107-300x222.jpg 300w, https:\/\/zsps.poznan.pl\/wp-content\/uploads\/2021\/05\/DSCF7107-768x568.jpg 768w, https:\/\/zsps.poznan.pl\/wp-content\/uploads\/2021\/05\/DSCF7107-1536x1135.jpg 1536w, https:\/\/zsps.poznan.pl\/wp-content\/uploads\/2021\/05\/DSCF7107-2048x1513.jpg 2048w, https:\/\/zsps.poznan.pl\/wp-content\/uploads\/2021\/05\/DSCF7107-scaled.jpg 1353w\" sizes=\"(max-width: 720px) 100vw, 720px\" \/>\t\t\t\t\t\t\t\t\t\t\t\t\t\t\t<\/div>\n\t\t\t\t<\/div>\n\t\t\t\t\t<\/div>\n\t\t<\/div>\n\t\t\t\t\t<\/div>\n\t\t<\/section>\n\t\t\t\t<section class=\"elementor-section elementor-top-section elementor-element elementor-element-79f17fc elementor-section-boxed elementor-section-height-default elementor-section-height-default\" data-id=\"79f17fc\" data-element_type=\"section\" data-e-type=\"section\">\n\t\t\t\t\t\t<div class=\"elementor-container elementor-column-gap-default\">\n\t\t\t\t\t<div class=\"elementor-column elementor-col-100 elementor-top-column elementor-element elementor-element-a12dba6\" data-id=\"a12dba6\" data-element_type=\"column\" data-e-type=\"column\">\n\t\t\t<div class=\"elementor-widget-wrap elementor-element-populated\">\n\t\t\t\t\t\t<div class=\"elementor-element elementor-element-65f9c17 elementor-widget elementor-widget-text-editor\" data-id=\"65f9c17\" data-element_type=\"widget\" data-e-type=\"widget\" data-widget_type=\"text-editor.default\">\n\t\t\t\t<div class=\"elementor-widget-container\">\n\t\t\t\t\t\t\t\t\t<p style=\"text-align: right;\"><em>\u201cCz\u0142owiek jest wielki nie przez to, co posiada,\nlecz przez to, kim jest;\nnie przez to, co ma, lecz przez to, czym dzieli si\u0119 z innymi.\u201d\nJan Pawe\u0142 II<\/em><\/p>\n<p style=\"text-align: justify;\">Z wielkim smutkiem \u017cegnamy <b>Piotra Koperskiego<\/b>, Podstarszego Cechu Cukiernik\u00f3w i Piekarzy w Poznaniu, absolwenta i przyjaciela naszej szko\u0142y.\n\u015ap. Piotr Koperski, znany w ca\u0142ym regionie piekarz i cukiernik, drog\u0119 zawodow\u0105 rozpocz\u0105\u0142, wybieraj\u0105c praktyczn\u0105 nauk\u0119 zawodu w klasie cukierniczej Zasadniczej Szko\u0142y Zawodowej, i kontynuuj\u0105c j\u0105 w Technikum Chemiczno \u2013 Spo\u017cywczym Zespo\u0142u Szk\u00f3\u0142 Przemys\u0142u Spo\u017cywczego.\n\nDzi\u0119ki zaanga\u017cowaniu, rzetelno\u015bci i przestrzeganiu wysokich standard\u00f3w pracy od kilkudziesi\u0119ciu lat cieszy\u0142 si\u0119 uznaniem Wielkopolan. Za wybitne zas\u0142ugi dla rozwoju rzemios\u0142a, propagowanie jego osi\u0105gni\u0119\u0107 na og\u00f3lnopolskiej arenie zosta\u0142 doceniony wieloma odznaczeniami pa\u0144stwowymi, m.in. Srebrnym i Z\u0142otym Krzy\u017cem Zas\u0142ugi. Dzia\u0142ania na rzecz podnoszenia rangi kszta\u0142cenia zawodowego w Cechu Cukiernik\u00f3w i Piekarzy oraz\u00a0 krzewienie wiedzy o roli wykwalifikowanych praktyk\u00f3w zdoby\u0142y uznanie Zwi\u0105zku Rzemios\u0142a Polskiego, kt\u00f3ry w 2014r. przyzna\u0142 panu Piotrowi Koperskiemu najwy\u017csze odznaczenie rzemie\u015blnicze \u201eSzabl\u0119 Kili\u0144skiego\u201d.\n\nEtos pracy, d\u0105\u017cenie do rozwoju i sumienno\u015b\u0107 w przekazywaniu wiedzy m\u0142odemu pokoleniu\u00a0 \u0142\u0105czy\u0142 z wielk\u0105 \u017cyczliwo\u015bci\u0105 i wra\u017cliwo\u015bci\u0105 na drugiego cz\u0142owieka.\n\n\u015ap. Piotr Koperski &#8211; wielki autorytet, s\u0142u\u017c\u0105cy rad\u0105 i pomoc\u0105 wspania\u0142y nauczyciel zawodu &#8211; pozostanie w naszej pami\u0119ci jako oddany przyjaciel szko\u0142y, wspieraj\u0105cy nasz\u0105 spo\u0142eczno\u015b\u0107 nie tylko przy og\u00f3lnopolskich turniejach, ale i w codziennych wyzwaniach kszta\u0142cenia zawodowc\u00f3w XXI wieku.\t\t\t\t\t\t\t\t<\/div>\n\t\t\t\t<\/div>\n\t\t\t\t\t<\/div>\n\t\t<\/div>\n\t\t\t\t\t<\/div>\n\t\t<\/section>\n\t\t\t\t<\/div>\n\t\t","protected":false},"excerpt":{"rendered":"<p>\u201cCz\u0142owiek jest wielki nie przez to, co posiada, lecz przez to, kim jest; nie przez to, co ma, lecz przez to, czym dzieli si\u0119 z innymi.\u201d Jan Pawe\u0142 II Z wielkim smutkiem \u017cegnamy Piotra Koperskiego, Podstarszego Cechu Cukiernik\u00f3w i Piekarzy<\/p>\n","protected":false},"author":9,"featured_media":0,"comment_status":"closed","ping_status":"closed","sticky":false,"template":"","format":"standard","meta":{"footnotes":""},"categories":[1],"tags":[],"class_list":["post-4115","post","type-post","status-publish","format-standard","hentry","category-aktualnosci"],"yoast_head":"<!-- This site is optimized with the Yoast SEO plugin v27.5 - https:\/\/yoast.com\/product\/yoast-seo-wordpress\/ -->\n<title>Zmar\u0142 podstarszy Cechu Cukiernik\u00f3w i Piekarzy w Poznaniu - ZESP\u00d3\u0141 SZK\u00d3\u0141 PRZEMYS\u0141U SPO\u017bYWCZEGO<\/title>\n<meta name=\"robots\" content=\"index, follow, max-snippet:-1, max-image-preview:large, max-video-preview:-1\" \/>\n<link rel=\"canonical\" href=\"https:\/\/zsps.poznan.pl\/index.php\/podstarszy-cechu-cukiernikow-i-piekarzy-w-poznaniu\/\" \/>\n<meta property=\"og:locale\" content=\"pl_PL\" \/>\n<meta property=\"og:type\" content=\"article\" \/>\n<meta property=\"og:title\" content=\"Zmar\u0142 podstarszy Cechu Cukiernik\u00f3w i Piekarzy w Poznaniu - ZESP\u00d3\u0141 SZK\u00d3\u0141 PRZEMYS\u0141U SPO\u017bYWCZEGO\" \/>\n<meta property=\"og:description\" content=\"\u201cCz\u0142owiek jest wielki nie przez to, co posiada, lecz przez to, kim jest; nie przez to, co ma, lecz przez to, czym dzieli si\u0119 z innymi.\u201d Jan Pawe\u0142 II Z wielkim smutkiem \u017cegnamy Piotra Koperskiego, Podstarszego Cechu Cukiernik\u00f3w i Piekarzy\" \/>\n<meta property=\"og:url\" content=\"https:\/\/zsps.poznan.pl\/index.php\/podstarszy-cechu-cukiernikow-i-piekarzy-w-poznaniu\/\" \/>\n<meta property=\"og:site_name\" content=\"ZESP\u00d3\u0141 SZK\u00d3\u0141 PRZEMYS\u0141U SPO\u017bYWCZEGO\" \/>\n<meta property=\"article:publisher\" content=\"https:\/\/www.facebook.com\/zsps.poznan\" \/>\n<meta property=\"article:published_time\" content=\"2021-05-18T12:17:55+00:00\" \/>\n<meta property=\"article:modified_time\" content=\"2021-05-18T12:21:44+00:00\" \/>\n<meta property=\"og:image\" content=\"https:\/\/zsps.poznan.pl\/wp-content\/uploads\/2021\/05\/DSCF7107-1024x757.jpg\" \/>\n<meta name=\"author\" content=\"nadmar\" \/>\n<meta name=\"twitter:card\" content=\"summary_large_image\" \/>\n<meta name=\"twitter:label1\" content=\"Napisane przez\" \/>\n\t<meta name=\"twitter:data1\" content=\"nadmar\" \/>\n\t<meta name=\"twitter:label2\" content=\"Szacowany czas czytania\" \/>\n\t<meta name=\"twitter:data2\" content=\"1 minuta\" \/>\n<script type=\"application\/ld+json\" class=\"yoast-schema-graph\">{\"@context\":\"https:\\\/\\\/schema.org\",\"@graph\":[{\"@type\":\"Article\",\"@id\":\"https:\\\/\\\/zsps.poznan.pl\\\/index.php\\\/podstarszy-cechu-cukiernikow-i-piekarzy-w-poznaniu\\\/#article\",\"isPartOf\":{\"@id\":\"https:\\\/\\\/zsps.poznan.pl\\\/index.php\\\/podstarszy-cechu-cukiernikow-i-piekarzy-w-poznaniu\\\/\"},\"author\":{\"name\":\"nadmar\",\"@id\":\"https:\\\/\\\/zsps.poznan.pl\\\/#\\\/schema\\\/person\\\/a863b9785be3f60f354ccce3c38e5e40\"},\"headline\":\"Zmar\u0142 podstarszy Cechu Cukiernik\u00f3w i Piekarzy w Poznaniu\",\"datePublished\":\"2021-05-18T12:17:55+00:00\",\"dateModified\":\"2021-05-18T12:21:44+00:00\",\"mainEntityOfPage\":{\"@id\":\"https:\\\/\\\/zsps.poznan.pl\\\/index.php\\\/podstarszy-cechu-cukiernikow-i-piekarzy-w-poznaniu\\\/\"},\"wordCount\":276,\"publisher\":{\"@id\":\"https:\\\/\\\/zsps.poznan.pl\\\/#organization\"},\"image\":{\"@id\":\"https:\\\/\\\/zsps.poznan.pl\\\/index.php\\\/podstarszy-cechu-cukiernikow-i-piekarzy-w-poznaniu\\\/#primaryimage\"},\"thumbnailUrl\":\"https:\\\/\\\/zsps.poznan.pl\\\/wp-content\\\/uploads\\\/2021\\\/05\\\/DSCF7107-1024x757.jpg\",\"articleSection\":[\"Aktualno\u015bci\"],\"inLanguage\":\"pl-PL\"},{\"@type\":\"WebPage\",\"@id\":\"https:\\\/\\\/zsps.poznan.pl\\\/index.php\\\/podstarszy-cechu-cukiernikow-i-piekarzy-w-poznaniu\\\/\",\"url\":\"https:\\\/\\\/zsps.poznan.pl\\\/index.php\\\/podstarszy-cechu-cukiernikow-i-piekarzy-w-poznaniu\\\/\",\"name\":\"Zmar\u0142 podstarszy Cechu Cukiernik\u00f3w i Piekarzy w Poznaniu - ZESP\u00d3\u0141 SZK\u00d3\u0141 PRZEMYS\u0141U SPO\u017bYWCZEGO\",\"isPartOf\":{\"@id\":\"https:\\\/\\\/zsps.poznan.pl\\\/#website\"},\"primaryImageOfPage\":{\"@id\":\"https:\\\/\\\/zsps.poznan.pl\\\/index.php\\\/podstarszy-cechu-cukiernikow-i-piekarzy-w-poznaniu\\\/#primaryimage\"},\"image\":{\"@id\":\"https:\\\/\\\/zsps.poznan.pl\\\/index.php\\\/podstarszy-cechu-cukiernikow-i-piekarzy-w-poznaniu\\\/#primaryimage\"},\"thumbnailUrl\":\"https:\\\/\\\/zsps.poznan.pl\\\/wp-content\\\/uploads\\\/2021\\\/05\\\/DSCF7107-1024x757.jpg\",\"datePublished\":\"2021-05-18T12:17:55+00:00\",\"dateModified\":\"2021-05-18T12:21:44+00:00\",\"breadcrumb\":{\"@id\":\"https:\\\/\\\/zsps.poznan.pl\\\/index.php\\\/podstarszy-cechu-cukiernikow-i-piekarzy-w-poznaniu\\\/#breadcrumb\"},\"inLanguage\":\"pl-PL\",\"potentialAction\":[{\"@type\":\"ReadAction\",\"target\":[\"https:\\\/\\\/zsps.poznan.pl\\\/index.php\\\/podstarszy-cechu-cukiernikow-i-piekarzy-w-poznaniu\\\/\"]}]},{\"@type\":\"ImageObject\",\"inLanguage\":\"pl-PL\",\"@id\":\"https:\\\/\\\/zsps.poznan.pl\\\/index.php\\\/podstarszy-cechu-cukiernikow-i-piekarzy-w-poznaniu\\\/#primaryimage\",\"url\":\"https:\\\/\\\/zsps.poznan.pl\\\/wp-content\\\/uploads\\\/2021\\\/05\\\/DSCF7107-scaled.jpg\",\"contentUrl\":\"https:\\\/\\\/zsps.poznan.pl\\\/wp-content\\\/uploads\\\/2021\\\/05\\\/DSCF7107-scaled.jpg\",\"width\":1353,\"height\":1000},{\"@type\":\"BreadcrumbList\",\"@id\":\"https:\\\/\\\/zsps.poznan.pl\\\/index.php\\\/podstarszy-cechu-cukiernikow-i-piekarzy-w-poznaniu\\\/#breadcrumb\",\"itemListElement\":[{\"@type\":\"ListItem\",\"position\":1,\"name\":\"Strona g\u0142\u00f3wna\",\"item\":\"https:\\\/\\\/zsps.poznan.pl\\\/\"},{\"@type\":\"ListItem\",\"position\":2,\"name\":\"Zmar\u0142 podstarszy Cechu Cukiernik\u00f3w i Piekarzy w Poznaniu\"}]},{\"@type\":\"WebSite\",\"@id\":\"https:\\\/\\\/zsps.poznan.pl\\\/#website\",\"url\":\"https:\\\/\\\/zsps.poznan.pl\\\/\",\"name\":\"ZESP\u00d3\u0141 SZK\u00d3\u0141 PRZEMYS\u0141U SPO\u017bYWCZEGO\",\"description\":\"im. J. J. \u015aniadeckich w Poznaniu\",\"publisher\":{\"@id\":\"https:\\\/\\\/zsps.poznan.pl\\\/#organization\"},\"potentialAction\":[{\"@type\":\"SearchAction\",\"target\":{\"@type\":\"EntryPoint\",\"urlTemplate\":\"https:\\\/\\\/zsps.poznan.pl\\\/?s={search_term_string}\"},\"query-input\":{\"@type\":\"PropertyValueSpecification\",\"valueRequired\":true,\"valueName\":\"search_term_string\"}}],\"inLanguage\":\"pl-PL\"},{\"@type\":\"Organization\",\"@id\":\"https:\\\/\\\/zsps.poznan.pl\\\/#organization\",\"name\":\"Zesp\u00f3\u0142 Szk\u00f3\u0142 Przemys\u0142u Spo\u017cywczego\",\"url\":\"https:\\\/\\\/zsps.poznan.pl\\\/\",\"logo\":{\"@type\":\"ImageObject\",\"inLanguage\":\"pl-PL\",\"@id\":\"https:\\\/\\\/zsps.poznan.pl\\\/#\\\/schema\\\/logo\\\/image\\\/\",\"url\":\"\",\"contentUrl\":\"\",\"caption\":\"Zesp\u00f3\u0142 Szk\u00f3\u0142 Przemys\u0142u Spo\u017cywczego\"},\"image\":{\"@id\":\"https:\\\/\\\/zsps.poznan.pl\\\/#\\\/schema\\\/logo\\\/image\\\/\"},\"sameAs\":[\"https:\\\/\\\/www.facebook.com\\\/zsps.poznan\"]},{\"@type\":\"Person\",\"@id\":\"https:\\\/\\\/zsps.poznan.pl\\\/#\\\/schema\\\/person\\\/a863b9785be3f60f354ccce3c38e5e40\",\"name\":\"nadmar\",\"image\":{\"@type\":\"ImageObject\",\"inLanguage\":\"pl-PL\",\"@id\":\"https:\\\/\\\/secure.gravatar.com\\\/avatar\\\/b4d534ea38356e3a5696eca7a2e56387a75fb988135566ff6c02baac234afdc8?s=96&d=retro&r=g\",\"url\":\"https:\\\/\\\/secure.gravatar.com\\\/avatar\\\/b4d534ea38356e3a5696eca7a2e56387a75fb988135566ff6c02baac234afdc8?s=96&d=retro&r=g\",\"contentUrl\":\"https:\\\/\\\/secure.gravatar.com\\\/avatar\\\/b4d534ea38356e3a5696eca7a2e56387a75fb988135566ff6c02baac234afdc8?s=96&d=retro&r=g\",\"caption\":\"nadmar\"}}]}<\/script>\n<!-- \/ Yoast SEO plugin. -->","yoast_head_json":{"title":"Zmar\u0142 podstarszy Cechu Cukiernik\u00f3w i Piekarzy w Poznaniu - ZESP\u00d3\u0141 SZK\u00d3\u0141 PRZEMYS\u0141U SPO\u017bYWCZEGO","robots":{"index":"index","follow":"follow","max-snippet":"max-snippet:-1","max-image-preview":"max-image-preview:large","max-video-preview":"max-video-preview:-1"},"canonical":"https:\/\/zsps.poznan.pl\/index.php\/podstarszy-cechu-cukiernikow-i-piekarzy-w-poznaniu\/","og_locale":"pl_PL","og_type":"article","og_title":"Zmar\u0142 podstarszy Cechu Cukiernik\u00f3w i Piekarzy w Poznaniu - ZESP\u00d3\u0141 SZK\u00d3\u0141 PRZEMYS\u0141U SPO\u017bYWCZEGO","og_description":"\u201cCz\u0142owiek jest wielki nie przez to, co posiada, lecz przez to, kim jest; nie przez to, co ma, lecz przez to, czym dzieli si\u0119 z innymi.\u201d Jan Pawe\u0142 II Z wielkim smutkiem \u017cegnamy Piotra Koperskiego, Podstarszego Cechu Cukiernik\u00f3w i Piekarzy","og_url":"https:\/\/zsps.poznan.pl\/index.php\/podstarszy-cechu-cukiernikow-i-piekarzy-w-poznaniu\/","og_site_name":"ZESP\u00d3\u0141 SZK\u00d3\u0141 PRZEMYS\u0141U SPO\u017bYWCZEGO","article_publisher":"https:\/\/www.facebook.com\/zsps.poznan","article_published_time":"2021-05-18T12:17:55+00:00","article_modified_time":"2021-05-18T12:21:44+00:00","og_image":[{"url":"https:\/\/zsps.poznan.pl\/wp-content\/uploads\/2021\/05\/DSCF7107-1024x757.jpg","type":"","width":"","height":""}],"author":"nadmar","twitter_card":"summary_large_image","twitter_misc":{"Napisane przez":"nadmar","Szacowany czas czytania":"1 minuta"},"schema":{"@context":"https:\/\/schema.org","@graph":[{"@type":"Article","@id":"https:\/\/zsps.poznan.pl\/index.php\/podstarszy-cechu-cukiernikow-i-piekarzy-w-poznaniu\/#article","isPartOf":{"@id":"https:\/\/zsps.poznan.pl\/index.php\/podstarszy-cechu-cukiernikow-i-piekarzy-w-poznaniu\/"},"author":{"name":"nadmar","@id":"https:\/\/zsps.poznan.pl\/#\/schema\/person\/a863b9785be3f60f354ccce3c38e5e40"},"headline":"Zmar\u0142 podstarszy Cechu Cukiernik\u00f3w i Piekarzy w Poznaniu","datePublished":"2021-05-18T12:17:55+00:00","dateModified":"2021-05-18T12:21:44+00:00","mainEntityOfPage":{"@id":"https:\/\/zsps.poznan.pl\/index.php\/podstarszy-cechu-cukiernikow-i-piekarzy-w-poznaniu\/"},"wordCount":276,"publisher":{"@id":"https:\/\/zsps.poznan.pl\/#organization"},"image":{"@id":"https:\/\/zsps.poznan.pl\/index.php\/podstarszy-cechu-cukiernikow-i-piekarzy-w-poznaniu\/#primaryimage"},"thumbnailUrl":"https:\/\/zsps.poznan.pl\/wp-content\/uploads\/2021\/05\/DSCF7107-1024x757.jpg","articleSection":["Aktualno\u015bci"],"inLanguage":"pl-PL"},{"@type":"WebPage","@id":"https:\/\/zsps.poznan.pl\/index.php\/podstarszy-cechu-cukiernikow-i-piekarzy-w-poznaniu\/","url":"https:\/\/zsps.poznan.pl\/index.php\/podstarszy-cechu-cukiernikow-i-piekarzy-w-poznaniu\/","name":"Zmar\u0142 podstarszy Cechu Cukiernik\u00f3w i Piekarzy w Poznaniu - ZESP\u00d3\u0141 SZK\u00d3\u0141 PRZEMYS\u0141U SPO\u017bYWCZEGO","isPartOf":{"@id":"https:\/\/zsps.poznan.pl\/#website"},"primaryImageOfPage":{"@id":"https:\/\/zsps.poznan.pl\/index.php\/podstarszy-cechu-cukiernikow-i-piekarzy-w-poznaniu\/#primaryimage"},"image":{"@id":"https:\/\/zsps.poznan.pl\/index.php\/podstarszy-cechu-cukiernikow-i-piekarzy-w-poznaniu\/#primaryimage"},"thumbnailUrl":"https:\/\/zsps.poznan.pl\/wp-content\/uploads\/2021\/05\/DSCF7107-1024x757.jpg","datePublished":"2021-05-18T12:17:55+00:00","dateModified":"2021-05-18T12:21:44+00:00","breadcrumb":{"@id":"https:\/\/zsps.poznan.pl\/index.php\/podstarszy-cechu-cukiernikow-i-piekarzy-w-poznaniu\/#breadcrumb"},"inLanguage":"pl-PL","potentialAction":[{"@type":"ReadAction","target":["https:\/\/zsps.poznan.pl\/index.php\/podstarszy-cechu-cukiernikow-i-piekarzy-w-poznaniu\/"]}]},{"@type":"ImageObject","inLanguage":"pl-PL","@id":"https:\/\/zsps.poznan.pl\/index.php\/podstarszy-cechu-cukiernikow-i-piekarzy-w-poznaniu\/#primaryimage","url":"https:\/\/zsps.poznan.pl\/wp-content\/uploads\/2021\/05\/DSCF7107-scaled.jpg","contentUrl":"https:\/\/zsps.poznan.pl\/wp-content\/uploads\/2021\/05\/DSCF7107-scaled.jpg","width":1353,"height":1000},{"@type":"BreadcrumbList","@id":"https:\/\/zsps.poznan.pl\/index.php\/podstarszy-cechu-cukiernikow-i-piekarzy-w-poznaniu\/#breadcrumb","itemListElement":[{"@type":"ListItem","position":1,"name":"Strona g\u0142\u00f3wna","item":"https:\/\/zsps.poznan.pl\/"},{"@type":"ListItem","position":2,"name":"Zmar\u0142 podstarszy Cechu Cukiernik\u00f3w i Piekarzy w Poznaniu"}]},{"@type":"WebSite","@id":"https:\/\/zsps.poznan.pl\/#website","url":"https:\/\/zsps.poznan.pl\/","name":"ZESP\u00d3\u0141 SZK\u00d3\u0141 PRZEMYS\u0141U SPO\u017bYWCZEGO","description":"im. J. J. \u015aniadeckich w Poznaniu","publisher":{"@id":"https:\/\/zsps.poznan.pl\/#organization"},"potentialAction":[{"@type":"SearchAction","target":{"@type":"EntryPoint","urlTemplate":"https:\/\/zsps.poznan.pl\/?s={search_term_string}"},"query-input":{"@type":"PropertyValueSpecification","valueRequired":true,"valueName":"search_term_string"}}],"inLanguage":"pl-PL"},{"@type":"Organization","@id":"https:\/\/zsps.poznan.pl\/#organization","name":"Zesp\u00f3\u0142 Szk\u00f3\u0142 Przemys\u0142u Spo\u017cywczego","url":"https:\/\/zsps.poznan.pl\/","logo":{"@type":"ImageObject","inLanguage":"pl-PL","@id":"https:\/\/zsps.poznan.pl\/#\/schema\/logo\/image\/","url":"","contentUrl":"","caption":"Zesp\u00f3\u0142 Szk\u00f3\u0142 Przemys\u0142u Spo\u017cywczego"},"image":{"@id":"https:\/\/zsps.poznan.pl\/#\/schema\/logo\/image\/"},"sameAs":["https:\/\/www.facebook.com\/zsps.poznan"]},{"@type":"Person","@id":"https:\/\/zsps.poznan.pl\/#\/schema\/person\/a863b9785be3f60f354ccce3c38e5e40","name":"nadmar","image":{"@type":"ImageObject","inLanguage":"pl-PL","@id":"https:\/\/secure.gravatar.com\/avatar\/b4d534ea38356e3a5696eca7a2e56387a75fb988135566ff6c02baac234afdc8?s=96&d=retro&r=g","url":"https:\/\/secure.gravatar.com\/avatar\/b4d534ea38356e3a5696eca7a2e56387a75fb988135566ff6c02baac234afdc8?s=96&d=retro&r=g","contentUrl":"https:\/\/secure.gravatar.com\/avatar\/b4d534ea38356e3a5696eca7a2e56387a75fb988135566ff6c02baac234afdc8?s=96&d=retro&r=g","caption":"nadmar"}}]}},"_links":{"self":[{"href":"https:\/\/zsps.poznan.pl\/index.php\/wp-json\/wp\/v2\/posts\/4115","targetHints":{"allow":["GET"]}}],"collection":[{"href":"https:\/\/zsps.poznan.pl\/index.php\/wp-json\/wp\/v2\/posts"}],"about":[{"href":"https:\/\/zsps.poznan.pl\/index.php\/wp-json\/wp\/v2\/types\/post"}],"author":[{"embeddable":true,"href":"https:\/\/zsps.poznan.pl\/index.php\/wp-json\/wp\/v2\/users\/9"}],"replies":[{"embeddable":true,"href":"https:\/\/zsps.poznan.pl\/index.php\/wp-json\/wp\/v2\/comments?post=4115"}],"version-history":[{"count":7,"href":"https:\/\/zsps.poznan.pl\/index.php\/wp-json\/wp\/v2\/posts\/4115\/revisions"}],"predecessor-version":[{"id":4123,"href":"https:\/\/zsps.poznan.pl\/index.php\/wp-json\/wp\/v2\/posts\/4115\/revisions\/4123"}],"wp:attachment":[{"href":"https:\/\/zsps.poznan.pl\/index.php\/wp-json\/wp\/v2\/media?parent=4115"}],"wp:term":[{"taxonomy":"category","embeddable":true,"href":"https:\/\/zsps.poznan.pl\/index.php\/wp-json\/wp\/v2\/categories?post=4115"},{"taxonomy":"post_tag","embeddable":true,"href":"https:\/\/zsps.poznan.pl\/index.php\/wp-json\/wp\/v2\/tags?post=4115"}],"curies":[{"name":"wp","href":"https:\/\/api.w.org\/{rel}","templated":true}]}}