{"id":4692,"date":"2021-09-27T22:25:41","date_gmt":"2021-09-27T20:25:41","guid":{"rendered":"https:\/\/zsps.poznan.pl\/?p=4692"},"modified":"2022-01-31T15:04:31","modified_gmt":"2022-01-31T14:04:31","slug":"wybory-do-samorzadu-uczniowskiego","status":"publish","type":"post","link":"https:\/\/zsps.poznan.pl\/index.php\/wybory-do-samorzadu-uczniowskiego\/","title":{"rendered":"WYBORY DO SAMORZ\u0104DU UCZNIOWSKIEGO"},"content":{"rendered":"\t\t<div data-elementor-type=\"wp-post\" data-elementor-id=\"4692\" class=\"elementor elementor-4692\">\n\t\t\t\t\t\t<section class=\"elementor-section elementor-top-section elementor-element elementor-element-4dfe124 elementor-section-boxed elementor-section-height-default elementor-section-height-default\" data-id=\"4dfe124\" data-element_type=\"section\" data-e-type=\"section\">\n\t\t\t\t\t\t<div class=\"elementor-container elementor-column-gap-default\">\n\t\t\t\t\t<div class=\"elementor-column elementor-col-100 elementor-top-column elementor-element elementor-element-89d3163\" data-id=\"89d3163\" data-element_type=\"column\" data-e-type=\"column\">\n\t\t\t<div class=\"elementor-widget-wrap elementor-element-populated\">\n\t\t\t\t\t\t<div class=\"elementor-element elementor-element-89197a9 elementor-widget elementor-widget-text-editor\" data-id=\"89197a9\" data-element_type=\"widget\" data-e-type=\"widget\" data-widget_type=\"text-editor.default\">\n\t\t\t\t<div class=\"elementor-widget-container\">\n\t\t\t\t\t\t\t\t\t<p>Tradycyjnie pod koniec wrze\u015bnia w naszej szkole mieli\u015bmy do czynienia z prawdziwym \u015bwi\u0119tem demokracji. Uczniowie mieli okazj\u0119 w dniach od 23 do 24 wrze\u015bnia oddawa\u0107 swoje g\u0142osy na kandydat\u00f3w w wyborach na przewodnicz\u0105cego Zarz\u0105du Rady Uczniowskiej. Zwyci\u0119zc\u0105 g\u0142osowania i zarazem nowym przewodnicz\u0105cym Zarz\u0105du zosta\u0142 <strong>Anatol TCH\u00d3RZEWSKI &#8211; SOBIESZCZA\u0143SKI z klasy 4H<\/strong>, na kt\u00f3rego oddano 20,9% wa\u017cnych g\u0142os\u00f3w. Zast\u0119pc\u0105 przewodnicz\u0105cego zosta\u0142 <strong>Kacper POMIAN z klasy 2T<\/strong>, uzyskuj\u0105c 19,7% g\u0142os\u00f3w. Pozosta\u0142e miejsca zaj\u0119li: Mateusz BIL z klasy 3G_\u017b z wynikiem 17,2% oraz Julia \u015aLONZAK z klasy 3P_\u017bB, kt\u00f3ra uzyska\u0142a 12,8% g\u0142os\u00f3w. W nowym Zarz\u0105dzie obejm\u0105 oni odpowiednio funkcj\u0119 sekretarza oraz skarbnika Rady Uczniowskiej. O krok od wej\u015bcia do Zarz\u0105du by\u0142a Oliwia FLORKOWSKA z klasy 3P_HB z wynikiem 9,4% g\u0142os\u00f3w Sk\u0142ad RU uzupe\u0142ni\u0105 jako jej cz\u0142onkowie: Gabriela GUZENDA kl. 4\u017b, Julia GLICZ kl. 3G_\u017b, Wiktoria GOLA kl. 2\u017b, Weronika SI\u00d3DMIAK kl. 3G_\u017b, Anna SZCZESZEK kl. 3P_T, Marta LITKOWSKA kl. 3P_T, Olga SIKORA kl. 3P_T, Liwia W\u0141ODARCZYK kl. 3G_\u017b, Laura RATAJCZAK kl. 3P_\u017bB, Wiktoria PERKA kl. 3P_\u017bB, Rozalia DUDKOWIAK kl. 3G_CP.<\/p><p>Gratulujemy zwyci\u0119zcom oraz dzi\u0119kujemy wszystkim uczniom, kt\u00f3rzy walnie przyczynili si\u0119 do zorganizowania i przeprowadzenia wybor\u00f3w. Wszystkim kandydatom gratulujemy ka\u017cdego pojedynczego zebranego g\u0142osu. To niew\u0105tpliwe Wasz sukces i dow\u00f3d zaufania jakim zostali\u015bcie obdarzeni przez elektorat \u2013 czyli szkolnych koleg\u00f3w i kole\u017canki. Dodatkowo zach\u0119camy wszystkich uczni\u00f3w szko\u0142y do w\u0142\u0105czenia si\u0119 w prace Samorz\u0105du Uczniowskiego. Zarz\u0105d Samorz\u0105du zosta\u0142 ju\u017c co prawda wybrany, ale ka\u017cdy ucze\u0144 pragn\u0105cy przys\u0142u\u017cy\u0107 si\u0119 naszej wsp\u00f3lnej sprawie (czyli naszej Szkole) jest na wag\u0119 z\u0142ota i jego wk\u0142ad nie zostanie pomini\u0119ty ani zapomniany. Zainteresowanych zapraszamy do kontaktu z opiekunami Samorz\u0105du Uczniowskiego \u2013 Profesorami: Ew\u0105 \u0141ukaszewsk\u0105 i Micha\u0142em W\u0142odarczakiem.<\/p><p>Opiekunowie SU<\/p>\t\t\t\t\t\t\t\t<\/div>\n\t\t\t\t<\/div>\n\t\t\t\t\t<\/div>\n\t\t<\/div>\n\t\t\t\t\t<\/div>\n\t\t<\/section>\n\t\t\t\t<section class=\"elementor-section elementor-top-section elementor-element elementor-element-f330d3e elementor-section-boxed elementor-section-height-default elementor-section-height-default\" data-id=\"f330d3e\" data-element_type=\"section\" data-e-type=\"section\">\n\t\t\t\t\t\t<div class=\"elementor-container elementor-column-gap-default\">\n\t\t\t\t\t<div class=\"elementor-column elementor-col-100 elementor-top-column elementor-element elementor-element-379ff89\" data-id=\"379ff89\" data-element_type=\"column\" data-e-type=\"column\">\n\t\t\t<div class=\"elementor-widget-wrap elementor-element-populated\">\n\t\t\t\t\t\t<div class=\"elementor-element elementor-element-e47a6c4 elementor-widget elementor-widget-image-gallery\" data-id=\"e47a6c4\" data-element_type=\"widget\" data-e-type=\"widget\" data-widget_type=\"image-gallery.default\">\n\t\t\t\t<div class=\"elementor-widget-container\">\n\t\t\t\t\t\t\t<div class=\"elementor-image-gallery\">\n\t\t\t<div id='gallery-1' class='gallery galleryid-4692 gallery-columns-4 gallery-size-thumbnail'><figure class='gallery-item'>\n\t\t\t<div class='gallery-icon landscape'>\n\t\t\t\t<a data-elementor-open-lightbox=\"yes\" data-elementor-lightbox-slideshow=\"e47a6c4\" data-e-action-hash=\"#elementor-action%3Aaction%3Dlightbox%26settings%3DeyJpZCI6NDY4NCwidXJsIjoiaHR0cHM6XC9cL3pzcHMucG96bmFuLnBsXC93cC1jb250ZW50XC91cGxvYWRzXC8yMDIxXC8wOVwvMS0xLmpwZyIsInNsaWRlc2hvdyI6ImU0N2E2YzQifQ%3D%3D\" href='https:\/\/zsps.poznan.pl\/wp-content\/uploads\/2021\/09\/1-1.jpg'><img decoding=\"async\" width=\"150\" height=\"150\" src=\"https:\/\/zsps.poznan.pl\/wp-content\/uploads\/2021\/09\/1-1-150x150.jpg\" class=\"attachment-thumbnail size-thumbnail\" alt=\"\" srcset=\"https:\/\/zsps.poznan.pl\/wp-content\/uploads\/2021\/09\/1-1-150x150.jpg 150w, https:\/\/zsps.poznan.pl\/wp-content\/uploads\/2021\/09\/1-1-230x230.jpg 230w, https:\/\/zsps.poznan.pl\/wp-content\/uploads\/2021\/09\/1-1-365x365.jpg 365w\" sizes=\"(max-width: 150px) 100vw, 150px\" \/><\/a>\n\t\t\t<\/div><\/figure><figure class='gallery-item'>\n\t\t\t<div class='gallery-icon landscape'>\n\t\t\t\t<a data-elementor-open-lightbox=\"yes\" data-elementor-lightbox-slideshow=\"e47a6c4\" data-e-action-hash=\"#elementor-action%3Aaction%3Dlightbox%26settings%3DeyJpZCI6NDY4NSwidXJsIjoiaHR0cHM6XC9cL3pzcHMucG96bmFuLnBsXC93cC1jb250ZW50XC91cGxvYWRzXC8yMDIxXC8wOVwvMi0xLmpwZyIsInNsaWRlc2hvdyI6ImU0N2E2YzQifQ%3D%3D\" href='https:\/\/zsps.poznan.pl\/wp-content\/uploads\/2021\/09\/2-1.jpg'><img decoding=\"async\" width=\"150\" height=\"150\" src=\"https:\/\/zsps.poznan.pl\/wp-content\/uploads\/2021\/09\/2-1-150x150.jpg\" class=\"attachment-thumbnail size-thumbnail\" alt=\"\" srcset=\"https:\/\/zsps.poznan.pl\/wp-content\/uploads\/2021\/09\/2-1-150x150.jpg 150w, https:\/\/zsps.poznan.pl\/wp-content\/uploads\/2021\/09\/2-1-230x230.jpg 230w, https:\/\/zsps.poznan.pl\/wp-content\/uploads\/2021\/09\/2-1-365x365.jpg 365w\" sizes=\"(max-width: 150px) 100vw, 150px\" \/><\/a>\n\t\t\t<\/div><\/figure><figure class='gallery-item'>\n\t\t\t<div class='gallery-icon portrait'>\n\t\t\t\t<a data-elementor-open-lightbox=\"yes\" data-elementor-lightbox-slideshow=\"e47a6c4\" data-e-action-hash=\"#elementor-action%3Aaction%3Dlightbox%26settings%3DeyJpZCI6NDY4NiwidXJsIjoiaHR0cHM6XC9cL3pzcHMucG96bmFuLnBsXC93cC1jb250ZW50XC91cGxvYWRzXC8yMDIxXC8wOVwvMy0xLmpwZyIsInNsaWRlc2hvdyI6ImU0N2E2YzQifQ%3D%3D\" href='https:\/\/zsps.poznan.pl\/wp-content\/uploads\/2021\/09\/3-1.jpg'><img decoding=\"async\" width=\"150\" height=\"150\" src=\"https:\/\/zsps.poznan.pl\/wp-content\/uploads\/2021\/09\/3-1-150x150.jpg\" class=\"attachment-thumbnail size-thumbnail\" alt=\"\" srcset=\"https:\/\/zsps.poznan.pl\/wp-content\/uploads\/2021\/09\/3-1-150x150.jpg 150w, https:\/\/zsps.poznan.pl\/wp-content\/uploads\/2021\/09\/3-1-230x230.jpg 230w, https:\/\/zsps.poznan.pl\/wp-content\/uploads\/2021\/09\/3-1-365x365.jpg 365w\" sizes=\"(max-width: 150px) 100vw, 150px\" \/><\/a>\n\t\t\t<\/div><\/figure><figure class='gallery-item'>\n\t\t\t<div class='gallery-icon landscape'>\n\t\t\t\t<a data-elementor-open-lightbox=\"yes\" data-elementor-lightbox-slideshow=\"e47a6c4\" data-e-action-hash=\"#elementor-action%3Aaction%3Dlightbox%26settings%3DeyJpZCI6NDY4NywidXJsIjoiaHR0cHM6XC9cL3pzcHMucG96bmFuLnBsXC93cC1jb250ZW50XC91cGxvYWRzXC8yMDIxXC8wOVwvNC0xLmpwZyIsInNsaWRlc2hvdyI6ImU0N2E2YzQifQ%3D%3D\" href='https:\/\/zsps.poznan.pl\/wp-content\/uploads\/2021\/09\/4-1.jpg'><img loading=\"lazy\" decoding=\"async\" width=\"150\" height=\"150\" src=\"https:\/\/zsps.poznan.pl\/wp-content\/uploads\/2021\/09\/4-1-150x150.jpg\" class=\"attachment-thumbnail size-thumbnail\" alt=\"\" srcset=\"https:\/\/zsps.poznan.pl\/wp-content\/uploads\/2021\/09\/4-1-150x150.jpg 150w, https:\/\/zsps.poznan.pl\/wp-content\/uploads\/2021\/09\/4-1-230x230.jpg 230w, https:\/\/zsps.poznan.pl\/wp-content\/uploads\/2021\/09\/4-1-365x365.jpg 365w\" sizes=\"(max-width: 150px) 100vw, 150px\" \/><\/a>\n\t\t\t<\/div><\/figure><figure class='gallery-item'>\n\t\t\t<div class='gallery-icon landscape'>\n\t\t\t\t<a data-elementor-open-lightbox=\"yes\" data-elementor-lightbox-slideshow=\"e47a6c4\" data-e-action-hash=\"#elementor-action%3Aaction%3Dlightbox%26settings%3DeyJpZCI6NDY4OCwidXJsIjoiaHR0cHM6XC9cL3pzcHMucG96bmFuLnBsXC93cC1jb250ZW50XC91cGxvYWRzXC8yMDIxXC8wOVwvNS0xLmpwZyIsInNsaWRlc2hvdyI6ImU0N2E2YzQifQ%3D%3D\" href='https:\/\/zsps.poznan.pl\/wp-content\/uploads\/2021\/09\/5-1.jpg'><img loading=\"lazy\" decoding=\"async\" width=\"150\" height=\"150\" src=\"https:\/\/zsps.poznan.pl\/wp-content\/uploads\/2021\/09\/5-1-150x150.jpg\" class=\"attachment-thumbnail size-thumbnail\" alt=\"\" srcset=\"https:\/\/zsps.poznan.pl\/wp-content\/uploads\/2021\/09\/5-1-150x150.jpg 150w, https:\/\/zsps.poznan.pl\/wp-content\/uploads\/2021\/09\/5-1-230x230.jpg 230w, https:\/\/zsps.poznan.pl\/wp-content\/uploads\/2021\/09\/5-1-365x365.jpg 365w\" sizes=\"(max-width: 150px) 100vw, 150px\" \/><\/a>\n\t\t\t<\/div><\/figure><figure class='gallery-item'>\n\t\t\t<div class='gallery-icon landscape'>\n\t\t\t\t<a data-elementor-open-lightbox=\"yes\" data-elementor-lightbox-slideshow=\"e47a6c4\" data-e-action-hash=\"#elementor-action%3Aaction%3Dlightbox%26settings%3DeyJpZCI6NDY4OSwidXJsIjoiaHR0cHM6XC9cL3pzcHMucG96bmFuLnBsXC93cC1jb250ZW50XC91cGxvYWRzXC8yMDIxXC8wOVwvNi5qcGciLCJzbGlkZXNob3ciOiJlNDdhNmM0In0%3D\" href='https:\/\/zsps.poznan.pl\/wp-content\/uploads\/2021\/09\/6.jpg'><img loading=\"lazy\" decoding=\"async\" width=\"150\" height=\"150\" src=\"https:\/\/zsps.poznan.pl\/wp-content\/uploads\/2021\/09\/6-150x150.jpg\" class=\"attachment-thumbnail size-thumbnail\" alt=\"\" srcset=\"https:\/\/zsps.poznan.pl\/wp-content\/uploads\/2021\/09\/6-150x150.jpg 150w, https:\/\/zsps.poznan.pl\/wp-content\/uploads\/2021\/09\/6-230x230.jpg 230w, https:\/\/zsps.poznan.pl\/wp-content\/uploads\/2021\/09\/6-365x365.jpg 365w\" sizes=\"(max-width: 150px) 100vw, 150px\" \/><\/a>\n\t\t\t<\/div><\/figure><figure class='gallery-item'>\n\t\t\t<div class='gallery-icon landscape'>\n\t\t\t\t<a data-elementor-open-lightbox=\"yes\" data-elementor-lightbox-slideshow=\"e47a6c4\" data-e-action-hash=\"#elementor-action%3Aaction%3Dlightbox%26settings%3DeyJpZCI6NDY5MCwidXJsIjoiaHR0cHM6XC9cL3pzcHMucG96bmFuLnBsXC93cC1jb250ZW50XC91cGxvYWRzXC8yMDIxXC8wOVwvNy5qcGciLCJzbGlkZXNob3ciOiJlNDdhNmM0In0%3D\" href='https:\/\/zsps.poznan.pl\/wp-content\/uploads\/2021\/09\/7.jpg'><img loading=\"lazy\" decoding=\"async\" width=\"150\" height=\"150\" src=\"https:\/\/zsps.poznan.pl\/wp-content\/uploads\/2021\/09\/7-150x150.jpg\" class=\"attachment-thumbnail size-thumbnail\" alt=\"\" srcset=\"https:\/\/zsps.poznan.pl\/wp-content\/uploads\/2021\/09\/7-150x150.jpg 150w, https:\/\/zsps.poznan.pl\/wp-content\/uploads\/2021\/09\/7-230x230.jpg 230w, https:\/\/zsps.poznan.pl\/wp-content\/uploads\/2021\/09\/7-365x365.jpg 365w\" sizes=\"(max-width: 150px) 100vw, 150px\" \/><\/a>\n\t\t\t<\/div><\/figure><figure class='gallery-item'>\n\t\t\t<div class='gallery-icon landscape'>\n\t\t\t\t<a data-elementor-open-lightbox=\"yes\" data-elementor-lightbox-slideshow=\"e47a6c4\" data-e-action-hash=\"#elementor-action%3Aaction%3Dlightbox%26settings%3DeyJpZCI6NDY5MSwidXJsIjoiaHR0cHM6XC9cL3pzcHMucG96bmFuLnBsXC93cC1jb250ZW50XC91cGxvYWRzXC8yMDIxXC8wOVwvOC5qcGciLCJzbGlkZXNob3ciOiJlNDdhNmM0In0%3D\" href='https:\/\/zsps.poznan.pl\/wp-content\/uploads\/2021\/09\/8.jpg'><img loading=\"lazy\" decoding=\"async\" width=\"150\" height=\"150\" src=\"https:\/\/zsps.poznan.pl\/wp-content\/uploads\/2021\/09\/8-150x150.jpg\" class=\"attachment-thumbnail size-thumbnail\" alt=\"\" srcset=\"https:\/\/zsps.poznan.pl\/wp-content\/uploads\/2021\/09\/8-150x150.jpg 150w, https:\/\/zsps.poznan.pl\/wp-content\/uploads\/2021\/09\/8-230x230.jpg 230w, https:\/\/zsps.poznan.pl\/wp-content\/uploads\/2021\/09\/8-365x365.jpg 365w\" sizes=\"(max-width: 150px) 100vw, 150px\" \/><\/a>\n\t\t\t<\/div><\/figure>\n\t\t<\/div>\n\t\t<\/div>\n\t\t\t\t\t\t<\/div>\n\t\t\t\t<\/div>\n\t\t\t\t\t<\/div>\n\t\t<\/div>\n\t\t\t\t\t<\/div>\n\t\t<\/section>\n\t\t\t\t<\/div>\n\t\t","protected":false},"excerpt":{"rendered":"<p>Tradycyjnie pod koniec wrze\u015bnia w naszej szkole mieli\u015bmy do czynienia z prawdziwym \u015bwi\u0119tem demokracji. Uczniowie mieli okazj\u0119 w dniach od 23 do 24 wrze\u015bnia oddawa\u0107 swoje g\u0142osy na kandydat\u00f3w w wyborach na przewodnicz\u0105cego Zarz\u0105du Rady Uczniowskiej. Zwyci\u0119zc\u0105 g\u0142osowania i zarazem<\/p>\n","protected":false},"author":7,"featured_media":0,"comment_status":"closed","ping_status":"closed","sticky":false,"template":"","format":"standard","meta":{"footnotes":""},"categories":[1,25],"tags":[],"class_list":["post-4692","post","type-post","status-publish","format-standard","hentry","category-aktualnosci","category-samorzad"],"yoast_head":"<!-- This site is optimized with the Yoast SEO plugin v27.5 - https:\/\/yoast.com\/product\/yoast-seo-wordpress\/ -->\n<title>WYBORY DO SAMORZ\u0104DU UCZNIOWSKIEGO - ZESP\u00d3\u0141 SZK\u00d3\u0141 PRZEMYS\u0141U SPO\u017bYWCZEGO<\/title>\n<meta name=\"robots\" content=\"index, follow, max-snippet:-1, max-image-preview:large, max-video-preview:-1\" \/>\n<link rel=\"canonical\" href=\"https:\/\/zsps.poznan.pl\/index.php\/wybory-do-samorzadu-uczniowskiego\/\" \/>\n<meta property=\"og:locale\" content=\"pl_PL\" \/>\n<meta property=\"og:type\" content=\"article\" \/>\n<meta property=\"og:title\" content=\"WYBORY DO SAMORZ\u0104DU UCZNIOWSKIEGO - ZESP\u00d3\u0141 SZK\u00d3\u0141 PRZEMYS\u0141U SPO\u017bYWCZEGO\" \/>\n<meta property=\"og:description\" content=\"Tradycyjnie pod koniec wrze\u015bnia w naszej szkole mieli\u015bmy do czynienia z prawdziwym \u015bwi\u0119tem demokracji. Uczniowie mieli okazj\u0119 w dniach od 23 do 24 wrze\u015bnia oddawa\u0107 swoje g\u0142osy na kandydat\u00f3w w wyborach na przewodnicz\u0105cego Zarz\u0105du Rady Uczniowskiej. Zwyci\u0119zc\u0105 g\u0142osowania i zarazem\" \/>\n<meta property=\"og:url\" content=\"https:\/\/zsps.poznan.pl\/index.php\/wybory-do-samorzadu-uczniowskiego\/\" \/>\n<meta property=\"og:site_name\" content=\"ZESP\u00d3\u0141 SZK\u00d3\u0141 PRZEMYS\u0141U SPO\u017bYWCZEGO\" \/>\n<meta property=\"article:publisher\" content=\"https:\/\/www.facebook.com\/zsps.poznan\" \/>\n<meta property=\"article:published_time\" content=\"2021-09-27T20:25:41+00:00\" \/>\n<meta property=\"article:modified_time\" content=\"2022-01-31T14:04:31+00:00\" \/>\n<meta property=\"og:image\" content=\"https:\/\/zsps.poznan.pl\/wp-content\/uploads\/2021\/09\/1-1-150x150.jpg\" \/>\n<meta name=\"author\" content=\"barteckir\" \/>\n<meta name=\"twitter:card\" content=\"summary_large_image\" \/>\n<meta name=\"twitter:label1\" content=\"Napisane przez\" \/>\n\t<meta name=\"twitter:data1\" content=\"barteckir\" \/>\n\t<meta name=\"twitter:label2\" content=\"Szacowany czas czytania\" \/>\n\t<meta name=\"twitter:data2\" content=\"2 minuty\" \/>\n<script type=\"application\/ld+json\" class=\"yoast-schema-graph\">{\"@context\":\"https:\\\/\\\/schema.org\",\"@graph\":[{\"@type\":\"Article\",\"@id\":\"https:\\\/\\\/zsps.poznan.pl\\\/index.php\\\/wybory-do-samorzadu-uczniowskiego\\\/#article\",\"isPartOf\":{\"@id\":\"https:\\\/\\\/zsps.poznan.pl\\\/index.php\\\/wybory-do-samorzadu-uczniowskiego\\\/\"},\"author\":{\"name\":\"barteckir\",\"@id\":\"https:\\\/\\\/zsps.poznan.pl\\\/#\\\/schema\\\/person\\\/bd2786aff3d28d572ee3d08aa13cfba8\"},\"headline\":\"WYBORY DO SAMORZ\u0104DU UCZNIOWSKIEGO\",\"datePublished\":\"2021-09-27T20:25:41+00:00\",\"dateModified\":\"2022-01-31T14:04:31+00:00\",\"mainEntityOfPage\":{\"@id\":\"https:\\\/\\\/zsps.poznan.pl\\\/index.php\\\/wybory-do-samorzadu-uczniowskiego\\\/\"},\"wordCount\":338,\"publisher\":{\"@id\":\"https:\\\/\\\/zsps.poznan.pl\\\/#organization\"},\"image\":{\"@id\":\"https:\\\/\\\/zsps.poznan.pl\\\/index.php\\\/wybory-do-samorzadu-uczniowskiego\\\/#primaryimage\"},\"thumbnailUrl\":\"https:\\\/\\\/zsps.poznan.pl\\\/wp-content\\\/uploads\\\/2021\\\/09\\\/1-1-150x150.jpg\",\"articleSection\":[\"Aktualno\u015bci\",\"Samorz\u0105d\"],\"inLanguage\":\"pl-PL\"},{\"@type\":\"WebPage\",\"@id\":\"https:\\\/\\\/zsps.poznan.pl\\\/index.php\\\/wybory-do-samorzadu-uczniowskiego\\\/\",\"url\":\"https:\\\/\\\/zsps.poznan.pl\\\/index.php\\\/wybory-do-samorzadu-uczniowskiego\\\/\",\"name\":\"WYBORY DO SAMORZ\u0104DU UCZNIOWSKIEGO - ZESP\u00d3\u0141 SZK\u00d3\u0141 PRZEMYS\u0141U SPO\u017bYWCZEGO\",\"isPartOf\":{\"@id\":\"https:\\\/\\\/zsps.poznan.pl\\\/#website\"},\"primaryImageOfPage\":{\"@id\":\"https:\\\/\\\/zsps.poznan.pl\\\/index.php\\\/wybory-do-samorzadu-uczniowskiego\\\/#primaryimage\"},\"image\":{\"@id\":\"https:\\\/\\\/zsps.poznan.pl\\\/index.php\\\/wybory-do-samorzadu-uczniowskiego\\\/#primaryimage\"},\"thumbnailUrl\":\"https:\\\/\\\/zsps.poznan.pl\\\/wp-content\\\/uploads\\\/2021\\\/09\\\/1-1-150x150.jpg\",\"datePublished\":\"2021-09-27T20:25:41+00:00\",\"dateModified\":\"2022-01-31T14:04:31+00:00\",\"breadcrumb\":{\"@id\":\"https:\\\/\\\/zsps.poznan.pl\\\/index.php\\\/wybory-do-samorzadu-uczniowskiego\\\/#breadcrumb\"},\"inLanguage\":\"pl-PL\",\"potentialAction\":[{\"@type\":\"ReadAction\",\"target\":[\"https:\\\/\\\/zsps.poznan.pl\\\/index.php\\\/wybory-do-samorzadu-uczniowskiego\\\/\"]}]},{\"@type\":\"ImageObject\",\"inLanguage\":\"pl-PL\",\"@id\":\"https:\\\/\\\/zsps.poznan.pl\\\/index.php\\\/wybory-do-samorzadu-uczniowskiego\\\/#primaryimage\",\"url\":\"https:\\\/\\\/zsps.poznan.pl\\\/wp-content\\\/uploads\\\/2021\\\/09\\\/1-1.jpg\",\"contentUrl\":\"https:\\\/\\\/zsps.poznan.pl\\\/wp-content\\\/uploads\\\/2021\\\/09\\\/1-1.jpg\",\"width\":1333,\"height\":1000},{\"@type\":\"BreadcrumbList\",\"@id\":\"https:\\\/\\\/zsps.poznan.pl\\\/index.php\\\/wybory-do-samorzadu-uczniowskiego\\\/#breadcrumb\",\"itemListElement\":[{\"@type\":\"ListItem\",\"position\":1,\"name\":\"Strona g\u0142\u00f3wna\",\"item\":\"https:\\\/\\\/zsps.poznan.pl\\\/\"},{\"@type\":\"ListItem\",\"position\":2,\"name\":\"WYBORY DO SAMORZ\u0104DU UCZNIOWSKIEGO\"}]},{\"@type\":\"WebSite\",\"@id\":\"https:\\\/\\\/zsps.poznan.pl\\\/#website\",\"url\":\"https:\\\/\\\/zsps.poznan.pl\\\/\",\"name\":\"ZESP\u00d3\u0141 SZK\u00d3\u0141 PRZEMYS\u0141U SPO\u017bYWCZEGO\",\"description\":\"im. J. J. \u015aniadeckich w Poznaniu\",\"publisher\":{\"@id\":\"https:\\\/\\\/zsps.poznan.pl\\\/#organization\"},\"potentialAction\":[{\"@type\":\"SearchAction\",\"target\":{\"@type\":\"EntryPoint\",\"urlTemplate\":\"https:\\\/\\\/zsps.poznan.pl\\\/?s={search_term_string}\"},\"query-input\":{\"@type\":\"PropertyValueSpecification\",\"valueRequired\":true,\"valueName\":\"search_term_string\"}}],\"inLanguage\":\"pl-PL\"},{\"@type\":\"Organization\",\"@id\":\"https:\\\/\\\/zsps.poznan.pl\\\/#organization\",\"name\":\"Zesp\u00f3\u0142 Szk\u00f3\u0142 Przemys\u0142u Spo\u017cywczego\",\"url\":\"https:\\\/\\\/zsps.poznan.pl\\\/\",\"logo\":{\"@type\":\"ImageObject\",\"inLanguage\":\"pl-PL\",\"@id\":\"https:\\\/\\\/zsps.poznan.pl\\\/#\\\/schema\\\/logo\\\/image\\\/\",\"url\":\"\",\"contentUrl\":\"\",\"caption\":\"Zesp\u00f3\u0142 Szk\u00f3\u0142 Przemys\u0142u Spo\u017cywczego\"},\"image\":{\"@id\":\"https:\\\/\\\/zsps.poznan.pl\\\/#\\\/schema\\\/logo\\\/image\\\/\"},\"sameAs\":[\"https:\\\/\\\/www.facebook.com\\\/zsps.poznan\"]},{\"@type\":\"Person\",\"@id\":\"https:\\\/\\\/zsps.poznan.pl\\\/#\\\/schema\\\/person\\\/bd2786aff3d28d572ee3d08aa13cfba8\",\"name\":\"barteckir\",\"image\":{\"@type\":\"ImageObject\",\"inLanguage\":\"pl-PL\",\"@id\":\"https:\\\/\\\/secure.gravatar.com\\\/avatar\\\/467135196b1d7899a43486e26008f7675b9e000444ef035aa409397837c4cfd8?s=96&d=retro&r=g\",\"url\":\"https:\\\/\\\/secure.gravatar.com\\\/avatar\\\/467135196b1d7899a43486e26008f7675b9e000444ef035aa409397837c4cfd8?s=96&d=retro&r=g\",\"contentUrl\":\"https:\\\/\\\/secure.gravatar.com\\\/avatar\\\/467135196b1d7899a43486e26008f7675b9e000444ef035aa409397837c4cfd8?s=96&d=retro&r=g\",\"caption\":\"barteckir\"}}]}<\/script>\n<!-- \/ Yoast SEO plugin. -->","yoast_head_json":{"title":"WYBORY DO SAMORZ\u0104DU UCZNIOWSKIEGO - ZESP\u00d3\u0141 SZK\u00d3\u0141 PRZEMYS\u0141U SPO\u017bYWCZEGO","robots":{"index":"index","follow":"follow","max-snippet":"max-snippet:-1","max-image-preview":"max-image-preview:large","max-video-preview":"max-video-preview:-1"},"canonical":"https:\/\/zsps.poznan.pl\/index.php\/wybory-do-samorzadu-uczniowskiego\/","og_locale":"pl_PL","og_type":"article","og_title":"WYBORY DO SAMORZ\u0104DU UCZNIOWSKIEGO - ZESP\u00d3\u0141 SZK\u00d3\u0141 PRZEMYS\u0141U SPO\u017bYWCZEGO","og_description":"Tradycyjnie pod koniec wrze\u015bnia w naszej szkole mieli\u015bmy do czynienia z prawdziwym \u015bwi\u0119tem demokracji. Uczniowie mieli okazj\u0119 w dniach od 23 do 24 wrze\u015bnia oddawa\u0107 swoje g\u0142osy na kandydat\u00f3w w wyborach na przewodnicz\u0105cego Zarz\u0105du Rady Uczniowskiej. Zwyci\u0119zc\u0105 g\u0142osowania i zarazem","og_url":"https:\/\/zsps.poznan.pl\/index.php\/wybory-do-samorzadu-uczniowskiego\/","og_site_name":"ZESP\u00d3\u0141 SZK\u00d3\u0141 PRZEMYS\u0141U SPO\u017bYWCZEGO","article_publisher":"https:\/\/www.facebook.com\/zsps.poznan","article_published_time":"2021-09-27T20:25:41+00:00","article_modified_time":"2022-01-31T14:04:31+00:00","og_image":[{"url":"https:\/\/zsps.poznan.pl\/wp-content\/uploads\/2021\/09\/1-1-150x150.jpg","type":"","width":"","height":""}],"author":"barteckir","twitter_card":"summary_large_image","twitter_misc":{"Napisane przez":"barteckir","Szacowany czas czytania":"2 minuty"},"schema":{"@context":"https:\/\/schema.org","@graph":[{"@type":"Article","@id":"https:\/\/zsps.poznan.pl\/index.php\/wybory-do-samorzadu-uczniowskiego\/#article","isPartOf":{"@id":"https:\/\/zsps.poznan.pl\/index.php\/wybory-do-samorzadu-uczniowskiego\/"},"author":{"name":"barteckir","@id":"https:\/\/zsps.poznan.pl\/#\/schema\/person\/bd2786aff3d28d572ee3d08aa13cfba8"},"headline":"WYBORY DO SAMORZ\u0104DU UCZNIOWSKIEGO","datePublished":"2021-09-27T20:25:41+00:00","dateModified":"2022-01-31T14:04:31+00:00","mainEntityOfPage":{"@id":"https:\/\/zsps.poznan.pl\/index.php\/wybory-do-samorzadu-uczniowskiego\/"},"wordCount":338,"publisher":{"@id":"https:\/\/zsps.poznan.pl\/#organization"},"image":{"@id":"https:\/\/zsps.poznan.pl\/index.php\/wybory-do-samorzadu-uczniowskiego\/#primaryimage"},"thumbnailUrl":"https:\/\/zsps.poznan.pl\/wp-content\/uploads\/2021\/09\/1-1-150x150.jpg","articleSection":["Aktualno\u015bci","Samorz\u0105d"],"inLanguage":"pl-PL"},{"@type":"WebPage","@id":"https:\/\/zsps.poznan.pl\/index.php\/wybory-do-samorzadu-uczniowskiego\/","url":"https:\/\/zsps.poznan.pl\/index.php\/wybory-do-samorzadu-uczniowskiego\/","name":"WYBORY DO SAMORZ\u0104DU UCZNIOWSKIEGO - ZESP\u00d3\u0141 SZK\u00d3\u0141 PRZEMYS\u0141U SPO\u017bYWCZEGO","isPartOf":{"@id":"https:\/\/zsps.poznan.pl\/#website"},"primaryImageOfPage":{"@id":"https:\/\/zsps.poznan.pl\/index.php\/wybory-do-samorzadu-uczniowskiego\/#primaryimage"},"image":{"@id":"https:\/\/zsps.poznan.pl\/index.php\/wybory-do-samorzadu-uczniowskiego\/#primaryimage"},"thumbnailUrl":"https:\/\/zsps.poznan.pl\/wp-content\/uploads\/2021\/09\/1-1-150x150.jpg","datePublished":"2021-09-27T20:25:41+00:00","dateModified":"2022-01-31T14:04:31+00:00","breadcrumb":{"@id":"https:\/\/zsps.poznan.pl\/index.php\/wybory-do-samorzadu-uczniowskiego\/#breadcrumb"},"inLanguage":"pl-PL","potentialAction":[{"@type":"ReadAction","target":["https:\/\/zsps.poznan.pl\/index.php\/wybory-do-samorzadu-uczniowskiego\/"]}]},{"@type":"ImageObject","inLanguage":"pl-PL","@id":"https:\/\/zsps.poznan.pl\/index.php\/wybory-do-samorzadu-uczniowskiego\/#primaryimage","url":"https:\/\/zsps.poznan.pl\/wp-content\/uploads\/2021\/09\/1-1.jpg","contentUrl":"https:\/\/zsps.poznan.pl\/wp-content\/uploads\/2021\/09\/1-1.jpg","width":1333,"height":1000},{"@type":"BreadcrumbList","@id":"https:\/\/zsps.poznan.pl\/index.php\/wybory-do-samorzadu-uczniowskiego\/#breadcrumb","itemListElement":[{"@type":"ListItem","position":1,"name":"Strona g\u0142\u00f3wna","item":"https:\/\/zsps.poznan.pl\/"},{"@type":"ListItem","position":2,"name":"WYBORY DO SAMORZ\u0104DU UCZNIOWSKIEGO"}]},{"@type":"WebSite","@id":"https:\/\/zsps.poznan.pl\/#website","url":"https:\/\/zsps.poznan.pl\/","name":"ZESP\u00d3\u0141 SZK\u00d3\u0141 PRZEMYS\u0141U SPO\u017bYWCZEGO","description":"im. J. J. \u015aniadeckich w Poznaniu","publisher":{"@id":"https:\/\/zsps.poznan.pl\/#organization"},"potentialAction":[{"@type":"SearchAction","target":{"@type":"EntryPoint","urlTemplate":"https:\/\/zsps.poznan.pl\/?s={search_term_string}"},"query-input":{"@type":"PropertyValueSpecification","valueRequired":true,"valueName":"search_term_string"}}],"inLanguage":"pl-PL"},{"@type":"Organization","@id":"https:\/\/zsps.poznan.pl\/#organization","name":"Zesp\u00f3\u0142 Szk\u00f3\u0142 Przemys\u0142u Spo\u017cywczego","url":"https:\/\/zsps.poznan.pl\/","logo":{"@type":"ImageObject","inLanguage":"pl-PL","@id":"https:\/\/zsps.poznan.pl\/#\/schema\/logo\/image\/","url":"","contentUrl":"","caption":"Zesp\u00f3\u0142 Szk\u00f3\u0142 Przemys\u0142u Spo\u017cywczego"},"image":{"@id":"https:\/\/zsps.poznan.pl\/#\/schema\/logo\/image\/"},"sameAs":["https:\/\/www.facebook.com\/zsps.poznan"]},{"@type":"Person","@id":"https:\/\/zsps.poznan.pl\/#\/schema\/person\/bd2786aff3d28d572ee3d08aa13cfba8","name":"barteckir","image":{"@type":"ImageObject","inLanguage":"pl-PL","@id":"https:\/\/secure.gravatar.com\/avatar\/467135196b1d7899a43486e26008f7675b9e000444ef035aa409397837c4cfd8?s=96&d=retro&r=g","url":"https:\/\/secure.gravatar.com\/avatar\/467135196b1d7899a43486e26008f7675b9e000444ef035aa409397837c4cfd8?s=96&d=retro&r=g","contentUrl":"https:\/\/secure.gravatar.com\/avatar\/467135196b1d7899a43486e26008f7675b9e000444ef035aa409397837c4cfd8?s=96&d=retro&r=g","caption":"barteckir"}}]}},"_links":{"self":[{"href":"https:\/\/zsps.poznan.pl\/index.php\/wp-json\/wp\/v2\/posts\/4692","targetHints":{"allow":["GET"]}}],"collection":[{"href":"https:\/\/zsps.poznan.pl\/index.php\/wp-json\/wp\/v2\/posts"}],"about":[{"href":"https:\/\/zsps.poznan.pl\/index.php\/wp-json\/wp\/v2\/types\/post"}],"author":[{"embeddable":true,"href":"https:\/\/zsps.poznan.pl\/index.php\/wp-json\/wp\/v2\/users\/7"}],"replies":[{"embeddable":true,"href":"https:\/\/zsps.poznan.pl\/index.php\/wp-json\/wp\/v2\/comments?post=4692"}],"version-history":[{"count":9,"href":"https:\/\/zsps.poznan.pl\/index.php\/wp-json\/wp\/v2\/posts\/4692\/revisions"}],"predecessor-version":[{"id":4702,"href":"https:\/\/zsps.poznan.pl\/index.php\/wp-json\/wp\/v2\/posts\/4692\/revisions\/4702"}],"wp:attachment":[{"href":"https:\/\/zsps.poznan.pl\/index.php\/wp-json\/wp\/v2\/media?parent=4692"}],"wp:term":[{"taxonomy":"category","embeddable":true,"href":"https:\/\/zsps.poznan.pl\/index.php\/wp-json\/wp\/v2\/categories?post=4692"},{"taxonomy":"post_tag","embeddable":true,"href":"https:\/\/zsps.poznan.pl\/index.php\/wp-json\/wp\/v2\/tags?post=4692"}],"curies":[{"name":"wp","href":"https:\/\/api.w.org\/{rel}","templated":true}]}}