{"id":5655,"date":"2021-12-21T12:42:55","date_gmt":"2021-12-21T11:42:55","guid":{"rendered":"https:\/\/zsps.poznan.pl\/?p=5655"},"modified":"2022-01-04T14:35:56","modified_gmt":"2022-01-04T13:35:56","slug":"konkurs-dekorowania-piernikow-serce-z-piernika","status":"publish","type":"post","link":"https:\/\/zsps.poznan.pl\/index.php\/konkurs-dekorowania-piernikow-serce-z-piernika\/","title":{"rendered":"Konkurs dekorowania piernik\u00f3w : \u201eSerce z piernika\u201d."},"content":{"rendered":"\t\t<div data-elementor-type=\"wp-post\" data-elementor-id=\"5655\" class=\"elementor elementor-5655\">\n\t\t\t\t\t\t<section class=\"elementor-section elementor-top-section elementor-element elementor-element-a0dfc48 elementor-section-boxed elementor-section-height-default elementor-section-height-default\" data-id=\"a0dfc48\" data-element_type=\"section\" data-e-type=\"section\">\n\t\t\t\t\t\t<div class=\"elementor-container elementor-column-gap-default\">\n\t\t\t\t\t<div class=\"elementor-column elementor-col-100 elementor-top-column elementor-element elementor-element-9ea9561\" data-id=\"9ea9561\" data-element_type=\"column\" data-e-type=\"column\">\n\t\t\t<div class=\"elementor-widget-wrap elementor-element-populated\">\n\t\t\t\t\t\t<div class=\"elementor-element elementor-element-ac541b2 elementor-widget elementor-widget-text-editor\" data-id=\"ac541b2\" data-element_type=\"widget\" data-e-type=\"widget\" data-widget_type=\"text-editor.default\">\n\t\t\t\t<div class=\"elementor-widget-container\">\n\t\t\t\t\t\t\t\t\t<p class=\"Standard\">Kolejny raz uczniowie naszej szko\u0142y mieli okazj\u0119 pokaza\u0107 sw\u00f3j kunszt w zakresie dekoracji piernik\u00f3w. Wykorzystali g\u0142\u00f3wnie lukier kr\u00f3lewski, niekiedy z dodatkiem barwnik\u00f3w spo\u017cywczych.<\/p><p class=\"Standard\">Zdobienie piernik\u00f3w mia\u0142o miejsce podczas zaj\u0119\u0107 praktycznych uczni\u00f3w szk\u00f3\u0142 technikum oraz podczas lekcji dekorowania w klasie trzeciej szko\u0142y bran\u017cowej.<\/p><p class=\"Standard\">Na konkurs- wystaw\u0119 zakwalifikowanych zosta\u0142o 19 piernik\u00f3w.<\/p><p class=\"Standard\">Komisja konkursowa, w sk\u0142ad kt\u00f3rej weszli nauczyciele przedmiot\u00f3w zawodowych wy\u0142oni\u0142a zwyci\u0119zc\u00f3w:<\/p><p>I miejsce- Kornelia Brzechczyn\u00a0<\/p><p>II miejsce &#8211; Weronika Kubale<\/p><p>III miejsce &#8211; Magdalena Janicka<\/p><p>IV miejsce &#8211; Katarzyna Durska<\/p><p>V miejsce &#8211; Amelia Kurczaba<\/p><p>VI miejsce &#8211; Zofia Pilarczyk<\/p><p>Odby\u0142o si\u0119 r\u00f3wnie\u017c g\u0142osowanie \u201ekarteczkowe\u201d, w kt\u00f3rym wzi\u0119li udzia\u0142 ogl\u0105daj\u0105cy wystaw\u0119 w dniu 18 grudnia. Tej publiczno\u015bci najbardziej podoba\u0142 si\u0119 piernik udekorowany przez uczennic\u0119 Ameli\u0119 Kurczaba.<\/p><p>Trwa jeszcze g\u0142osowanie Internetowe na Facebooku. Zach\u0119camy do udzia\u0142u.<\/p><p>Bardzo dzi\u0119kujemy za udzia\u0142 wszystkim uczestnikom konkursu i gratulujemy umiej\u0119tno\u015bci artystycznych. Nauczyciele zgodnie zauwa\u017cyli wysoki i wyr\u00f3wnany poziom prac konkursowych.<\/p><p>Upominki i dyplomy zostan\u0105 rozdane w styczniu.<\/p><p>Justyna Putz i Jadwiga Jab\u0142e<\/p>\t\t\t\t\t\t\t\t<\/div>\n\t\t\t\t<\/div>\n\t\t\t\t\t<\/div>\n\t\t<\/div>\n\t\t\t\t\t<\/div>\n\t\t<\/section>\n\t\t\t\t<section class=\"elementor-section elementor-top-section elementor-element elementor-element-542cdec elementor-section-boxed elementor-section-height-default elementor-section-height-default\" data-id=\"542cdec\" data-element_type=\"section\" data-e-type=\"section\">\n\t\t\t\t\t\t<div class=\"elementor-container elementor-column-gap-default\">\n\t\t\t\t\t<div class=\"elementor-column elementor-col-100 elementor-top-column elementor-element elementor-element-e624ce3\" data-id=\"e624ce3\" data-element_type=\"column\" data-e-type=\"column\">\n\t\t\t<div class=\"elementor-widget-wrap elementor-element-populated\">\n\t\t\t\t\t\t<div class=\"elementor-element elementor-element-544d183 elementor-widget elementor-widget-image-gallery\" data-id=\"544d183\" data-element_type=\"widget\" data-e-type=\"widget\" data-widget_type=\"image-gallery.default\">\n\t\t\t\t<div class=\"elementor-widget-container\">\n\t\t\t\t\t\t\t<div class=\"elementor-image-gallery\">\n\t\t\t<div id='gallery-1' class='gallery galleryid-5655 gallery-columns-4 gallery-size-thumbnail'><figure class='gallery-item'>\n\t\t\t<div class='gallery-icon landscape'>\n\t\t\t\t<a data-elementor-open-lightbox=\"yes\" data-elementor-lightbox-slideshow=\"544d183\" data-e-action-hash=\"#elementor-action%3Aaction%3Dlightbox%26settings%3DeyJpZCI6NTY2MiwidXJsIjoiaHR0cHM6XC9cL3pzcHMucG96bmFuLnBsXC93cC1jb250ZW50XC91cGxvYWRzXC8yMDIxXC8xMlwvS29ybmVsaWEtQnJ6ZWNoY3p5bi5qcGciLCJzbGlkZXNob3ciOiI1NDRkMTgzIn0%3D\" href='https:\/\/zsps.poznan.pl\/wp-content\/uploads\/2021\/12\/Kornelia-Brzechczyn.jpg'><img decoding=\"async\" width=\"150\" height=\"150\" src=\"https:\/\/zsps.poznan.pl\/wp-content\/uploads\/2021\/12\/Kornelia-Brzechczyn-150x150.jpg\" class=\"attachment-thumbnail size-thumbnail\" alt=\"\" aria-describedby=\"gallery-1-5662\" srcset=\"https:\/\/zsps.poznan.pl\/wp-content\/uploads\/2021\/12\/Kornelia-Brzechczyn-150x150.jpg 150w, https:\/\/zsps.poznan.pl\/wp-content\/uploads\/2021\/12\/Kornelia-Brzechczyn-230x230.jpg 230w, https:\/\/zsps.poznan.pl\/wp-content\/uploads\/2021\/12\/Kornelia-Brzechczyn-365x365.jpg 365w\" sizes=\"(max-width: 150px) 100vw, 150px\" \/><\/a>\n\t\t\t<\/div>\n\t\t\t\t<figcaption class='wp-caption-text gallery-caption' id='gallery-1-5662'>\n\t\t\t\tI miejsce &#8211; Kornelia Brzechczyn\n\t\t\t\t<\/figcaption><\/figure><figure class='gallery-item'>\n\t\t\t<div class='gallery-icon landscape'>\n\t\t\t\t<a data-elementor-open-lightbox=\"yes\" data-elementor-lightbox-slideshow=\"544d183\" data-e-action-hash=\"#elementor-action%3Aaction%3Dlightbox%26settings%3DeyJpZCI6NTY2MywidXJsIjoiaHR0cHM6XC9cL3pzcHMucG96bmFuLnBsXC93cC1jb250ZW50XC91cGxvYWRzXC8yMDIxXC8xMlwvTmF0YWxpYS1LdWJhbGEuanBnIiwic2xpZGVzaG93IjoiNTQ0ZDE4MyJ9\" href='https:\/\/zsps.poznan.pl\/wp-content\/uploads\/2021\/12\/Natalia-Kubala.jpg'><img decoding=\"async\" width=\"150\" height=\"150\" src=\"https:\/\/zsps.poznan.pl\/wp-content\/uploads\/2021\/12\/Natalia-Kubala-150x150.jpg\" class=\"attachment-thumbnail size-thumbnail\" alt=\"\" aria-describedby=\"gallery-1-5663\" srcset=\"https:\/\/zsps.poznan.pl\/wp-content\/uploads\/2021\/12\/Natalia-Kubala-150x150.jpg 150w, https:\/\/zsps.poznan.pl\/wp-content\/uploads\/2021\/12\/Natalia-Kubala-230x230.jpg 230w, https:\/\/zsps.poznan.pl\/wp-content\/uploads\/2021\/12\/Natalia-Kubala-365x365.jpg 365w\" sizes=\"(max-width: 150px) 100vw, 150px\" \/><\/a>\n\t\t\t<\/div>\n\t\t\t\t<figcaption class='wp-caption-text gallery-caption' id='gallery-1-5663'>\n\t\t\t\tII miejsce &#8211; Weronika Kubale\n\t\t\t\t<\/figcaption><\/figure><figure class='gallery-item'>\n\t\t\t<div class='gallery-icon portrait'>\n\t\t\t\t<a data-elementor-open-lightbox=\"yes\" data-elementor-lightbox-slideshow=\"544d183\" data-e-action-hash=\"#elementor-action%3Aaction%3Dlightbox%26settings%3DeyJpZCI6NTY2NCwidXJsIjoiaHR0cHM6XC9cL3pzcHMucG96bmFuLnBsXC93cC1jb250ZW50XC91cGxvYWRzXC8yMDIxXC8xMlwvTWFnZGFsZW5hLUphbmlja2EuanBnIiwic2xpZGVzaG93IjoiNTQ0ZDE4MyJ9\" href='https:\/\/zsps.poznan.pl\/wp-content\/uploads\/2021\/12\/Magdalena-Janicka.jpg'><img decoding=\"async\" width=\"150\" height=\"150\" src=\"https:\/\/zsps.poznan.pl\/wp-content\/uploads\/2021\/12\/Magdalena-Janicka-150x150.jpg\" class=\"attachment-thumbnail size-thumbnail\" alt=\"\" aria-describedby=\"gallery-1-5664\" srcset=\"https:\/\/zsps.poznan.pl\/wp-content\/uploads\/2021\/12\/Magdalena-Janicka-150x150.jpg 150w, https:\/\/zsps.poznan.pl\/wp-content\/uploads\/2021\/12\/Magdalena-Janicka-230x230.jpg 230w, https:\/\/zsps.poznan.pl\/wp-content\/uploads\/2021\/12\/Magdalena-Janicka-365x365.jpg 365w\" sizes=\"(max-width: 150px) 100vw, 150px\" \/><\/a>\n\t\t\t<\/div>\n\t\t\t\t<figcaption class='wp-caption-text gallery-caption' id='gallery-1-5664'>\n\t\t\t\tIII miejsce &#8211; Magdalena Janicka \n\t\t\t\t<\/figcaption><\/figure><figure class='gallery-item'>\n\t\t\t<div class='gallery-icon portrait'>\n\t\t\t\t<a data-elementor-open-lightbox=\"yes\" data-elementor-lightbox-slideshow=\"544d183\" data-e-action-hash=\"#elementor-action%3Aaction%3Dlightbox%26settings%3DeyJpZCI6NTY2OCwidXJsIjoiaHR0cHM6XC9cL3pzcHMucG96bmFuLnBsXC93cC1jb250ZW50XC91cGxvYWRzXC8yMDIxXC8xMlwvS2F0YXJ6eW5hLUR1cnNrYS5qcGciLCJzbGlkZXNob3ciOiI1NDRkMTgzIn0%3D\" href='https:\/\/zsps.poznan.pl\/wp-content\/uploads\/2021\/12\/Katarzyna-Durska.jpg'><img loading=\"lazy\" decoding=\"async\" width=\"150\" height=\"150\" src=\"https:\/\/zsps.poznan.pl\/wp-content\/uploads\/2021\/12\/Katarzyna-Durska-150x150.jpg\" class=\"attachment-thumbnail size-thumbnail\" alt=\"\" aria-describedby=\"gallery-1-5668\" srcset=\"https:\/\/zsps.poznan.pl\/wp-content\/uploads\/2021\/12\/Katarzyna-Durska-150x150.jpg 150w, https:\/\/zsps.poznan.pl\/wp-content\/uploads\/2021\/12\/Katarzyna-Durska-230x230.jpg 230w, https:\/\/zsps.poznan.pl\/wp-content\/uploads\/2021\/12\/Katarzyna-Durska-365x365.jpg 365w\" sizes=\"(max-width: 150px) 100vw, 150px\" \/><\/a>\n\t\t\t<\/div>\n\t\t\t\t<figcaption class='wp-caption-text gallery-caption' id='gallery-1-5668'>\n\t\t\t\tIV miejsce &#8211; Katarzyna Durska\n\t\t\t\t<\/figcaption><\/figure><figure class='gallery-item'>\n\t\t\t<div class='gallery-icon portrait'>\n\t\t\t\t<a data-elementor-open-lightbox=\"yes\" data-elementor-lightbox-slideshow=\"544d183\" data-e-action-hash=\"#elementor-action%3Aaction%3Dlightbox%26settings%3DeyJpZCI6NTY2NiwidXJsIjoiaHR0cHM6XC9cL3pzcHMucG96bmFuLnBsXC93cC1jb250ZW50XC91cGxvYWRzXC8yMDIxXC8xMlwvQW1lbGlhLUt1cmN6YWJhLmpwZyIsInNsaWRlc2hvdyI6IjU0NGQxODMifQ%3D%3D\" href='https:\/\/zsps.poznan.pl\/wp-content\/uploads\/2021\/12\/Amelia-Kurczaba.jpg'><img loading=\"lazy\" decoding=\"async\" width=\"150\" height=\"150\" src=\"https:\/\/zsps.poznan.pl\/wp-content\/uploads\/2021\/12\/Amelia-Kurczaba-150x150.jpg\" class=\"attachment-thumbnail size-thumbnail\" alt=\"\" aria-describedby=\"gallery-1-5666\" srcset=\"https:\/\/zsps.poznan.pl\/wp-content\/uploads\/2021\/12\/Amelia-Kurczaba-150x150.jpg 150w, https:\/\/zsps.poznan.pl\/wp-content\/uploads\/2021\/12\/Amelia-Kurczaba-230x230.jpg 230w, https:\/\/zsps.poznan.pl\/wp-content\/uploads\/2021\/12\/Amelia-Kurczaba-365x365.jpg 365w\" sizes=\"(max-width: 150px) 100vw, 150px\" \/><\/a>\n\t\t\t<\/div>\n\t\t\t\t<figcaption class='wp-caption-text gallery-caption' id='gallery-1-5666'>\n\t\t\t\tV miejsce &#8211; Amelia Kurczaba\n\t\t\t\t<\/figcaption><\/figure><figure class='gallery-item'>\n\t\t\t<div class='gallery-icon portrait'>\n\t\t\t\t<a data-elementor-open-lightbox=\"yes\" data-elementor-lightbox-slideshow=\"544d183\" data-e-action-hash=\"#elementor-action%3Aaction%3Dlightbox%26settings%3DeyJpZCI6NTY2NywidXJsIjoiaHR0cHM6XC9cL3pzcHMucG96bmFuLnBsXC93cC1jb250ZW50XC91cGxvYWRzXC8yMDIxXC8xMlwvWm9maWEtUGlsYXJjenlrLmpwZyIsInNsaWRlc2hvdyI6IjU0NGQxODMifQ%3D%3D\" href='https:\/\/zsps.poznan.pl\/wp-content\/uploads\/2021\/12\/Zofia-Pilarczyk.jpg'><img loading=\"lazy\" decoding=\"async\" width=\"150\" height=\"150\" src=\"https:\/\/zsps.poznan.pl\/wp-content\/uploads\/2021\/12\/Zofia-Pilarczyk-150x150.jpg\" class=\"attachment-thumbnail size-thumbnail\" alt=\"\" aria-describedby=\"gallery-1-5667\" srcset=\"https:\/\/zsps.poznan.pl\/wp-content\/uploads\/2021\/12\/Zofia-Pilarczyk-150x150.jpg 150w, https:\/\/zsps.poznan.pl\/wp-content\/uploads\/2021\/12\/Zofia-Pilarczyk-300x300.jpg 300w, https:\/\/zsps.poznan.pl\/wp-content\/uploads\/2021\/12\/Zofia-Pilarczyk-768x770.jpg 768w, https:\/\/zsps.poznan.pl\/wp-content\/uploads\/2021\/12\/Zofia-Pilarczyk-230x230.jpg 230w, https:\/\/zsps.poznan.pl\/wp-content\/uploads\/2021\/12\/Zofia-Pilarczyk-365x365.jpg 365w, https:\/\/zsps.poznan.pl\/wp-content\/uploads\/2021\/12\/Zofia-Pilarczyk.jpg 998w\" sizes=\"(max-width: 150px) 100vw, 150px\" \/><\/a>\n\t\t\t<\/div>\n\t\t\t\t<figcaption class='wp-caption-text gallery-caption' id='gallery-1-5667'>\n\t\t\t\tVI miejsce &#8211; Zofia Pilarczyk\n\t\t\t\t<\/figcaption><\/figure>\n\t\t<\/div>\n\t\t<\/div>\n\t\t\t\t\t\t<\/div>\n\t\t\t\t<\/div>\n\t\t\t\t\t<\/div>\n\t\t<\/div>\n\t\t\t\t\t<\/div>\n\t\t<\/section>\n\t\t\t\t<section class=\"elementor-section elementor-top-section elementor-element elementor-element-888f1e7 elementor-section-boxed elementor-section-height-default elementor-section-height-default\" data-id=\"888f1e7\" data-element_type=\"section\" data-e-type=\"section\">\n\t\t\t\t\t\t<div class=\"elementor-container elementor-column-gap-default\">\n\t\t\t\t\t<div class=\"elementor-column elementor-col-100 elementor-top-column elementor-element elementor-element-f8d3eb2\" data-id=\"f8d3eb2\" data-element_type=\"column\" data-e-type=\"column\">\n\t\t\t<div class=\"elementor-widget-wrap elementor-element-populated\">\n\t\t\t\t\t\t\t<\/div>\n\t\t<\/div>\n\t\t\t\t\t<\/div>\n\t\t<\/section>\n\t\t\t\t<\/div>\n\t\t","protected":false},"excerpt":{"rendered":"<p>Kolejny raz uczniowie naszej szko\u0142y mieli okazj\u0119 pokaza\u0107 sw\u00f3j kunszt w zakresie dekoracji piernik\u00f3w. Wykorzystali g\u0142\u00f3wnie lukier kr\u00f3lewski, niekiedy z dodatkiem barwnik\u00f3w spo\u017cywczych. Zdobienie piernik\u00f3w mia\u0142o miejsce podczas zaj\u0119\u0107 praktycznych uczni\u00f3w szk\u00f3\u0142 technikum oraz podczas lekcji dekorowania w klasie trzeciej<\/p>\n","protected":false},"author":7,"featured_media":0,"comment_status":"closed","ping_status":"closed","sticky":false,"template":"","format":"standard","meta":{"footnotes":""},"categories":[1],"tags":[],"class_list":["post-5655","post","type-post","status-publish","format-standard","hentry","category-aktualnosci"],"yoast_head":"<!-- This site is optimized with the Yoast SEO plugin v27.5 - https:\/\/yoast.com\/product\/yoast-seo-wordpress\/ -->\n<title>Konkurs dekorowania piernik\u00f3w : \u201eSerce z piernika\u201d. - ZESP\u00d3\u0141 SZK\u00d3\u0141 PRZEMYS\u0141U SPO\u017bYWCZEGO<\/title>\n<meta name=\"robots\" content=\"index, follow, max-snippet:-1, max-image-preview:large, max-video-preview:-1\" \/>\n<link rel=\"canonical\" href=\"https:\/\/zsps.poznan.pl\/index.php\/konkurs-dekorowania-piernikow-serce-z-piernika\/\" \/>\n<meta property=\"og:locale\" content=\"pl_PL\" \/>\n<meta property=\"og:type\" content=\"article\" \/>\n<meta property=\"og:title\" content=\"Konkurs dekorowania piernik\u00f3w : \u201eSerce z piernika\u201d. - ZESP\u00d3\u0141 SZK\u00d3\u0141 PRZEMYS\u0141U SPO\u017bYWCZEGO\" \/>\n<meta property=\"og:description\" content=\"Kolejny raz uczniowie naszej szko\u0142y mieli okazj\u0119 pokaza\u0107 sw\u00f3j kunszt w zakresie dekoracji piernik\u00f3w. Wykorzystali g\u0142\u00f3wnie lukier kr\u00f3lewski, niekiedy z dodatkiem barwnik\u00f3w spo\u017cywczych. Zdobienie piernik\u00f3w mia\u0142o miejsce podczas zaj\u0119\u0107 praktycznych uczni\u00f3w szk\u00f3\u0142 technikum oraz podczas lekcji dekorowania w klasie trzeciej\" \/>\n<meta property=\"og:url\" content=\"https:\/\/zsps.poznan.pl\/index.php\/konkurs-dekorowania-piernikow-serce-z-piernika\/\" \/>\n<meta property=\"og:site_name\" content=\"ZESP\u00d3\u0141 SZK\u00d3\u0141 PRZEMYS\u0141U SPO\u017bYWCZEGO\" \/>\n<meta property=\"article:publisher\" content=\"https:\/\/www.facebook.com\/zsps.poznan\" \/>\n<meta property=\"article:published_time\" content=\"2021-12-21T11:42:55+00:00\" \/>\n<meta property=\"article:modified_time\" content=\"2022-01-04T13:35:56+00:00\" \/>\n<meta property=\"og:image\" content=\"https:\/\/zsps.poznan.pl\/wp-content\/uploads\/2021\/12\/Kornelia-Brzechczyn-150x150.jpg\" \/>\n<meta name=\"author\" content=\"barteckir\" \/>\n<meta name=\"twitter:card\" content=\"summary_large_image\" \/>\n<meta name=\"twitter:label1\" content=\"Napisane przez\" \/>\n\t<meta name=\"twitter:data1\" content=\"barteckir\" \/>\n\t<meta name=\"twitter:label2\" content=\"Szacowany czas czytania\" \/>\n\t<meta name=\"twitter:data2\" content=\"1 minuta\" \/>\n<script type=\"application\/ld+json\" class=\"yoast-schema-graph\">{\"@context\":\"https:\\\/\\\/schema.org\",\"@graph\":[{\"@type\":\"Article\",\"@id\":\"https:\\\/\\\/zsps.poznan.pl\\\/index.php\\\/konkurs-dekorowania-piernikow-serce-z-piernika\\\/#article\",\"isPartOf\":{\"@id\":\"https:\\\/\\\/zsps.poznan.pl\\\/index.php\\\/konkurs-dekorowania-piernikow-serce-z-piernika\\\/\"},\"author\":{\"name\":\"barteckir\",\"@id\":\"https:\\\/\\\/zsps.poznan.pl\\\/#\\\/schema\\\/person\\\/bd2786aff3d28d572ee3d08aa13cfba8\"},\"headline\":\"Konkurs dekorowania piernik\u00f3w : \u201eSerce z piernika\u201d.\",\"datePublished\":\"2021-12-21T11:42:55+00:00\",\"dateModified\":\"2022-01-04T13:35:56+00:00\",\"mainEntityOfPage\":{\"@id\":\"https:\\\/\\\/zsps.poznan.pl\\\/index.php\\\/konkurs-dekorowania-piernikow-serce-z-piernika\\\/\"},\"wordCount\":223,\"publisher\":{\"@id\":\"https:\\\/\\\/zsps.poznan.pl\\\/#organization\"},\"image\":{\"@id\":\"https:\\\/\\\/zsps.poznan.pl\\\/index.php\\\/konkurs-dekorowania-piernikow-serce-z-piernika\\\/#primaryimage\"},\"thumbnailUrl\":\"https:\\\/\\\/zsps.poznan.pl\\\/wp-content\\\/uploads\\\/2021\\\/12\\\/Kornelia-Brzechczyn-150x150.jpg\",\"articleSection\":[\"Aktualno\u015bci\"],\"inLanguage\":\"pl-PL\"},{\"@type\":\"WebPage\",\"@id\":\"https:\\\/\\\/zsps.poznan.pl\\\/index.php\\\/konkurs-dekorowania-piernikow-serce-z-piernika\\\/\",\"url\":\"https:\\\/\\\/zsps.poznan.pl\\\/index.php\\\/konkurs-dekorowania-piernikow-serce-z-piernika\\\/\",\"name\":\"Konkurs dekorowania piernik\u00f3w : \u201eSerce z piernika\u201d. - ZESP\u00d3\u0141 SZK\u00d3\u0141 PRZEMYS\u0141U SPO\u017bYWCZEGO\",\"isPartOf\":{\"@id\":\"https:\\\/\\\/zsps.poznan.pl\\\/#website\"},\"primaryImageOfPage\":{\"@id\":\"https:\\\/\\\/zsps.poznan.pl\\\/index.php\\\/konkurs-dekorowania-piernikow-serce-z-piernika\\\/#primaryimage\"},\"image\":{\"@id\":\"https:\\\/\\\/zsps.poznan.pl\\\/index.php\\\/konkurs-dekorowania-piernikow-serce-z-piernika\\\/#primaryimage\"},\"thumbnailUrl\":\"https:\\\/\\\/zsps.poznan.pl\\\/wp-content\\\/uploads\\\/2021\\\/12\\\/Kornelia-Brzechczyn-150x150.jpg\",\"datePublished\":\"2021-12-21T11:42:55+00:00\",\"dateModified\":\"2022-01-04T13:35:56+00:00\",\"breadcrumb\":{\"@id\":\"https:\\\/\\\/zsps.poznan.pl\\\/index.php\\\/konkurs-dekorowania-piernikow-serce-z-piernika\\\/#breadcrumb\"},\"inLanguage\":\"pl-PL\",\"potentialAction\":[{\"@type\":\"ReadAction\",\"target\":[\"https:\\\/\\\/zsps.poznan.pl\\\/index.php\\\/konkurs-dekorowania-piernikow-serce-z-piernika\\\/\"]}]},{\"@type\":\"ImageObject\",\"inLanguage\":\"pl-PL\",\"@id\":\"https:\\\/\\\/zsps.poznan.pl\\\/index.php\\\/konkurs-dekorowania-piernikow-serce-z-piernika\\\/#primaryimage\",\"url\":\"https:\\\/\\\/zsps.poznan.pl\\\/wp-content\\\/uploads\\\/2021\\\/12\\\/Kornelia-Brzechczyn.jpg\",\"contentUrl\":\"https:\\\/\\\/zsps.poznan.pl\\\/wp-content\\\/uploads\\\/2021\\\/12\\\/Kornelia-Brzechczyn.jpg\",\"width\":1130,\"height\":1000,\"caption\":\"I miejsce - Kornelia Brzechczyn\"},{\"@type\":\"BreadcrumbList\",\"@id\":\"https:\\\/\\\/zsps.poznan.pl\\\/index.php\\\/konkurs-dekorowania-piernikow-serce-z-piernika\\\/#breadcrumb\",\"itemListElement\":[{\"@type\":\"ListItem\",\"position\":1,\"name\":\"Strona g\u0142\u00f3wna\",\"item\":\"https:\\\/\\\/zsps.poznan.pl\\\/\"},{\"@type\":\"ListItem\",\"position\":2,\"name\":\"Konkurs dekorowania piernik\u00f3w : \u201eSerce z piernika\u201d.\"}]},{\"@type\":\"WebSite\",\"@id\":\"https:\\\/\\\/zsps.poznan.pl\\\/#website\",\"url\":\"https:\\\/\\\/zsps.poznan.pl\\\/\",\"name\":\"ZESP\u00d3\u0141 SZK\u00d3\u0141 PRZEMYS\u0141U SPO\u017bYWCZEGO\",\"description\":\"im. J. J. \u015aniadeckich w Poznaniu\",\"publisher\":{\"@id\":\"https:\\\/\\\/zsps.poznan.pl\\\/#organization\"},\"potentialAction\":[{\"@type\":\"SearchAction\",\"target\":{\"@type\":\"EntryPoint\",\"urlTemplate\":\"https:\\\/\\\/zsps.poznan.pl\\\/?s={search_term_string}\"},\"query-input\":{\"@type\":\"PropertyValueSpecification\",\"valueRequired\":true,\"valueName\":\"search_term_string\"}}],\"inLanguage\":\"pl-PL\"},{\"@type\":\"Organization\",\"@id\":\"https:\\\/\\\/zsps.poznan.pl\\\/#organization\",\"name\":\"Zesp\u00f3\u0142 Szk\u00f3\u0142 Przemys\u0142u Spo\u017cywczego\",\"url\":\"https:\\\/\\\/zsps.poznan.pl\\\/\",\"logo\":{\"@type\":\"ImageObject\",\"inLanguage\":\"pl-PL\",\"@id\":\"https:\\\/\\\/zsps.poznan.pl\\\/#\\\/schema\\\/logo\\\/image\\\/\",\"url\":\"\",\"contentUrl\":\"\",\"caption\":\"Zesp\u00f3\u0142 Szk\u00f3\u0142 Przemys\u0142u Spo\u017cywczego\"},\"image\":{\"@id\":\"https:\\\/\\\/zsps.poznan.pl\\\/#\\\/schema\\\/logo\\\/image\\\/\"},\"sameAs\":[\"https:\\\/\\\/www.facebook.com\\\/zsps.poznan\"]},{\"@type\":\"Person\",\"@id\":\"https:\\\/\\\/zsps.poznan.pl\\\/#\\\/schema\\\/person\\\/bd2786aff3d28d572ee3d08aa13cfba8\",\"name\":\"barteckir\",\"image\":{\"@type\":\"ImageObject\",\"inLanguage\":\"pl-PL\",\"@id\":\"https:\\\/\\\/secure.gravatar.com\\\/avatar\\\/467135196b1d7899a43486e26008f7675b9e000444ef035aa409397837c4cfd8?s=96&d=retro&r=g\",\"url\":\"https:\\\/\\\/secure.gravatar.com\\\/avatar\\\/467135196b1d7899a43486e26008f7675b9e000444ef035aa409397837c4cfd8?s=96&d=retro&r=g\",\"contentUrl\":\"https:\\\/\\\/secure.gravatar.com\\\/avatar\\\/467135196b1d7899a43486e26008f7675b9e000444ef035aa409397837c4cfd8?s=96&d=retro&r=g\",\"caption\":\"barteckir\"}}]}<\/script>\n<!-- \/ Yoast SEO plugin. -->","yoast_head_json":{"title":"Konkurs dekorowania piernik\u00f3w : \u201eSerce z piernika\u201d. - ZESP\u00d3\u0141 SZK\u00d3\u0141 PRZEMYS\u0141U SPO\u017bYWCZEGO","robots":{"index":"index","follow":"follow","max-snippet":"max-snippet:-1","max-image-preview":"max-image-preview:large","max-video-preview":"max-video-preview:-1"},"canonical":"https:\/\/zsps.poznan.pl\/index.php\/konkurs-dekorowania-piernikow-serce-z-piernika\/","og_locale":"pl_PL","og_type":"article","og_title":"Konkurs dekorowania piernik\u00f3w : \u201eSerce z piernika\u201d. - ZESP\u00d3\u0141 SZK\u00d3\u0141 PRZEMYS\u0141U SPO\u017bYWCZEGO","og_description":"Kolejny raz uczniowie naszej szko\u0142y mieli okazj\u0119 pokaza\u0107 sw\u00f3j kunszt w zakresie dekoracji piernik\u00f3w. Wykorzystali g\u0142\u00f3wnie lukier kr\u00f3lewski, niekiedy z dodatkiem barwnik\u00f3w spo\u017cywczych. Zdobienie piernik\u00f3w mia\u0142o miejsce podczas zaj\u0119\u0107 praktycznych uczni\u00f3w szk\u00f3\u0142 technikum oraz podczas lekcji dekorowania w klasie trzeciej","og_url":"https:\/\/zsps.poznan.pl\/index.php\/konkurs-dekorowania-piernikow-serce-z-piernika\/","og_site_name":"ZESP\u00d3\u0141 SZK\u00d3\u0141 PRZEMYS\u0141U SPO\u017bYWCZEGO","article_publisher":"https:\/\/www.facebook.com\/zsps.poznan","article_published_time":"2021-12-21T11:42:55+00:00","article_modified_time":"2022-01-04T13:35:56+00:00","og_image":[{"url":"https:\/\/zsps.poznan.pl\/wp-content\/uploads\/2021\/12\/Kornelia-Brzechczyn-150x150.jpg","type":"","width":"","height":""}],"author":"barteckir","twitter_card":"summary_large_image","twitter_misc":{"Napisane przez":"barteckir","Szacowany czas czytania":"1 minuta"},"schema":{"@context":"https:\/\/schema.org","@graph":[{"@type":"Article","@id":"https:\/\/zsps.poznan.pl\/index.php\/konkurs-dekorowania-piernikow-serce-z-piernika\/#article","isPartOf":{"@id":"https:\/\/zsps.poznan.pl\/index.php\/konkurs-dekorowania-piernikow-serce-z-piernika\/"},"author":{"name":"barteckir","@id":"https:\/\/zsps.poznan.pl\/#\/schema\/person\/bd2786aff3d28d572ee3d08aa13cfba8"},"headline":"Konkurs dekorowania piernik\u00f3w : \u201eSerce z piernika\u201d.","datePublished":"2021-12-21T11:42:55+00:00","dateModified":"2022-01-04T13:35:56+00:00","mainEntityOfPage":{"@id":"https:\/\/zsps.poznan.pl\/index.php\/konkurs-dekorowania-piernikow-serce-z-piernika\/"},"wordCount":223,"publisher":{"@id":"https:\/\/zsps.poznan.pl\/#organization"},"image":{"@id":"https:\/\/zsps.poznan.pl\/index.php\/konkurs-dekorowania-piernikow-serce-z-piernika\/#primaryimage"},"thumbnailUrl":"https:\/\/zsps.poznan.pl\/wp-content\/uploads\/2021\/12\/Kornelia-Brzechczyn-150x150.jpg","articleSection":["Aktualno\u015bci"],"inLanguage":"pl-PL"},{"@type":"WebPage","@id":"https:\/\/zsps.poznan.pl\/index.php\/konkurs-dekorowania-piernikow-serce-z-piernika\/","url":"https:\/\/zsps.poznan.pl\/index.php\/konkurs-dekorowania-piernikow-serce-z-piernika\/","name":"Konkurs dekorowania piernik\u00f3w : \u201eSerce z piernika\u201d. - ZESP\u00d3\u0141 SZK\u00d3\u0141 PRZEMYS\u0141U SPO\u017bYWCZEGO","isPartOf":{"@id":"https:\/\/zsps.poznan.pl\/#website"},"primaryImageOfPage":{"@id":"https:\/\/zsps.poznan.pl\/index.php\/konkurs-dekorowania-piernikow-serce-z-piernika\/#primaryimage"},"image":{"@id":"https:\/\/zsps.poznan.pl\/index.php\/konkurs-dekorowania-piernikow-serce-z-piernika\/#primaryimage"},"thumbnailUrl":"https:\/\/zsps.poznan.pl\/wp-content\/uploads\/2021\/12\/Kornelia-Brzechczyn-150x150.jpg","datePublished":"2021-12-21T11:42:55+00:00","dateModified":"2022-01-04T13:35:56+00:00","breadcrumb":{"@id":"https:\/\/zsps.poznan.pl\/index.php\/konkurs-dekorowania-piernikow-serce-z-piernika\/#breadcrumb"},"inLanguage":"pl-PL","potentialAction":[{"@type":"ReadAction","target":["https:\/\/zsps.poznan.pl\/index.php\/konkurs-dekorowania-piernikow-serce-z-piernika\/"]}]},{"@type":"ImageObject","inLanguage":"pl-PL","@id":"https:\/\/zsps.poznan.pl\/index.php\/konkurs-dekorowania-piernikow-serce-z-piernika\/#primaryimage","url":"https:\/\/zsps.poznan.pl\/wp-content\/uploads\/2021\/12\/Kornelia-Brzechczyn.jpg","contentUrl":"https:\/\/zsps.poznan.pl\/wp-content\/uploads\/2021\/12\/Kornelia-Brzechczyn.jpg","width":1130,"height":1000,"caption":"I miejsce - Kornelia Brzechczyn"},{"@type":"BreadcrumbList","@id":"https:\/\/zsps.poznan.pl\/index.php\/konkurs-dekorowania-piernikow-serce-z-piernika\/#breadcrumb","itemListElement":[{"@type":"ListItem","position":1,"name":"Strona g\u0142\u00f3wna","item":"https:\/\/zsps.poznan.pl\/"},{"@type":"ListItem","position":2,"name":"Konkurs dekorowania piernik\u00f3w : \u201eSerce z piernika\u201d."}]},{"@type":"WebSite","@id":"https:\/\/zsps.poznan.pl\/#website","url":"https:\/\/zsps.poznan.pl\/","name":"ZESP\u00d3\u0141 SZK\u00d3\u0141 PRZEMYS\u0141U SPO\u017bYWCZEGO","description":"im. J. J. \u015aniadeckich w Poznaniu","publisher":{"@id":"https:\/\/zsps.poznan.pl\/#organization"},"potentialAction":[{"@type":"SearchAction","target":{"@type":"EntryPoint","urlTemplate":"https:\/\/zsps.poznan.pl\/?s={search_term_string}"},"query-input":{"@type":"PropertyValueSpecification","valueRequired":true,"valueName":"search_term_string"}}],"inLanguage":"pl-PL"},{"@type":"Organization","@id":"https:\/\/zsps.poznan.pl\/#organization","name":"Zesp\u00f3\u0142 Szk\u00f3\u0142 Przemys\u0142u Spo\u017cywczego","url":"https:\/\/zsps.poznan.pl\/","logo":{"@type":"ImageObject","inLanguage":"pl-PL","@id":"https:\/\/zsps.poznan.pl\/#\/schema\/logo\/image\/","url":"","contentUrl":"","caption":"Zesp\u00f3\u0142 Szk\u00f3\u0142 Przemys\u0142u Spo\u017cywczego"},"image":{"@id":"https:\/\/zsps.poznan.pl\/#\/schema\/logo\/image\/"},"sameAs":["https:\/\/www.facebook.com\/zsps.poznan"]},{"@type":"Person","@id":"https:\/\/zsps.poznan.pl\/#\/schema\/person\/bd2786aff3d28d572ee3d08aa13cfba8","name":"barteckir","image":{"@type":"ImageObject","inLanguage":"pl-PL","@id":"https:\/\/secure.gravatar.com\/avatar\/467135196b1d7899a43486e26008f7675b9e000444ef035aa409397837c4cfd8?s=96&d=retro&r=g","url":"https:\/\/secure.gravatar.com\/avatar\/467135196b1d7899a43486e26008f7675b9e000444ef035aa409397837c4cfd8?s=96&d=retro&r=g","contentUrl":"https:\/\/secure.gravatar.com\/avatar\/467135196b1d7899a43486e26008f7675b9e000444ef035aa409397837c4cfd8?s=96&d=retro&r=g","caption":"barteckir"}}]}},"_links":{"self":[{"href":"https:\/\/zsps.poznan.pl\/index.php\/wp-json\/wp\/v2\/posts\/5655","targetHints":{"allow":["GET"]}}],"collection":[{"href":"https:\/\/zsps.poznan.pl\/index.php\/wp-json\/wp\/v2\/posts"}],"about":[{"href":"https:\/\/zsps.poznan.pl\/index.php\/wp-json\/wp\/v2\/types\/post"}],"author":[{"embeddable":true,"href":"https:\/\/zsps.poznan.pl\/index.php\/wp-json\/wp\/v2\/users\/7"}],"replies":[{"embeddable":true,"href":"https:\/\/zsps.poznan.pl\/index.php\/wp-json\/wp\/v2\/comments?post=5655"}],"version-history":[{"count":12,"href":"https:\/\/zsps.poznan.pl\/index.php\/wp-json\/wp\/v2\/posts\/5655\/revisions"}],"predecessor-version":[{"id":5704,"href":"https:\/\/zsps.poznan.pl\/index.php\/wp-json\/wp\/v2\/posts\/5655\/revisions\/5704"}],"wp:attachment":[{"href":"https:\/\/zsps.poznan.pl\/index.php\/wp-json\/wp\/v2\/media?parent=5655"}],"wp:term":[{"taxonomy":"category","embeddable":true,"href":"https:\/\/zsps.poznan.pl\/index.php\/wp-json\/wp\/v2\/categories?post=5655"},{"taxonomy":"post_tag","embeddable":true,"href":"https:\/\/zsps.poznan.pl\/index.php\/wp-json\/wp\/v2\/tags?post=5655"}],"curies":[{"name":"wp","href":"https:\/\/api.w.org\/{rel}","templated":true}]}}