{"id":8139,"date":"2022-10-23T16:32:27","date_gmt":"2022-10-23T14:32:27","guid":{"rendered":"https:\/\/zsps.poznan.pl\/?p=8139"},"modified":"2022-10-23T16:37:04","modified_gmt":"2022-10-23T14:37:04","slug":"zespol-szkol-przemyslu-spozywczego-laureatem-wielkopolskiej-szkoly-roku-2022","status":"publish","type":"post","link":"https:\/\/zsps.poznan.pl\/index.php\/zespol-szkol-przemyslu-spozywczego-laureatem-wielkopolskiej-szkoly-roku-2022\/","title":{"rendered":"ZESP\u00d3\u0141 SZK\u00d3\u0141 PRZEMYS\u0141U SPO\u017bYWCZEGO LAUREATEM WIELKOPOLSKIEJ SZKO\u0141Y ROKU 2022"},"content":{"rendered":"\t\t<div data-elementor-type=\"wp-post\" data-elementor-id=\"8139\" class=\"elementor elementor-8139\">\n\t\t\t\t\t\t<section class=\"elementor-section elementor-top-section elementor-element elementor-element-9e01832 elementor-section-boxed elementor-section-height-default elementor-section-height-default\" data-id=\"9e01832\" data-element_type=\"section\" data-e-type=\"section\">\n\t\t\t\t\t\t<div class=\"elementor-container elementor-column-gap-default\">\n\t\t\t\t\t<div class=\"elementor-column elementor-col-100 elementor-top-column elementor-element elementor-element-5ae79ae\" data-id=\"5ae79ae\" data-element_type=\"column\" data-e-type=\"column\">\n\t\t\t<div class=\"elementor-widget-wrap elementor-element-populated\">\n\t\t\t\t\t\t<div class=\"elementor-element elementor-element-73b84f6 elementor-widget elementor-widget-image-gallery\" data-id=\"73b84f6\" data-element_type=\"widget\" data-e-type=\"widget\" data-widget_type=\"image-gallery.default\">\n\t\t\t\t<div class=\"elementor-widget-container\">\n\t\t\t\t\t\t\t<div class=\"elementor-image-gallery\">\n\t\t\t<div id='gallery-7' class='gallery galleryid-8139 gallery-columns-4 gallery-size-thumbnail'><figure class='gallery-item'>\n\t\t\t<div class='gallery-icon landscape'>\n\t\t\t\t<a data-elementor-open-lightbox=\"yes\" data-elementor-lightbox-slideshow=\"73b84f6\" data-e-action-hash=\"#elementor-action%3Aaction%3Dlightbox%26settings%3DeyJpZCI6ODE0NCwidXJsIjoiaHR0cHM6XC9cL3pzcHMucG96bmFuLnBsXC93cC1jb250ZW50XC91cGxvYWRzXC8yMDIyXC8xMFwvMzExNzc3NzQ5XzUyODAzOTM3NTk5ODQ1Nl8xNjE1MzMwOTg2MDg3NTEyNTgwX24uanBnIiwic2xpZGVzaG93IjoiNzNiODRmNiJ9\" href='https:\/\/zsps.poznan.pl\/wp-content\/uploads\/2022\/10\/311777749_528039375998456_1615330986087512580_n.jpg'><img decoding=\"async\" width=\"150\" height=\"150\" src=\"https:\/\/zsps.poznan.pl\/wp-content\/uploads\/2022\/10\/311777749_528039375998456_1615330986087512580_n-150x150.jpg\" class=\"attachment-thumbnail size-thumbnail\" alt=\"\" srcset=\"https:\/\/zsps.poznan.pl\/wp-content\/uploads\/2022\/10\/311777749_528039375998456_1615330986087512580_n-150x150.jpg 150w, https:\/\/zsps.poznan.pl\/wp-content\/uploads\/2022\/10\/311777749_528039375998456_1615330986087512580_n-230x230.jpg 230w, https:\/\/zsps.poznan.pl\/wp-content\/uploads\/2022\/10\/311777749_528039375998456_1615330986087512580_n-365x365.jpg 365w\" sizes=\"(max-width: 150px) 100vw, 150px\" \/><\/a>\n\t\t\t<\/div><\/figure><figure class='gallery-item'>\n\t\t\t<div class='gallery-icon landscape'>\n\t\t\t\t<a data-elementor-open-lightbox=\"yes\" data-elementor-lightbox-slideshow=\"73b84f6\" data-e-action-hash=\"#elementor-action%3Aaction%3Dlightbox%26settings%3DeyJpZCI6ODE0NywidXJsIjoiaHR0cHM6XC9cL3pzcHMucG96bmFuLnBsXC93cC1jb250ZW50XC91cGxvYWRzXC8yMDIyXC8xMFwvMzExNjg0MzEzXzUyODAzOTU0MjY2NTEwNl8yODQ0MzIzODY3MzE1NTIwNjcyX24uanBnIiwic2xpZGVzaG93IjoiNzNiODRmNiJ9\" href='https:\/\/zsps.poznan.pl\/wp-content\/uploads\/2022\/10\/311684313_528039542665106_2844323867315520672_n.jpg'><img decoding=\"async\" width=\"150\" height=\"150\" src=\"https:\/\/zsps.poznan.pl\/wp-content\/uploads\/2022\/10\/311684313_528039542665106_2844323867315520672_n-150x150.jpg\" class=\"attachment-thumbnail size-thumbnail\" alt=\"\" srcset=\"https:\/\/zsps.poznan.pl\/wp-content\/uploads\/2022\/10\/311684313_528039542665106_2844323867315520672_n-150x150.jpg 150w, https:\/\/zsps.poznan.pl\/wp-content\/uploads\/2022\/10\/311684313_528039542665106_2844323867315520672_n-230x230.jpg 230w, https:\/\/zsps.poznan.pl\/wp-content\/uploads\/2022\/10\/311684313_528039542665106_2844323867315520672_n-365x365.jpg 365w\" sizes=\"(max-width: 150px) 100vw, 150px\" \/><\/a>\n\t\t\t<\/div><\/figure><figure class='gallery-item'>\n\t\t\t<div class='gallery-icon landscape'>\n\t\t\t\t<a data-elementor-open-lightbox=\"yes\" data-elementor-lightbox-slideshow=\"73b84f6\" data-e-action-hash=\"#elementor-action%3Aaction%3Dlightbox%26settings%3DeyJpZCI6ODE0NSwidXJsIjoiaHR0cHM6XC9cL3pzcHMucG96bmFuLnBsXC93cC1jb250ZW50XC91cGxvYWRzXC8yMDIyXC8xMFwvMzExNTcyODY0XzUyODAzOTUxMjY2NTEwOV81NjI3NTUyNTcwNDA5ODA2OTg1X24uanBnIiwic2xpZGVzaG93IjoiNzNiODRmNiJ9\" href='https:\/\/zsps.poznan.pl\/wp-content\/uploads\/2022\/10\/311572864_528039512665109_5627552570409806985_n.jpg'><img decoding=\"async\" width=\"150\" height=\"150\" src=\"https:\/\/zsps.poznan.pl\/wp-content\/uploads\/2022\/10\/311572864_528039512665109_5627552570409806985_n-150x150.jpg\" class=\"attachment-thumbnail size-thumbnail\" alt=\"\" srcset=\"https:\/\/zsps.poznan.pl\/wp-content\/uploads\/2022\/10\/311572864_528039512665109_5627552570409806985_n-150x150.jpg 150w, https:\/\/zsps.poznan.pl\/wp-content\/uploads\/2022\/10\/311572864_528039512665109_5627552570409806985_n-230x230.jpg 230w, https:\/\/zsps.poznan.pl\/wp-content\/uploads\/2022\/10\/311572864_528039512665109_5627552570409806985_n-365x365.jpg 365w\" sizes=\"(max-width: 150px) 100vw, 150px\" \/><\/a>\n\t\t\t<\/div><\/figure><figure class='gallery-item'>\n\t\t\t<div class='gallery-icon landscape'>\n\t\t\t\t<a data-elementor-open-lightbox=\"yes\" data-elementor-lightbox-slideshow=\"73b84f6\" data-e-action-hash=\"#elementor-action%3Aaction%3Dlightbox%26settings%3DeyJpZCI6ODE0MiwidXJsIjoiaHR0cHM6XC9cL3pzcHMucG96bmFuLnBsXC93cC1jb250ZW50XC91cGxvYWRzXC8yMDIyXC8xMFwvMzExODE2MTQ3XzUyODEyNjA5OTMyMzExN18yNjg0OTQwMjMzOTYwNDUwNDcxX24uanBnIiwic2xpZGVzaG93IjoiNzNiODRmNiJ9\" href='https:\/\/zsps.poznan.pl\/wp-content\/uploads\/2022\/10\/311816147_528126099323117_2684940233960450471_n.jpg'><img loading=\"lazy\" decoding=\"async\" width=\"150\" height=\"150\" src=\"https:\/\/zsps.poznan.pl\/wp-content\/uploads\/2022\/10\/311816147_528126099323117_2684940233960450471_n-150x150.jpg\" class=\"attachment-thumbnail size-thumbnail\" alt=\"\" srcset=\"https:\/\/zsps.poznan.pl\/wp-content\/uploads\/2022\/10\/311816147_528126099323117_2684940233960450471_n-150x150.jpg 150w, https:\/\/zsps.poznan.pl\/wp-content\/uploads\/2022\/10\/311816147_528126099323117_2684940233960450471_n-230x230.jpg 230w, https:\/\/zsps.poznan.pl\/wp-content\/uploads\/2022\/10\/311816147_528126099323117_2684940233960450471_n-365x365.jpg 365w\" sizes=\"(max-width: 150px) 100vw, 150px\" \/><\/a>\n\t\t\t<\/div><\/figure><figure class='gallery-item'>\n\t\t\t<div class='gallery-icon landscape'>\n\t\t\t\t<a data-elementor-open-lightbox=\"yes\" data-elementor-lightbox-slideshow=\"73b84f6\" data-e-action-hash=\"#elementor-action%3Aaction%3Dlightbox%26settings%3DeyJpZCI6ODE0MywidXJsIjoiaHR0cHM6XC9cL3pzcHMucG96bmFuLnBsXC93cC1jb250ZW50XC91cGxvYWRzXC8yMDIyXC8xMFwvMzEyNTY4MDY4XzUyODEyNjE2OTMyMzExMF8xMzAzMjc3MDk1OTEwNzI4OTMyX24uanBnIiwic2xpZGVzaG93IjoiNzNiODRmNiJ9\" href='https:\/\/zsps.poznan.pl\/wp-content\/uploads\/2022\/10\/312568068_528126169323110_1303277095910728932_n.jpg'><img loading=\"lazy\" decoding=\"async\" width=\"150\" height=\"150\" src=\"https:\/\/zsps.poznan.pl\/wp-content\/uploads\/2022\/10\/312568068_528126169323110_1303277095910728932_n-150x150.jpg\" class=\"attachment-thumbnail size-thumbnail\" alt=\"\" srcset=\"https:\/\/zsps.poznan.pl\/wp-content\/uploads\/2022\/10\/312568068_528126169323110_1303277095910728932_n-150x150.jpg 150w, https:\/\/zsps.poznan.pl\/wp-content\/uploads\/2022\/10\/312568068_528126169323110_1303277095910728932_n-230x230.jpg 230w, https:\/\/zsps.poznan.pl\/wp-content\/uploads\/2022\/10\/312568068_528126169323110_1303277095910728932_n-365x365.jpg 365w\" sizes=\"(max-width: 150px) 100vw, 150px\" \/><\/a>\n\t\t\t<\/div><\/figure><figure class='gallery-item'>\n\t\t\t<div class='gallery-icon landscape'>\n\t\t\t\t<a data-elementor-open-lightbox=\"yes\" data-elementor-lightbox-slideshow=\"73b84f6\" data-e-action-hash=\"#elementor-action%3Aaction%3Dlightbox%26settings%3DeyJpZCI6ODE0MSwidXJsIjoiaHR0cHM6XC9cL3pzcHMucG96bmFuLnBsXC93cC1jb250ZW50XC91cGxvYWRzXC8yMDIyXC8xMFwvMzExNzE4OTc0XzUyODAzOTE2MjY2NTE0NF84ODAwNTQwODY2MDIwNDM3MTA3X24uanBnIiwic2xpZGVzaG93IjoiNzNiODRmNiJ9\" href='https:\/\/zsps.poznan.pl\/wp-content\/uploads\/2022\/10\/311718974_528039162665144_8800540866020437107_n.jpg'><img loading=\"lazy\" decoding=\"async\" width=\"150\" height=\"150\" src=\"https:\/\/zsps.poznan.pl\/wp-content\/uploads\/2022\/10\/311718974_528039162665144_8800540866020437107_n-150x150.jpg\" class=\"attachment-thumbnail size-thumbnail\" alt=\"\" srcset=\"https:\/\/zsps.poznan.pl\/wp-content\/uploads\/2022\/10\/311718974_528039162665144_8800540866020437107_n-150x150.jpg 150w, https:\/\/zsps.poznan.pl\/wp-content\/uploads\/2022\/10\/311718974_528039162665144_8800540866020437107_n-230x230.jpg 230w, https:\/\/zsps.poznan.pl\/wp-content\/uploads\/2022\/10\/311718974_528039162665144_8800540866020437107_n-365x365.jpg 365w\" sizes=\"(max-width: 150px) 100vw, 150px\" \/><\/a>\n\t\t\t<\/div><\/figure><figure class='gallery-item'>\n\t\t\t<div class='gallery-icon landscape'>\n\t\t\t\t<a data-elementor-open-lightbox=\"yes\" data-elementor-lightbox-slideshow=\"73b84f6\" data-e-action-hash=\"#elementor-action%3Aaction%3Dlightbox%26settings%3DeyJpZCI6ODE0MCwidXJsIjoiaHR0cHM6XC9cL3pzcHMucG96bmFuLnBsXC93cC1jb250ZW50XC91cGxvYWRzXC8yMDIyXC8xMFwvMzExNTk1ODM3XzUyODAzOTAwNTk5ODQ5M182NTE4NzA0NTMyMzYwMDE3NjEyX24uanBnIiwic2xpZGVzaG93IjoiNzNiODRmNiJ9\" href='https:\/\/zsps.poznan.pl\/wp-content\/uploads\/2022\/10\/311595837_528039005998493_6518704532360017612_n.jpg'><img loading=\"lazy\" decoding=\"async\" width=\"150\" height=\"150\" src=\"https:\/\/zsps.poznan.pl\/wp-content\/uploads\/2022\/10\/311595837_528039005998493_6518704532360017612_n-150x150.jpg\" class=\"attachment-thumbnail size-thumbnail\" alt=\"\" srcset=\"https:\/\/zsps.poznan.pl\/wp-content\/uploads\/2022\/10\/311595837_528039005998493_6518704532360017612_n-150x150.jpg 150w, https:\/\/zsps.poznan.pl\/wp-content\/uploads\/2022\/10\/311595837_528039005998493_6518704532360017612_n-230x230.jpg 230w, https:\/\/zsps.poznan.pl\/wp-content\/uploads\/2022\/10\/311595837_528039005998493_6518704532360017612_n-365x365.jpg 365w\" sizes=\"(max-width: 150px) 100vw, 150px\" \/><\/a>\n\t\t\t<\/div><\/figure>\n\t\t<\/div>\n\t\t<\/div>\n\t\t\t\t\t\t<\/div>\n\t\t\t\t<\/div>\n\t\t\t\t\t<\/div>\n\t\t<\/div>\n\t\t\t\t\t<\/div>\n\t\t<\/section>\n\t\t\t\t<section class=\"elementor-section elementor-top-section elementor-element elementor-element-573d468 elementor-section-boxed elementor-section-height-default elementor-section-height-default\" data-id=\"573d468\" data-element_type=\"section\" data-e-type=\"section\">\n\t\t\t\t\t\t<div class=\"elementor-container elementor-column-gap-default\">\n\t\t\t\t\t<div class=\"elementor-column elementor-col-100 elementor-top-column elementor-element elementor-element-d691504\" data-id=\"d691504\" data-element_type=\"column\" data-e-type=\"column\">\n\t\t\t<div class=\"elementor-widget-wrap elementor-element-populated\">\n\t\t\t\t\t\t<div class=\"elementor-element elementor-element-3b76acf elementor-widget elementor-widget-text-editor\" data-id=\"3b76acf\" data-element_type=\"widget\" data-e-type=\"widget\" data-widget_type=\"text-editor.default\">\n\t\t\t\t<div class=\"elementor-widget-container\">\n\t\t\t\t\t\t\t\t\t<h5 class=\"atomsArticleHead__title\" data-event-position-attr=\"atomsArticleHead__title\"><a href=\"https:\/\/gloswielkopolski.pl\/uroczysta-gala-na-terenie-miedzynarodowych-targow-poznanskich-z-okazji-dnia-edukacji-narodowej\/ar\/c1-16981155\">Link do arktyku\u0142u z G\u0142osu Wielkopolskiego na temat uroczystej gali na terenie Mi\u0119dzynarodowych Targ\u00f3w Pozna\u0144skich z okazji Dnia Edukacji Narodowej 2022<\/a><\/h5>\t\t\t\t\t\t\t\t<\/div>\n\t\t\t\t<\/div>\n\t\t\t\t\t<\/div>\n\t\t<\/div>\n\t\t\t\t\t<\/div>\n\t\t<\/section>\n\t\t\t\t<\/div>\n\t\t","protected":false},"excerpt":{"rendered":"<p>Link do arktyku\u0142u z G\u0142osu Wielkopolskiego na temat uroczystej gali na terenie Mi\u0119dzynarodowych Targ\u00f3w Pozna\u0144skich z okazji Dnia Edukacji Narodowej 2022<\/p>\n","protected":false},"author":7,"featured_media":0,"comment_status":"closed","ping_status":"closed","sticky":false,"template":"","format":"standard","meta":{"footnotes":""},"categories":[1],"tags":[],"class_list":["post-8139","post","type-post","status-publish","format-standard","hentry","category-aktualnosci"],"yoast_head":"<!-- This site is optimized with the Yoast SEO plugin v27.5 - https:\/\/yoast.com\/product\/yoast-seo-wordpress\/ -->\n<title>ZESP\u00d3\u0141 SZK\u00d3\u0141 PRZEMYS\u0141U SPO\u017bYWCZEGO LAUREATEM WIELKOPOLSKIEJ SZKO\u0141Y ROKU 2022 - ZESP\u00d3\u0141 SZK\u00d3\u0141 PRZEMYS\u0141U SPO\u017bYWCZEGO<\/title>\n<meta name=\"robots\" content=\"index, follow, max-snippet:-1, max-image-preview:large, max-video-preview:-1\" \/>\n<link rel=\"canonical\" href=\"https:\/\/zsps.poznan.pl\/index.php\/zespol-szkol-przemyslu-spozywczego-laureatem-wielkopolskiej-szkoly-roku-2022\/\" \/>\n<meta property=\"og:locale\" content=\"pl_PL\" \/>\n<meta property=\"og:type\" content=\"article\" \/>\n<meta property=\"og:title\" content=\"ZESP\u00d3\u0141 SZK\u00d3\u0141 PRZEMYS\u0141U SPO\u017bYWCZEGO LAUREATEM WIELKOPOLSKIEJ SZKO\u0141Y ROKU 2022 - ZESP\u00d3\u0141 SZK\u00d3\u0141 PRZEMYS\u0141U SPO\u017bYWCZEGO\" \/>\n<meta property=\"og:description\" content=\"Link do arktyku\u0142u z G\u0142osu Wielkopolskiego na temat uroczystej gali na terenie Mi\u0119dzynarodowych Targ\u00f3w Pozna\u0144skich z okazji Dnia Edukacji Narodowej 2022\" \/>\n<meta property=\"og:url\" content=\"https:\/\/zsps.poznan.pl\/index.php\/zespol-szkol-przemyslu-spozywczego-laureatem-wielkopolskiej-szkoly-roku-2022\/\" \/>\n<meta property=\"og:site_name\" content=\"ZESP\u00d3\u0141 SZK\u00d3\u0141 PRZEMYS\u0141U SPO\u017bYWCZEGO\" \/>\n<meta property=\"article:publisher\" content=\"https:\/\/www.facebook.com\/zsps.poznan\" \/>\n<meta property=\"article:published_time\" content=\"2022-10-23T14:32:27+00:00\" \/>\n<meta property=\"article:modified_time\" content=\"2022-10-23T14:37:04+00:00\" \/>\n<meta property=\"og:image\" content=\"https:\/\/zsps.poznan.pl\/wp-content\/uploads\/2022\/10\/311777749_528039375998456_1615330986087512580_n-150x150.jpg\" \/>\n<meta name=\"author\" content=\"barteckir\" \/>\n<meta name=\"twitter:card\" content=\"summary_large_image\" \/>\n<meta name=\"twitter:label1\" content=\"Napisane przez\" \/>\n\t<meta name=\"twitter:data1\" content=\"barteckir\" \/>\n<script type=\"application\/ld+json\" class=\"yoast-schema-graph\">{\"@context\":\"https:\\\/\\\/schema.org\",\"@graph\":[{\"@type\":\"Article\",\"@id\":\"https:\\\/\\\/zsps.poznan.pl\\\/index.php\\\/zespol-szkol-przemyslu-spozywczego-laureatem-wielkopolskiej-szkoly-roku-2022\\\/#article\",\"isPartOf\":{\"@id\":\"https:\\\/\\\/zsps.poznan.pl\\\/index.php\\\/zespol-szkol-przemyslu-spozywczego-laureatem-wielkopolskiej-szkoly-roku-2022\\\/\"},\"author\":{\"name\":\"barteckir\",\"@id\":\"https:\\\/\\\/zsps.poznan.pl\\\/#\\\/schema\\\/person\\\/bd2786aff3d28d572ee3d08aa13cfba8\"},\"headline\":\"ZESP\u00d3\u0141 SZK\u00d3\u0141 PRZEMYS\u0141U SPO\u017bYWCZEGO LAUREATEM WIELKOPOLSKIEJ SZKO\u0141Y ROKU 2022\",\"datePublished\":\"2022-10-23T14:32:27+00:00\",\"dateModified\":\"2022-10-23T14:37:04+00:00\",\"mainEntityOfPage\":{\"@id\":\"https:\\\/\\\/zsps.poznan.pl\\\/index.php\\\/zespol-szkol-przemyslu-spozywczego-laureatem-wielkopolskiej-szkoly-roku-2022\\\/\"},\"wordCount\":36,\"publisher\":{\"@id\":\"https:\\\/\\\/zsps.poznan.pl\\\/#organization\"},\"image\":{\"@id\":\"https:\\\/\\\/zsps.poznan.pl\\\/index.php\\\/zespol-szkol-przemyslu-spozywczego-laureatem-wielkopolskiej-szkoly-roku-2022\\\/#primaryimage\"},\"thumbnailUrl\":\"https:\\\/\\\/zsps.poznan.pl\\\/wp-content\\\/uploads\\\/2022\\\/10\\\/311777749_528039375998456_1615330986087512580_n-150x150.jpg\",\"articleSection\":[\"Aktualno\u015bci\"],\"inLanguage\":\"pl-PL\"},{\"@type\":\"WebPage\",\"@id\":\"https:\\\/\\\/zsps.poznan.pl\\\/index.php\\\/zespol-szkol-przemyslu-spozywczego-laureatem-wielkopolskiej-szkoly-roku-2022\\\/\",\"url\":\"https:\\\/\\\/zsps.poznan.pl\\\/index.php\\\/zespol-szkol-przemyslu-spozywczego-laureatem-wielkopolskiej-szkoly-roku-2022\\\/\",\"name\":\"ZESP\u00d3\u0141 SZK\u00d3\u0141 PRZEMYS\u0141U SPO\u017bYWCZEGO LAUREATEM WIELKOPOLSKIEJ SZKO\u0141Y ROKU 2022 - ZESP\u00d3\u0141 SZK\u00d3\u0141 PRZEMYS\u0141U SPO\u017bYWCZEGO\",\"isPartOf\":{\"@id\":\"https:\\\/\\\/zsps.poznan.pl\\\/#website\"},\"primaryImageOfPage\":{\"@id\":\"https:\\\/\\\/zsps.poznan.pl\\\/index.php\\\/zespol-szkol-przemyslu-spozywczego-laureatem-wielkopolskiej-szkoly-roku-2022\\\/#primaryimage\"},\"image\":{\"@id\":\"https:\\\/\\\/zsps.poznan.pl\\\/index.php\\\/zespol-szkol-przemyslu-spozywczego-laureatem-wielkopolskiej-szkoly-roku-2022\\\/#primaryimage\"},\"thumbnailUrl\":\"https:\\\/\\\/zsps.poznan.pl\\\/wp-content\\\/uploads\\\/2022\\\/10\\\/311777749_528039375998456_1615330986087512580_n-150x150.jpg\",\"datePublished\":\"2022-10-23T14:32:27+00:00\",\"dateModified\":\"2022-10-23T14:37:04+00:00\",\"breadcrumb\":{\"@id\":\"https:\\\/\\\/zsps.poznan.pl\\\/index.php\\\/zespol-szkol-przemyslu-spozywczego-laureatem-wielkopolskiej-szkoly-roku-2022\\\/#breadcrumb\"},\"inLanguage\":\"pl-PL\",\"potentialAction\":[{\"@type\":\"ReadAction\",\"target\":[\"https:\\\/\\\/zsps.poznan.pl\\\/index.php\\\/zespol-szkol-przemyslu-spozywczego-laureatem-wielkopolskiej-szkoly-roku-2022\\\/\"]}]},{\"@type\":\"ImageObject\",\"inLanguage\":\"pl-PL\",\"@id\":\"https:\\\/\\\/zsps.poznan.pl\\\/index.php\\\/zespol-szkol-przemyslu-spozywczego-laureatem-wielkopolskiej-szkoly-roku-2022\\\/#primaryimage\",\"url\":\"https:\\\/\\\/zsps.poznan.pl\\\/wp-content\\\/uploads\\\/2022\\\/10\\\/311777749_528039375998456_1615330986087512580_n.jpg\",\"contentUrl\":\"https:\\\/\\\/zsps.poznan.pl\\\/wp-content\\\/uploads\\\/2022\\\/10\\\/311777749_528039375998456_1615330986087512580_n.jpg\",\"width\":1333,\"height\":1000},{\"@type\":\"BreadcrumbList\",\"@id\":\"https:\\\/\\\/zsps.poznan.pl\\\/index.php\\\/zespol-szkol-przemyslu-spozywczego-laureatem-wielkopolskiej-szkoly-roku-2022\\\/#breadcrumb\",\"itemListElement\":[{\"@type\":\"ListItem\",\"position\":1,\"name\":\"Strona g\u0142\u00f3wna\",\"item\":\"https:\\\/\\\/zsps.poznan.pl\\\/\"},{\"@type\":\"ListItem\",\"position\":2,\"name\":\"ZESP\u00d3\u0141 SZK\u00d3\u0141 PRZEMYS\u0141U SPO\u017bYWCZEGO LAUREATEM WIELKOPOLSKIEJ SZKO\u0141Y ROKU 2022\"}]},{\"@type\":\"WebSite\",\"@id\":\"https:\\\/\\\/zsps.poznan.pl\\\/#website\",\"url\":\"https:\\\/\\\/zsps.poznan.pl\\\/\",\"name\":\"ZESP\u00d3\u0141 SZK\u00d3\u0141 PRZEMYS\u0141U SPO\u017bYWCZEGO\",\"description\":\"im. J. J. \u015aniadeckich w Poznaniu\",\"publisher\":{\"@id\":\"https:\\\/\\\/zsps.poznan.pl\\\/#organization\"},\"potentialAction\":[{\"@type\":\"SearchAction\",\"target\":{\"@type\":\"EntryPoint\",\"urlTemplate\":\"https:\\\/\\\/zsps.poznan.pl\\\/?s={search_term_string}\"},\"query-input\":{\"@type\":\"PropertyValueSpecification\",\"valueRequired\":true,\"valueName\":\"search_term_string\"}}],\"inLanguage\":\"pl-PL\"},{\"@type\":\"Organization\",\"@id\":\"https:\\\/\\\/zsps.poznan.pl\\\/#organization\",\"name\":\"Zesp\u00f3\u0142 Szk\u00f3\u0142 Przemys\u0142u Spo\u017cywczego\",\"url\":\"https:\\\/\\\/zsps.poznan.pl\\\/\",\"logo\":{\"@type\":\"ImageObject\",\"inLanguage\":\"pl-PL\",\"@id\":\"https:\\\/\\\/zsps.poznan.pl\\\/#\\\/schema\\\/logo\\\/image\\\/\",\"url\":\"\",\"contentUrl\":\"\",\"caption\":\"Zesp\u00f3\u0142 Szk\u00f3\u0142 Przemys\u0142u Spo\u017cywczego\"},\"image\":{\"@id\":\"https:\\\/\\\/zsps.poznan.pl\\\/#\\\/schema\\\/logo\\\/image\\\/\"},\"sameAs\":[\"https:\\\/\\\/www.facebook.com\\\/zsps.poznan\"]},{\"@type\":\"Person\",\"@id\":\"https:\\\/\\\/zsps.poznan.pl\\\/#\\\/schema\\\/person\\\/bd2786aff3d28d572ee3d08aa13cfba8\",\"name\":\"barteckir\",\"image\":{\"@type\":\"ImageObject\",\"inLanguage\":\"pl-PL\",\"@id\":\"https:\\\/\\\/secure.gravatar.com\\\/avatar\\\/467135196b1d7899a43486e26008f7675b9e000444ef035aa409397837c4cfd8?s=96&d=retro&r=g\",\"url\":\"https:\\\/\\\/secure.gravatar.com\\\/avatar\\\/467135196b1d7899a43486e26008f7675b9e000444ef035aa409397837c4cfd8?s=96&d=retro&r=g\",\"contentUrl\":\"https:\\\/\\\/secure.gravatar.com\\\/avatar\\\/467135196b1d7899a43486e26008f7675b9e000444ef035aa409397837c4cfd8?s=96&d=retro&r=g\",\"caption\":\"barteckir\"}}]}<\/script>\n<!-- \/ Yoast SEO plugin. -->","yoast_head_json":{"title":"ZESP\u00d3\u0141 SZK\u00d3\u0141 PRZEMYS\u0141U SPO\u017bYWCZEGO LAUREATEM WIELKOPOLSKIEJ SZKO\u0141Y ROKU 2022 - ZESP\u00d3\u0141 SZK\u00d3\u0141 PRZEMYS\u0141U SPO\u017bYWCZEGO","robots":{"index":"index","follow":"follow","max-snippet":"max-snippet:-1","max-image-preview":"max-image-preview:large","max-video-preview":"max-video-preview:-1"},"canonical":"https:\/\/zsps.poznan.pl\/index.php\/zespol-szkol-przemyslu-spozywczego-laureatem-wielkopolskiej-szkoly-roku-2022\/","og_locale":"pl_PL","og_type":"article","og_title":"ZESP\u00d3\u0141 SZK\u00d3\u0141 PRZEMYS\u0141U SPO\u017bYWCZEGO LAUREATEM WIELKOPOLSKIEJ SZKO\u0141Y ROKU 2022 - ZESP\u00d3\u0141 SZK\u00d3\u0141 PRZEMYS\u0141U SPO\u017bYWCZEGO","og_description":"Link do arktyku\u0142u z G\u0142osu Wielkopolskiego na temat uroczystej gali na terenie Mi\u0119dzynarodowych Targ\u00f3w Pozna\u0144skich z okazji Dnia Edukacji Narodowej 2022","og_url":"https:\/\/zsps.poznan.pl\/index.php\/zespol-szkol-przemyslu-spozywczego-laureatem-wielkopolskiej-szkoly-roku-2022\/","og_site_name":"ZESP\u00d3\u0141 SZK\u00d3\u0141 PRZEMYS\u0141U SPO\u017bYWCZEGO","article_publisher":"https:\/\/www.facebook.com\/zsps.poznan","article_published_time":"2022-10-23T14:32:27+00:00","article_modified_time":"2022-10-23T14:37:04+00:00","og_image":[{"url":"https:\/\/zsps.poznan.pl\/wp-content\/uploads\/2022\/10\/311777749_528039375998456_1615330986087512580_n-150x150.jpg","type":"","width":"","height":""}],"author":"barteckir","twitter_card":"summary_large_image","twitter_misc":{"Napisane przez":"barteckir"},"schema":{"@context":"https:\/\/schema.org","@graph":[{"@type":"Article","@id":"https:\/\/zsps.poznan.pl\/index.php\/zespol-szkol-przemyslu-spozywczego-laureatem-wielkopolskiej-szkoly-roku-2022\/#article","isPartOf":{"@id":"https:\/\/zsps.poznan.pl\/index.php\/zespol-szkol-przemyslu-spozywczego-laureatem-wielkopolskiej-szkoly-roku-2022\/"},"author":{"name":"barteckir","@id":"https:\/\/zsps.poznan.pl\/#\/schema\/person\/bd2786aff3d28d572ee3d08aa13cfba8"},"headline":"ZESP\u00d3\u0141 SZK\u00d3\u0141 PRZEMYS\u0141U SPO\u017bYWCZEGO LAUREATEM WIELKOPOLSKIEJ SZKO\u0141Y ROKU 2022","datePublished":"2022-10-23T14:32:27+00:00","dateModified":"2022-10-23T14:37:04+00:00","mainEntityOfPage":{"@id":"https:\/\/zsps.poznan.pl\/index.php\/zespol-szkol-przemyslu-spozywczego-laureatem-wielkopolskiej-szkoly-roku-2022\/"},"wordCount":36,"publisher":{"@id":"https:\/\/zsps.poznan.pl\/#organization"},"image":{"@id":"https:\/\/zsps.poznan.pl\/index.php\/zespol-szkol-przemyslu-spozywczego-laureatem-wielkopolskiej-szkoly-roku-2022\/#primaryimage"},"thumbnailUrl":"https:\/\/zsps.poznan.pl\/wp-content\/uploads\/2022\/10\/311777749_528039375998456_1615330986087512580_n-150x150.jpg","articleSection":["Aktualno\u015bci"],"inLanguage":"pl-PL"},{"@type":"WebPage","@id":"https:\/\/zsps.poznan.pl\/index.php\/zespol-szkol-przemyslu-spozywczego-laureatem-wielkopolskiej-szkoly-roku-2022\/","url":"https:\/\/zsps.poznan.pl\/index.php\/zespol-szkol-przemyslu-spozywczego-laureatem-wielkopolskiej-szkoly-roku-2022\/","name":"ZESP\u00d3\u0141 SZK\u00d3\u0141 PRZEMYS\u0141U SPO\u017bYWCZEGO LAUREATEM WIELKOPOLSKIEJ SZKO\u0141Y ROKU 2022 - ZESP\u00d3\u0141 SZK\u00d3\u0141 PRZEMYS\u0141U SPO\u017bYWCZEGO","isPartOf":{"@id":"https:\/\/zsps.poznan.pl\/#website"},"primaryImageOfPage":{"@id":"https:\/\/zsps.poznan.pl\/index.php\/zespol-szkol-przemyslu-spozywczego-laureatem-wielkopolskiej-szkoly-roku-2022\/#primaryimage"},"image":{"@id":"https:\/\/zsps.poznan.pl\/index.php\/zespol-szkol-przemyslu-spozywczego-laureatem-wielkopolskiej-szkoly-roku-2022\/#primaryimage"},"thumbnailUrl":"https:\/\/zsps.poznan.pl\/wp-content\/uploads\/2022\/10\/311777749_528039375998456_1615330986087512580_n-150x150.jpg","datePublished":"2022-10-23T14:32:27+00:00","dateModified":"2022-10-23T14:37:04+00:00","breadcrumb":{"@id":"https:\/\/zsps.poznan.pl\/index.php\/zespol-szkol-przemyslu-spozywczego-laureatem-wielkopolskiej-szkoly-roku-2022\/#breadcrumb"},"inLanguage":"pl-PL","potentialAction":[{"@type":"ReadAction","target":["https:\/\/zsps.poznan.pl\/index.php\/zespol-szkol-przemyslu-spozywczego-laureatem-wielkopolskiej-szkoly-roku-2022\/"]}]},{"@type":"ImageObject","inLanguage":"pl-PL","@id":"https:\/\/zsps.poznan.pl\/index.php\/zespol-szkol-przemyslu-spozywczego-laureatem-wielkopolskiej-szkoly-roku-2022\/#primaryimage","url":"https:\/\/zsps.poznan.pl\/wp-content\/uploads\/2022\/10\/311777749_528039375998456_1615330986087512580_n.jpg","contentUrl":"https:\/\/zsps.poznan.pl\/wp-content\/uploads\/2022\/10\/311777749_528039375998456_1615330986087512580_n.jpg","width":1333,"height":1000},{"@type":"BreadcrumbList","@id":"https:\/\/zsps.poznan.pl\/index.php\/zespol-szkol-przemyslu-spozywczego-laureatem-wielkopolskiej-szkoly-roku-2022\/#breadcrumb","itemListElement":[{"@type":"ListItem","position":1,"name":"Strona g\u0142\u00f3wna","item":"https:\/\/zsps.poznan.pl\/"},{"@type":"ListItem","position":2,"name":"ZESP\u00d3\u0141 SZK\u00d3\u0141 PRZEMYS\u0141U SPO\u017bYWCZEGO LAUREATEM WIELKOPOLSKIEJ SZKO\u0141Y ROKU 2022"}]},{"@type":"WebSite","@id":"https:\/\/zsps.poznan.pl\/#website","url":"https:\/\/zsps.poznan.pl\/","name":"ZESP\u00d3\u0141 SZK\u00d3\u0141 PRZEMYS\u0141U SPO\u017bYWCZEGO","description":"im. J. J. \u015aniadeckich w Poznaniu","publisher":{"@id":"https:\/\/zsps.poznan.pl\/#organization"},"potentialAction":[{"@type":"SearchAction","target":{"@type":"EntryPoint","urlTemplate":"https:\/\/zsps.poznan.pl\/?s={search_term_string}"},"query-input":{"@type":"PropertyValueSpecification","valueRequired":true,"valueName":"search_term_string"}}],"inLanguage":"pl-PL"},{"@type":"Organization","@id":"https:\/\/zsps.poznan.pl\/#organization","name":"Zesp\u00f3\u0142 Szk\u00f3\u0142 Przemys\u0142u Spo\u017cywczego","url":"https:\/\/zsps.poznan.pl\/","logo":{"@type":"ImageObject","inLanguage":"pl-PL","@id":"https:\/\/zsps.poznan.pl\/#\/schema\/logo\/image\/","url":"","contentUrl":"","caption":"Zesp\u00f3\u0142 Szk\u00f3\u0142 Przemys\u0142u Spo\u017cywczego"},"image":{"@id":"https:\/\/zsps.poznan.pl\/#\/schema\/logo\/image\/"},"sameAs":["https:\/\/www.facebook.com\/zsps.poznan"]},{"@type":"Person","@id":"https:\/\/zsps.poznan.pl\/#\/schema\/person\/bd2786aff3d28d572ee3d08aa13cfba8","name":"barteckir","image":{"@type":"ImageObject","inLanguage":"pl-PL","@id":"https:\/\/secure.gravatar.com\/avatar\/467135196b1d7899a43486e26008f7675b9e000444ef035aa409397837c4cfd8?s=96&d=retro&r=g","url":"https:\/\/secure.gravatar.com\/avatar\/467135196b1d7899a43486e26008f7675b9e000444ef035aa409397837c4cfd8?s=96&d=retro&r=g","contentUrl":"https:\/\/secure.gravatar.com\/avatar\/467135196b1d7899a43486e26008f7675b9e000444ef035aa409397837c4cfd8?s=96&d=retro&r=g","caption":"barteckir"}}]}},"_links":{"self":[{"href":"https:\/\/zsps.poznan.pl\/index.php\/wp-json\/wp\/v2\/posts\/8139","targetHints":{"allow":["GET"]}}],"collection":[{"href":"https:\/\/zsps.poznan.pl\/index.php\/wp-json\/wp\/v2\/posts"}],"about":[{"href":"https:\/\/zsps.poznan.pl\/index.php\/wp-json\/wp\/v2\/types\/post"}],"author":[{"embeddable":true,"href":"https:\/\/zsps.poznan.pl\/index.php\/wp-json\/wp\/v2\/users\/7"}],"replies":[{"embeddable":true,"href":"https:\/\/zsps.poznan.pl\/index.php\/wp-json\/wp\/v2\/comments?post=8139"}],"version-history":[{"count":3,"href":"https:\/\/zsps.poznan.pl\/index.php\/wp-json\/wp\/v2\/posts\/8139\/revisions"}],"predecessor-version":[{"id":8152,"href":"https:\/\/zsps.poznan.pl\/index.php\/wp-json\/wp\/v2\/posts\/8139\/revisions\/8152"}],"wp:attachment":[{"href":"https:\/\/zsps.poznan.pl\/index.php\/wp-json\/wp\/v2\/media?parent=8139"}],"wp:term":[{"taxonomy":"category","embeddable":true,"href":"https:\/\/zsps.poznan.pl\/index.php\/wp-json\/wp\/v2\/categories?post=8139"},{"taxonomy":"post_tag","embeddable":true,"href":"https:\/\/zsps.poznan.pl\/index.php\/wp-json\/wp\/v2\/tags?post=8139"}],"curies":[{"name":"wp","href":"https:\/\/api.w.org\/{rel}","templated":true}]}}