{"id":8153,"date":"2022-10-24T08:45:02","date_gmt":"2022-10-24T06:45:02","guid":{"rendered":"https:\/\/zsps.poznan.pl\/?p=8153"},"modified":"2022-10-24T08:47:42","modified_gmt":"2022-10-24T06:47:42","slug":"zajecia-laboratoryjne-w-katedrze-mikrobiologii-i-gleboznawstwa-uniwersytetu-przyrodniczego","status":"publish","type":"post","link":"https:\/\/zsps.poznan.pl\/index.php\/zajecia-laboratoryjne-w-katedrze-mikrobiologii-i-gleboznawstwa-uniwersytetu-przyrodniczego\/","title":{"rendered":"Zaj\u0119cia laboratoryjne w Katedrze Mikrobiologii i Gleboznawstwa Uniwersytetu Przyrodniczego"},"content":{"rendered":"\t\t<div data-elementor-type=\"wp-post\" data-elementor-id=\"8153\" class=\"elementor elementor-8153\">\n\t\t\t\t\t\t<section class=\"elementor-section elementor-top-section elementor-element elementor-element-772073e elementor-section-boxed elementor-section-height-default elementor-section-height-default\" data-id=\"772073e\" data-element_type=\"section\" data-e-type=\"section\">\n\t\t\t\t\t\t<div class=\"elementor-container elementor-column-gap-default\">\n\t\t\t\t\t<div class=\"elementor-column elementor-col-100 elementor-top-column elementor-element elementor-element-ec3138a\" data-id=\"ec3138a\" data-element_type=\"column\" data-e-type=\"column\">\n\t\t\t<div class=\"elementor-widget-wrap elementor-element-populated\">\n\t\t\t\t\t\t<div class=\"elementor-element elementor-element-1cc38b0 elementor-widget elementor-widget-text-editor\" data-id=\"1cc38b0\" data-element_type=\"widget\" data-e-type=\"widget\" data-widget_type=\"text-editor.default\">\n\t\t\t\t<div class=\"elementor-widget-container\">\n\t\t\t\t\t\t\t\t\t<p>W ramach zaj\u0119\u0107 z analizy \u017cywno\u015bci uczniowie 4 PT go\u015bcili na zaj\u0119ciach laboratoryjnych w Katedrze Mikrobiologii Og\u00f3lnej i Gleboznawstwa Uniwersytetu Przyrodniczego w Poznaniu. Uczniowie wykonali barwienie proste kolonii bakterii i grzyb\u00f3w pobranych z hodowli na wybi\u00f3rczych po\u017cywkach zestalonych, a nast\u0119pnie indentyfikowali mikroorganizmy pod mikroskopem.<br \/>Serdecznie dzi\u0119kujemy Pani dr hab. Agnieszce Wolnej-Maruwce, dr Katarzynie G\u0142uchowskiej i dr hab. Alicji Niewiadomskiej (kierownik Katedry) za zorganizowanie nam tak przydatnych zaj\u0119\u0107.<\/p>\t\t\t\t\t\t\t\t<\/div>\n\t\t\t\t<\/div>\n\t\t\t\t\t<\/div>\n\t\t<\/div>\n\t\t\t\t\t<\/div>\n\t\t<\/section>\n\t\t\t\t<section class=\"elementor-section elementor-top-section elementor-element elementor-element-f11da80 elementor-section-boxed elementor-section-height-default elementor-section-height-default\" data-id=\"f11da80\" data-element_type=\"section\" data-e-type=\"section\">\n\t\t\t\t\t\t<div class=\"elementor-container elementor-column-gap-default\">\n\t\t\t\t\t<div class=\"elementor-column elementor-col-100 elementor-top-column elementor-element elementor-element-7134393\" data-id=\"7134393\" data-element_type=\"column\" data-e-type=\"column\">\n\t\t\t<div class=\"elementor-widget-wrap elementor-element-populated\">\n\t\t\t\t\t\t<div class=\"elementor-element elementor-element-40ce558 elementor-widget elementor-widget-image-gallery\" data-id=\"40ce558\" data-element_type=\"widget\" data-e-type=\"widget\" data-widget_type=\"image-gallery.default\">\n\t\t\t\t<div class=\"elementor-widget-container\">\n\t\t\t\t\t\t\t<div class=\"elementor-image-gallery\">\n\t\t\t<div id='gallery-6' class='gallery galleryid-8153 gallery-columns-5 gallery-size-thumbnail'><figure class='gallery-item'>\n\t\t\t<div class='gallery-icon portrait'>\n\t\t\t\t<a data-elementor-open-lightbox=\"yes\" data-elementor-lightbox-slideshow=\"40ce558\" data-e-action-hash=\"#elementor-action%3Aaction%3Dlightbox%26settings%3DeyJpZCI6ODE2MiwidXJsIjoiaHR0cHM6XC9cL3pzcHMucG96bmFuLnBsXC93cC1jb250ZW50XC91cGxvYWRzXC8yMDIyXC8xMFwvSU1HMjAyMjEwMjExMTM1MDguanBnIiwic2xpZGVzaG93IjoiNDBjZTU1OCJ9\" href='https:\/\/zsps.poznan.pl\/wp-content\/uploads\/2022\/10\/IMG20221021113508.jpg'><img decoding=\"async\" width=\"150\" height=\"150\" src=\"https:\/\/zsps.poznan.pl\/wp-content\/uploads\/2022\/10\/IMG20221021113508-150x150.jpg\" class=\"attachment-thumbnail size-thumbnail\" alt=\"\" srcset=\"https:\/\/zsps.poznan.pl\/wp-content\/uploads\/2022\/10\/IMG20221021113508-150x150.jpg 150w, https:\/\/zsps.poznan.pl\/wp-content\/uploads\/2022\/10\/IMG20221021113508-230x230.jpg 230w, https:\/\/zsps.poznan.pl\/wp-content\/uploads\/2022\/10\/IMG20221021113508-365x365.jpg 365w\" sizes=\"(max-width: 150px) 100vw, 150px\" \/><\/a>\n\t\t\t<\/div><\/figure><figure class='gallery-item'>\n\t\t\t<div class='gallery-icon portrait'>\n\t\t\t\t<a data-elementor-open-lightbox=\"yes\" data-elementor-lightbox-slideshow=\"40ce558\" data-e-action-hash=\"#elementor-action%3Aaction%3Dlightbox%26settings%3DeyJpZCI6ODE2NCwidXJsIjoiaHR0cHM6XC9cL3pzcHMucG96bmFuLnBsXC93cC1jb250ZW50XC91cGxvYWRzXC8yMDIyXC8xMFwvSU1HMjAyMjEwMjExMDI4MjIuanBnIiwic2xpZGVzaG93IjoiNDBjZTU1OCJ9\" href='https:\/\/zsps.poznan.pl\/wp-content\/uploads\/2022\/10\/IMG20221021102822.jpg'><img decoding=\"async\" width=\"150\" height=\"150\" src=\"https:\/\/zsps.poznan.pl\/wp-content\/uploads\/2022\/10\/IMG20221021102822-150x150.jpg\" class=\"attachment-thumbnail size-thumbnail\" alt=\"\" srcset=\"https:\/\/zsps.poznan.pl\/wp-content\/uploads\/2022\/10\/IMG20221021102822-150x150.jpg 150w, https:\/\/zsps.poznan.pl\/wp-content\/uploads\/2022\/10\/IMG20221021102822-230x230.jpg 230w, https:\/\/zsps.poznan.pl\/wp-content\/uploads\/2022\/10\/IMG20221021102822-365x365.jpg 365w\" sizes=\"(max-width: 150px) 100vw, 150px\" \/><\/a>\n\t\t\t<\/div><\/figure><figure class='gallery-item'>\n\t\t\t<div class='gallery-icon portrait'>\n\t\t\t\t<a data-elementor-open-lightbox=\"yes\" data-elementor-lightbox-slideshow=\"40ce558\" data-e-action-hash=\"#elementor-action%3Aaction%3Dlightbox%26settings%3DeyJpZCI6ODE1NCwidXJsIjoiaHR0cHM6XC9cL3pzcHMucG96bmFuLnBsXC93cC1jb250ZW50XC91cGxvYWRzXC8yMDIyXC8xMFwvSU1HLTIwMjIxMDIyLVdBMDAxMy5qcGciLCJzbGlkZXNob3ciOiI0MGNlNTU4In0%3D\" href='https:\/\/zsps.poznan.pl\/wp-content\/uploads\/2022\/10\/IMG-20221022-WA0013.jpg'><img decoding=\"async\" width=\"150\" height=\"150\" src=\"https:\/\/zsps.poznan.pl\/wp-content\/uploads\/2022\/10\/IMG-20221022-WA0013-150x150.jpg\" class=\"attachment-thumbnail size-thumbnail\" alt=\"\" srcset=\"https:\/\/zsps.poznan.pl\/wp-content\/uploads\/2022\/10\/IMG-20221022-WA0013-150x150.jpg 150w, https:\/\/zsps.poznan.pl\/wp-content\/uploads\/2022\/10\/IMG-20221022-WA0013-230x230.jpg 230w, https:\/\/zsps.poznan.pl\/wp-content\/uploads\/2022\/10\/IMG-20221022-WA0013-365x365.jpg 365w\" sizes=\"(max-width: 150px) 100vw, 150px\" \/><\/a>\n\t\t\t<\/div><\/figure><figure class='gallery-item'>\n\t\t\t<div class='gallery-icon portrait'>\n\t\t\t\t<a data-elementor-open-lightbox=\"yes\" data-elementor-lightbox-slideshow=\"40ce558\" data-e-action-hash=\"#elementor-action%3Aaction%3Dlightbox%26settings%3DeyJpZCI6ODE1NSwidXJsIjoiaHR0cHM6XC9cL3pzcHMucG96bmFuLnBsXC93cC1jb250ZW50XC91cGxvYWRzXC8yMDIyXC8xMFwvSU1HLTIwMjIxMDIyLVdBMDAxMS5qcGciLCJzbGlkZXNob3ciOiI0MGNlNTU4In0%3D\" href='https:\/\/zsps.poznan.pl\/wp-content\/uploads\/2022\/10\/IMG-20221022-WA0011.jpg'><img loading=\"lazy\" decoding=\"async\" width=\"150\" height=\"150\" src=\"https:\/\/zsps.poznan.pl\/wp-content\/uploads\/2022\/10\/IMG-20221022-WA0011-150x150.jpg\" class=\"attachment-thumbnail size-thumbnail\" alt=\"\" srcset=\"https:\/\/zsps.poznan.pl\/wp-content\/uploads\/2022\/10\/IMG-20221022-WA0011-150x150.jpg 150w, https:\/\/zsps.poznan.pl\/wp-content\/uploads\/2022\/10\/IMG-20221022-WA0011-230x230.jpg 230w, https:\/\/zsps.poznan.pl\/wp-content\/uploads\/2022\/10\/IMG-20221022-WA0011-365x365.jpg 365w\" sizes=\"(max-width: 150px) 100vw, 150px\" \/><\/a>\n\t\t\t<\/div><\/figure><figure class='gallery-item'>\n\t\t\t<div class='gallery-icon portrait'>\n\t\t\t\t<a data-elementor-open-lightbox=\"yes\" data-elementor-lightbox-slideshow=\"40ce558\" data-e-action-hash=\"#elementor-action%3Aaction%3Dlightbox%26settings%3DeyJpZCI6ODE1NiwidXJsIjoiaHR0cHM6XC9cL3pzcHMucG96bmFuLnBsXC93cC1jb250ZW50XC91cGxvYWRzXC8yMDIyXC8xMFwvSU1HLTIwMjIxMDIyLVdBMDAxMi5qcGciLCJzbGlkZXNob3ciOiI0MGNlNTU4In0%3D\" href='https:\/\/zsps.poznan.pl\/wp-content\/uploads\/2022\/10\/IMG-20221022-WA0012.jpg'><img loading=\"lazy\" decoding=\"async\" width=\"150\" height=\"150\" src=\"https:\/\/zsps.poznan.pl\/wp-content\/uploads\/2022\/10\/IMG-20221022-WA0012-150x150.jpg\" class=\"attachment-thumbnail size-thumbnail\" alt=\"\" srcset=\"https:\/\/zsps.poznan.pl\/wp-content\/uploads\/2022\/10\/IMG-20221022-WA0012-150x150.jpg 150w, https:\/\/zsps.poznan.pl\/wp-content\/uploads\/2022\/10\/IMG-20221022-WA0012-230x230.jpg 230w, https:\/\/zsps.poznan.pl\/wp-content\/uploads\/2022\/10\/IMG-20221022-WA0012-365x365.jpg 365w\" sizes=\"(max-width: 150px) 100vw, 150px\" \/><\/a>\n\t\t\t<\/div><\/figure><figure class='gallery-item'>\n\t\t\t<div class='gallery-icon portrait'>\n\t\t\t\t<a data-elementor-open-lightbox=\"yes\" data-elementor-lightbox-slideshow=\"40ce558\" data-e-action-hash=\"#elementor-action%3Aaction%3Dlightbox%26settings%3DeyJpZCI6ODE1NywidXJsIjoiaHR0cHM6XC9cL3pzcHMucG96bmFuLnBsXC93cC1jb250ZW50XC91cGxvYWRzXC8yMDIyXC8xMFwvSU1HLTIwMjIxMDIyLVdBMDAwOS5qcGciLCJzbGlkZXNob3ciOiI0MGNlNTU4In0%3D\" href='https:\/\/zsps.poznan.pl\/wp-content\/uploads\/2022\/10\/IMG-20221022-WA0009.jpg'><img loading=\"lazy\" decoding=\"async\" width=\"150\" height=\"150\" src=\"https:\/\/zsps.poznan.pl\/wp-content\/uploads\/2022\/10\/IMG-20221022-WA0009-150x150.jpg\" class=\"attachment-thumbnail size-thumbnail\" alt=\"\" srcset=\"https:\/\/zsps.poznan.pl\/wp-content\/uploads\/2022\/10\/IMG-20221022-WA0009-150x150.jpg 150w, https:\/\/zsps.poznan.pl\/wp-content\/uploads\/2022\/10\/IMG-20221022-WA0009-230x230.jpg 230w, https:\/\/zsps.poznan.pl\/wp-content\/uploads\/2022\/10\/IMG-20221022-WA0009-365x365.jpg 365w\" sizes=\"(max-width: 150px) 100vw, 150px\" \/><\/a>\n\t\t\t<\/div><\/figure><figure class='gallery-item'>\n\t\t\t<div class='gallery-icon portrait'>\n\t\t\t\t<a data-elementor-open-lightbox=\"yes\" data-elementor-lightbox-slideshow=\"40ce558\" data-e-action-hash=\"#elementor-action%3Aaction%3Dlightbox%26settings%3DeyJpZCI6ODE1OCwidXJsIjoiaHR0cHM6XC9cL3pzcHMucG96bmFuLnBsXC93cC1jb250ZW50XC91cGxvYWRzXC8yMDIyXC8xMFwvSU1HLTIwMjIxMDIyLVdBMDAxMC5qcGciLCJzbGlkZXNob3ciOiI0MGNlNTU4In0%3D\" href='https:\/\/zsps.poznan.pl\/wp-content\/uploads\/2022\/10\/IMG-20221022-WA0010.jpg'><img loading=\"lazy\" decoding=\"async\" width=\"150\" height=\"150\" src=\"https:\/\/zsps.poznan.pl\/wp-content\/uploads\/2022\/10\/IMG-20221022-WA0010-150x150.jpg\" class=\"attachment-thumbnail size-thumbnail\" alt=\"\" srcset=\"https:\/\/zsps.poznan.pl\/wp-content\/uploads\/2022\/10\/IMG-20221022-WA0010-150x150.jpg 150w, https:\/\/zsps.poznan.pl\/wp-content\/uploads\/2022\/10\/IMG-20221022-WA0010-230x230.jpg 230w, https:\/\/zsps.poznan.pl\/wp-content\/uploads\/2022\/10\/IMG-20221022-WA0010-365x365.jpg 365w\" sizes=\"(max-width: 150px) 100vw, 150px\" \/><\/a>\n\t\t\t<\/div><\/figure><figure class='gallery-item'>\n\t\t\t<div class='gallery-icon portrait'>\n\t\t\t\t<a data-elementor-open-lightbox=\"yes\" data-elementor-lightbox-slideshow=\"40ce558\" data-e-action-hash=\"#elementor-action%3Aaction%3Dlightbox%26settings%3DeyJpZCI6ODE1OSwidXJsIjoiaHR0cHM6XC9cL3pzcHMucG96bmFuLnBsXC93cC1jb250ZW50XC91cGxvYWRzXC8yMDIyXC8xMFwvSU1HLTIwMjIxMDIyLVdBMDAwNy5qcGciLCJzbGlkZXNob3ciOiI0MGNlNTU4In0%3D\" href='https:\/\/zsps.poznan.pl\/wp-content\/uploads\/2022\/10\/IMG-20221022-WA0007.jpg'><img loading=\"lazy\" decoding=\"async\" width=\"150\" height=\"150\" src=\"https:\/\/zsps.poznan.pl\/wp-content\/uploads\/2022\/10\/IMG-20221022-WA0007-150x150.jpg\" class=\"attachment-thumbnail size-thumbnail\" alt=\"\" srcset=\"https:\/\/zsps.poznan.pl\/wp-content\/uploads\/2022\/10\/IMG-20221022-WA0007-150x150.jpg 150w, https:\/\/zsps.poznan.pl\/wp-content\/uploads\/2022\/10\/IMG-20221022-WA0007-230x230.jpg 230w, https:\/\/zsps.poznan.pl\/wp-content\/uploads\/2022\/10\/IMG-20221022-WA0007-365x365.jpg 365w\" sizes=\"(max-width: 150px) 100vw, 150px\" \/><\/a>\n\t\t\t<\/div><\/figure><figure class='gallery-item'>\n\t\t\t<div class='gallery-icon portrait'>\n\t\t\t\t<a data-elementor-open-lightbox=\"yes\" data-elementor-lightbox-slideshow=\"40ce558\" data-e-action-hash=\"#elementor-action%3Aaction%3Dlightbox%26settings%3DeyJpZCI6ODE2MCwidXJsIjoiaHR0cHM6XC9cL3pzcHMucG96bmFuLnBsXC93cC1jb250ZW50XC91cGxvYWRzXC8yMDIyXC8xMFwvSU1HLTIwMjIxMDIyLVdBMDAwOC5qcGciLCJzbGlkZXNob3ciOiI0MGNlNTU4In0%3D\" href='https:\/\/zsps.poznan.pl\/wp-content\/uploads\/2022\/10\/IMG-20221022-WA0008.jpg'><img loading=\"lazy\" decoding=\"async\" width=\"150\" height=\"150\" src=\"https:\/\/zsps.poznan.pl\/wp-content\/uploads\/2022\/10\/IMG-20221022-WA0008-150x150.jpg\" class=\"attachment-thumbnail size-thumbnail\" alt=\"\" srcset=\"https:\/\/zsps.poznan.pl\/wp-content\/uploads\/2022\/10\/IMG-20221022-WA0008-150x150.jpg 150w, https:\/\/zsps.poznan.pl\/wp-content\/uploads\/2022\/10\/IMG-20221022-WA0008-230x230.jpg 230w, https:\/\/zsps.poznan.pl\/wp-content\/uploads\/2022\/10\/IMG-20221022-WA0008-365x365.jpg 365w\" sizes=\"(max-width: 150px) 100vw, 150px\" \/><\/a>\n\t\t\t<\/div><\/figure><figure class='gallery-item'>\n\t\t\t<div class='gallery-icon portrait'>\n\t\t\t\t<a data-elementor-open-lightbox=\"yes\" data-elementor-lightbox-slideshow=\"40ce558\" data-e-action-hash=\"#elementor-action%3Aaction%3Dlightbox%26settings%3DeyJpZCI6ODE2MSwidXJsIjoiaHR0cHM6XC9cL3pzcHMucG96bmFuLnBsXC93cC1jb250ZW50XC91cGxvYWRzXC8yMDIyXC8xMFwvSU1HMjAyMjEwMjExMDQwMTYtMS5qcGciLCJzbGlkZXNob3ciOiI0MGNlNTU4In0%3D\" href='https:\/\/zsps.poznan.pl\/wp-content\/uploads\/2022\/10\/IMG20221021104016-1.jpg'><img loading=\"lazy\" decoding=\"async\" width=\"150\" height=\"150\" src=\"https:\/\/zsps.poznan.pl\/wp-content\/uploads\/2022\/10\/IMG20221021104016-1-150x150.jpg\" class=\"attachment-thumbnail size-thumbnail\" alt=\"\" srcset=\"https:\/\/zsps.poznan.pl\/wp-content\/uploads\/2022\/10\/IMG20221021104016-1-150x150.jpg 150w, https:\/\/zsps.poznan.pl\/wp-content\/uploads\/2022\/10\/IMG20221021104016-1-230x230.jpg 230w, https:\/\/zsps.poznan.pl\/wp-content\/uploads\/2022\/10\/IMG20221021104016-1-365x365.jpg 365w\" sizes=\"(max-width: 150px) 100vw, 150px\" \/><\/a>\n\t\t\t<\/div><\/figure>\n\t\t<\/div>\n\t\t<\/div>\n\t\t\t\t\t\t<\/div>\n\t\t\t\t<\/div>\n\t\t\t\t\t<\/div>\n\t\t<\/div>\n\t\t\t\t\t<\/div>\n\t\t<\/section>\n\t\t\t\t<\/div>\n\t\t","protected":false},"excerpt":{"rendered":"<p>W ramach zaj\u0119\u0107 z analizy \u017cywno\u015bci uczniowie 4 PT go\u015bcili na zaj\u0119ciach laboratoryjnych w Katedrze Mikrobiologii Og\u00f3lnej i Gleboznawstwa Uniwersytetu Przyrodniczego w Poznaniu. Uczniowie wykonali barwienie proste kolonii bakterii i grzyb\u00f3w pobranych z hodowli na wybi\u00f3rczych po\u017cywkach zestalonych, a nast\u0119pnie<\/p>\n","protected":false},"author":7,"featured_media":0,"comment_status":"closed","ping_status":"closed","sticky":false,"template":"","format":"standard","meta":{"footnotes":""},"categories":[1],"tags":[],"class_list":["post-8153","post","type-post","status-publish","format-standard","hentry","category-aktualnosci"],"yoast_head":"<!-- This site is optimized with the Yoast SEO plugin v27.5 - https:\/\/yoast.com\/product\/yoast-seo-wordpress\/ -->\n<title>Zaj\u0119cia laboratoryjne w Katedrze Mikrobiologii i Gleboznawstwa Uniwersytetu Przyrodniczego - ZESP\u00d3\u0141 SZK\u00d3\u0141 PRZEMYS\u0141U SPO\u017bYWCZEGO<\/title>\n<meta name=\"robots\" content=\"index, follow, max-snippet:-1, max-image-preview:large, max-video-preview:-1\" \/>\n<link rel=\"canonical\" href=\"https:\/\/zsps.poznan.pl\/index.php\/zajecia-laboratoryjne-w-katedrze-mikrobiologii-i-gleboznawstwa-uniwersytetu-przyrodniczego\/\" \/>\n<meta property=\"og:locale\" content=\"pl_PL\" \/>\n<meta property=\"og:type\" content=\"article\" \/>\n<meta property=\"og:title\" content=\"Zaj\u0119cia laboratoryjne w Katedrze Mikrobiologii i Gleboznawstwa Uniwersytetu Przyrodniczego - ZESP\u00d3\u0141 SZK\u00d3\u0141 PRZEMYS\u0141U SPO\u017bYWCZEGO\" \/>\n<meta property=\"og:description\" content=\"W ramach zaj\u0119\u0107 z analizy \u017cywno\u015bci uczniowie 4 PT go\u015bcili na zaj\u0119ciach laboratoryjnych w Katedrze Mikrobiologii Og\u00f3lnej i Gleboznawstwa Uniwersytetu Przyrodniczego w Poznaniu. Uczniowie wykonali barwienie proste kolonii bakterii i grzyb\u00f3w pobranych z hodowli na wybi\u00f3rczych po\u017cywkach zestalonych, a nast\u0119pnie\" \/>\n<meta property=\"og:url\" content=\"https:\/\/zsps.poznan.pl\/index.php\/zajecia-laboratoryjne-w-katedrze-mikrobiologii-i-gleboznawstwa-uniwersytetu-przyrodniczego\/\" \/>\n<meta property=\"og:site_name\" content=\"ZESP\u00d3\u0141 SZK\u00d3\u0141 PRZEMYS\u0141U SPO\u017bYWCZEGO\" \/>\n<meta property=\"article:publisher\" content=\"https:\/\/www.facebook.com\/zsps.poznan\" \/>\n<meta property=\"article:published_time\" content=\"2022-10-24T06:45:02+00:00\" \/>\n<meta property=\"article:modified_time\" content=\"2022-10-24T06:47:42+00:00\" \/>\n<meta property=\"og:image\" content=\"https:\/\/zsps.poznan.pl\/wp-content\/uploads\/2022\/10\/IMG20221021113508-150x150.jpg\" \/>\n<meta name=\"author\" content=\"barteckir\" \/>\n<meta name=\"twitter:card\" content=\"summary_large_image\" \/>\n<meta name=\"twitter:label1\" content=\"Napisane przez\" \/>\n\t<meta name=\"twitter:data1\" content=\"barteckir\" \/>\n<script type=\"application\/ld+json\" class=\"yoast-schema-graph\">{\"@context\":\"https:\\\/\\\/schema.org\",\"@graph\":[{\"@type\":\"Article\",\"@id\":\"https:\\\/\\\/zsps.poznan.pl\\\/index.php\\\/zajecia-laboratoryjne-w-katedrze-mikrobiologii-i-gleboznawstwa-uniwersytetu-przyrodniczego\\\/#article\",\"isPartOf\":{\"@id\":\"https:\\\/\\\/zsps.poznan.pl\\\/index.php\\\/zajecia-laboratoryjne-w-katedrze-mikrobiologii-i-gleboznawstwa-uniwersytetu-przyrodniczego\\\/\"},\"author\":{\"name\":\"barteckir\",\"@id\":\"https:\\\/\\\/zsps.poznan.pl\\\/#\\\/schema\\\/person\\\/bd2786aff3d28d572ee3d08aa13cfba8\"},\"headline\":\"Zaj\u0119cia laboratoryjne w Katedrze Mikrobiologii i Gleboznawstwa Uniwersytetu Przyrodniczego\",\"datePublished\":\"2022-10-24T06:45:02+00:00\",\"dateModified\":\"2022-10-24T06:47:42+00:00\",\"mainEntityOfPage\":{\"@id\":\"https:\\\/\\\/zsps.poznan.pl\\\/index.php\\\/zajecia-laboratoryjne-w-katedrze-mikrobiologii-i-gleboznawstwa-uniwersytetu-przyrodniczego\\\/\"},\"wordCount\":86,\"publisher\":{\"@id\":\"https:\\\/\\\/zsps.poznan.pl\\\/#organization\"},\"image\":{\"@id\":\"https:\\\/\\\/zsps.poznan.pl\\\/index.php\\\/zajecia-laboratoryjne-w-katedrze-mikrobiologii-i-gleboznawstwa-uniwersytetu-przyrodniczego\\\/#primaryimage\"},\"thumbnailUrl\":\"https:\\\/\\\/zsps.poznan.pl\\\/wp-content\\\/uploads\\\/2022\\\/10\\\/IMG20221021113508-150x150.jpg\",\"articleSection\":[\"Aktualno\u015bci\"],\"inLanguage\":\"pl-PL\"},{\"@type\":\"WebPage\",\"@id\":\"https:\\\/\\\/zsps.poznan.pl\\\/index.php\\\/zajecia-laboratoryjne-w-katedrze-mikrobiologii-i-gleboznawstwa-uniwersytetu-przyrodniczego\\\/\",\"url\":\"https:\\\/\\\/zsps.poznan.pl\\\/index.php\\\/zajecia-laboratoryjne-w-katedrze-mikrobiologii-i-gleboznawstwa-uniwersytetu-przyrodniczego\\\/\",\"name\":\"Zaj\u0119cia laboratoryjne w Katedrze Mikrobiologii i Gleboznawstwa Uniwersytetu Przyrodniczego - ZESP\u00d3\u0141 SZK\u00d3\u0141 PRZEMYS\u0141U SPO\u017bYWCZEGO\",\"isPartOf\":{\"@id\":\"https:\\\/\\\/zsps.poznan.pl\\\/#website\"},\"primaryImageOfPage\":{\"@id\":\"https:\\\/\\\/zsps.poznan.pl\\\/index.php\\\/zajecia-laboratoryjne-w-katedrze-mikrobiologii-i-gleboznawstwa-uniwersytetu-przyrodniczego\\\/#primaryimage\"},\"image\":{\"@id\":\"https:\\\/\\\/zsps.poznan.pl\\\/index.php\\\/zajecia-laboratoryjne-w-katedrze-mikrobiologii-i-gleboznawstwa-uniwersytetu-przyrodniczego\\\/#primaryimage\"},\"thumbnailUrl\":\"https:\\\/\\\/zsps.poznan.pl\\\/wp-content\\\/uploads\\\/2022\\\/10\\\/IMG20221021113508-150x150.jpg\",\"datePublished\":\"2022-10-24T06:45:02+00:00\",\"dateModified\":\"2022-10-24T06:47:42+00:00\",\"breadcrumb\":{\"@id\":\"https:\\\/\\\/zsps.poznan.pl\\\/index.php\\\/zajecia-laboratoryjne-w-katedrze-mikrobiologii-i-gleboznawstwa-uniwersytetu-przyrodniczego\\\/#breadcrumb\"},\"inLanguage\":\"pl-PL\",\"potentialAction\":[{\"@type\":\"ReadAction\",\"target\":[\"https:\\\/\\\/zsps.poznan.pl\\\/index.php\\\/zajecia-laboratoryjne-w-katedrze-mikrobiologii-i-gleboznawstwa-uniwersytetu-przyrodniczego\\\/\"]}]},{\"@type\":\"ImageObject\",\"inLanguage\":\"pl-PL\",\"@id\":\"https:\\\/\\\/zsps.poznan.pl\\\/index.php\\\/zajecia-laboratoryjne-w-katedrze-mikrobiologii-i-gleboznawstwa-uniwersytetu-przyrodniczego\\\/#primaryimage\",\"url\":\"https:\\\/\\\/zsps.poznan.pl\\\/wp-content\\\/uploads\\\/2022\\\/10\\\/IMG20221021113508.jpg\",\"contentUrl\":\"https:\\\/\\\/zsps.poznan.pl\\\/wp-content\\\/uploads\\\/2022\\\/10\\\/IMG20221021113508.jpg\",\"width\":750,\"height\":1000},{\"@type\":\"BreadcrumbList\",\"@id\":\"https:\\\/\\\/zsps.poznan.pl\\\/index.php\\\/zajecia-laboratoryjne-w-katedrze-mikrobiologii-i-gleboznawstwa-uniwersytetu-przyrodniczego\\\/#breadcrumb\",\"itemListElement\":[{\"@type\":\"ListItem\",\"position\":1,\"name\":\"Strona g\u0142\u00f3wna\",\"item\":\"https:\\\/\\\/zsps.poznan.pl\\\/\"},{\"@type\":\"ListItem\",\"position\":2,\"name\":\"Zaj\u0119cia laboratoryjne w Katedrze Mikrobiologii i Gleboznawstwa Uniwersytetu Przyrodniczego\"}]},{\"@type\":\"WebSite\",\"@id\":\"https:\\\/\\\/zsps.poznan.pl\\\/#website\",\"url\":\"https:\\\/\\\/zsps.poznan.pl\\\/\",\"name\":\"ZESP\u00d3\u0141 SZK\u00d3\u0141 PRZEMYS\u0141U SPO\u017bYWCZEGO\",\"description\":\"im. J. J. \u015aniadeckich w Poznaniu\",\"publisher\":{\"@id\":\"https:\\\/\\\/zsps.poznan.pl\\\/#organization\"},\"potentialAction\":[{\"@type\":\"SearchAction\",\"target\":{\"@type\":\"EntryPoint\",\"urlTemplate\":\"https:\\\/\\\/zsps.poznan.pl\\\/?s={search_term_string}\"},\"query-input\":{\"@type\":\"PropertyValueSpecification\",\"valueRequired\":true,\"valueName\":\"search_term_string\"}}],\"inLanguage\":\"pl-PL\"},{\"@type\":\"Organization\",\"@id\":\"https:\\\/\\\/zsps.poznan.pl\\\/#organization\",\"name\":\"Zesp\u00f3\u0142 Szk\u00f3\u0142 Przemys\u0142u Spo\u017cywczego\",\"url\":\"https:\\\/\\\/zsps.poznan.pl\\\/\",\"logo\":{\"@type\":\"ImageObject\",\"inLanguage\":\"pl-PL\",\"@id\":\"https:\\\/\\\/zsps.poznan.pl\\\/#\\\/schema\\\/logo\\\/image\\\/\",\"url\":\"\",\"contentUrl\":\"\",\"caption\":\"Zesp\u00f3\u0142 Szk\u00f3\u0142 Przemys\u0142u Spo\u017cywczego\"},\"image\":{\"@id\":\"https:\\\/\\\/zsps.poznan.pl\\\/#\\\/schema\\\/logo\\\/image\\\/\"},\"sameAs\":[\"https:\\\/\\\/www.facebook.com\\\/zsps.poznan\"]},{\"@type\":\"Person\",\"@id\":\"https:\\\/\\\/zsps.poznan.pl\\\/#\\\/schema\\\/person\\\/bd2786aff3d28d572ee3d08aa13cfba8\",\"name\":\"barteckir\",\"image\":{\"@type\":\"ImageObject\",\"inLanguage\":\"pl-PL\",\"@id\":\"https:\\\/\\\/secure.gravatar.com\\\/avatar\\\/467135196b1d7899a43486e26008f7675b9e000444ef035aa409397837c4cfd8?s=96&d=retro&r=g\",\"url\":\"https:\\\/\\\/secure.gravatar.com\\\/avatar\\\/467135196b1d7899a43486e26008f7675b9e000444ef035aa409397837c4cfd8?s=96&d=retro&r=g\",\"contentUrl\":\"https:\\\/\\\/secure.gravatar.com\\\/avatar\\\/467135196b1d7899a43486e26008f7675b9e000444ef035aa409397837c4cfd8?s=96&d=retro&r=g\",\"caption\":\"barteckir\"}}]}<\/script>\n<!-- \/ Yoast SEO plugin. -->","yoast_head_json":{"title":"Zaj\u0119cia laboratoryjne w Katedrze Mikrobiologii i Gleboznawstwa Uniwersytetu Przyrodniczego - ZESP\u00d3\u0141 SZK\u00d3\u0141 PRZEMYS\u0141U SPO\u017bYWCZEGO","robots":{"index":"index","follow":"follow","max-snippet":"max-snippet:-1","max-image-preview":"max-image-preview:large","max-video-preview":"max-video-preview:-1"},"canonical":"https:\/\/zsps.poznan.pl\/index.php\/zajecia-laboratoryjne-w-katedrze-mikrobiologii-i-gleboznawstwa-uniwersytetu-przyrodniczego\/","og_locale":"pl_PL","og_type":"article","og_title":"Zaj\u0119cia laboratoryjne w Katedrze Mikrobiologii i Gleboznawstwa Uniwersytetu Przyrodniczego - ZESP\u00d3\u0141 SZK\u00d3\u0141 PRZEMYS\u0141U SPO\u017bYWCZEGO","og_description":"W ramach zaj\u0119\u0107 z analizy \u017cywno\u015bci uczniowie 4 PT go\u015bcili na zaj\u0119ciach laboratoryjnych w Katedrze Mikrobiologii Og\u00f3lnej i Gleboznawstwa Uniwersytetu Przyrodniczego w Poznaniu. Uczniowie wykonali barwienie proste kolonii bakterii i grzyb\u00f3w pobranych z hodowli na wybi\u00f3rczych po\u017cywkach zestalonych, a nast\u0119pnie","og_url":"https:\/\/zsps.poznan.pl\/index.php\/zajecia-laboratoryjne-w-katedrze-mikrobiologii-i-gleboznawstwa-uniwersytetu-przyrodniczego\/","og_site_name":"ZESP\u00d3\u0141 SZK\u00d3\u0141 PRZEMYS\u0141U SPO\u017bYWCZEGO","article_publisher":"https:\/\/www.facebook.com\/zsps.poznan","article_published_time":"2022-10-24T06:45:02+00:00","article_modified_time":"2022-10-24T06:47:42+00:00","og_image":[{"url":"https:\/\/zsps.poznan.pl\/wp-content\/uploads\/2022\/10\/IMG20221021113508-150x150.jpg","type":"","width":"","height":""}],"author":"barteckir","twitter_card":"summary_large_image","twitter_misc":{"Napisane przez":"barteckir"},"schema":{"@context":"https:\/\/schema.org","@graph":[{"@type":"Article","@id":"https:\/\/zsps.poznan.pl\/index.php\/zajecia-laboratoryjne-w-katedrze-mikrobiologii-i-gleboznawstwa-uniwersytetu-przyrodniczego\/#article","isPartOf":{"@id":"https:\/\/zsps.poznan.pl\/index.php\/zajecia-laboratoryjne-w-katedrze-mikrobiologii-i-gleboznawstwa-uniwersytetu-przyrodniczego\/"},"author":{"name":"barteckir","@id":"https:\/\/zsps.poznan.pl\/#\/schema\/person\/bd2786aff3d28d572ee3d08aa13cfba8"},"headline":"Zaj\u0119cia laboratoryjne w Katedrze Mikrobiologii i Gleboznawstwa Uniwersytetu Przyrodniczego","datePublished":"2022-10-24T06:45:02+00:00","dateModified":"2022-10-24T06:47:42+00:00","mainEntityOfPage":{"@id":"https:\/\/zsps.poznan.pl\/index.php\/zajecia-laboratoryjne-w-katedrze-mikrobiologii-i-gleboznawstwa-uniwersytetu-przyrodniczego\/"},"wordCount":86,"publisher":{"@id":"https:\/\/zsps.poznan.pl\/#organization"},"image":{"@id":"https:\/\/zsps.poznan.pl\/index.php\/zajecia-laboratoryjne-w-katedrze-mikrobiologii-i-gleboznawstwa-uniwersytetu-przyrodniczego\/#primaryimage"},"thumbnailUrl":"https:\/\/zsps.poznan.pl\/wp-content\/uploads\/2022\/10\/IMG20221021113508-150x150.jpg","articleSection":["Aktualno\u015bci"],"inLanguage":"pl-PL"},{"@type":"WebPage","@id":"https:\/\/zsps.poznan.pl\/index.php\/zajecia-laboratoryjne-w-katedrze-mikrobiologii-i-gleboznawstwa-uniwersytetu-przyrodniczego\/","url":"https:\/\/zsps.poznan.pl\/index.php\/zajecia-laboratoryjne-w-katedrze-mikrobiologii-i-gleboznawstwa-uniwersytetu-przyrodniczego\/","name":"Zaj\u0119cia laboratoryjne w Katedrze Mikrobiologii i Gleboznawstwa Uniwersytetu Przyrodniczego - ZESP\u00d3\u0141 SZK\u00d3\u0141 PRZEMYS\u0141U SPO\u017bYWCZEGO","isPartOf":{"@id":"https:\/\/zsps.poznan.pl\/#website"},"primaryImageOfPage":{"@id":"https:\/\/zsps.poznan.pl\/index.php\/zajecia-laboratoryjne-w-katedrze-mikrobiologii-i-gleboznawstwa-uniwersytetu-przyrodniczego\/#primaryimage"},"image":{"@id":"https:\/\/zsps.poznan.pl\/index.php\/zajecia-laboratoryjne-w-katedrze-mikrobiologii-i-gleboznawstwa-uniwersytetu-przyrodniczego\/#primaryimage"},"thumbnailUrl":"https:\/\/zsps.poznan.pl\/wp-content\/uploads\/2022\/10\/IMG20221021113508-150x150.jpg","datePublished":"2022-10-24T06:45:02+00:00","dateModified":"2022-10-24T06:47:42+00:00","breadcrumb":{"@id":"https:\/\/zsps.poznan.pl\/index.php\/zajecia-laboratoryjne-w-katedrze-mikrobiologii-i-gleboznawstwa-uniwersytetu-przyrodniczego\/#breadcrumb"},"inLanguage":"pl-PL","potentialAction":[{"@type":"ReadAction","target":["https:\/\/zsps.poznan.pl\/index.php\/zajecia-laboratoryjne-w-katedrze-mikrobiologii-i-gleboznawstwa-uniwersytetu-przyrodniczego\/"]}]},{"@type":"ImageObject","inLanguage":"pl-PL","@id":"https:\/\/zsps.poznan.pl\/index.php\/zajecia-laboratoryjne-w-katedrze-mikrobiologii-i-gleboznawstwa-uniwersytetu-przyrodniczego\/#primaryimage","url":"https:\/\/zsps.poznan.pl\/wp-content\/uploads\/2022\/10\/IMG20221021113508.jpg","contentUrl":"https:\/\/zsps.poznan.pl\/wp-content\/uploads\/2022\/10\/IMG20221021113508.jpg","width":750,"height":1000},{"@type":"BreadcrumbList","@id":"https:\/\/zsps.poznan.pl\/index.php\/zajecia-laboratoryjne-w-katedrze-mikrobiologii-i-gleboznawstwa-uniwersytetu-przyrodniczego\/#breadcrumb","itemListElement":[{"@type":"ListItem","position":1,"name":"Strona g\u0142\u00f3wna","item":"https:\/\/zsps.poznan.pl\/"},{"@type":"ListItem","position":2,"name":"Zaj\u0119cia laboratoryjne w Katedrze Mikrobiologii i Gleboznawstwa Uniwersytetu Przyrodniczego"}]},{"@type":"WebSite","@id":"https:\/\/zsps.poznan.pl\/#website","url":"https:\/\/zsps.poznan.pl\/","name":"ZESP\u00d3\u0141 SZK\u00d3\u0141 PRZEMYS\u0141U SPO\u017bYWCZEGO","description":"im. J. J. \u015aniadeckich w Poznaniu","publisher":{"@id":"https:\/\/zsps.poznan.pl\/#organization"},"potentialAction":[{"@type":"SearchAction","target":{"@type":"EntryPoint","urlTemplate":"https:\/\/zsps.poznan.pl\/?s={search_term_string}"},"query-input":{"@type":"PropertyValueSpecification","valueRequired":true,"valueName":"search_term_string"}}],"inLanguage":"pl-PL"},{"@type":"Organization","@id":"https:\/\/zsps.poznan.pl\/#organization","name":"Zesp\u00f3\u0142 Szk\u00f3\u0142 Przemys\u0142u Spo\u017cywczego","url":"https:\/\/zsps.poznan.pl\/","logo":{"@type":"ImageObject","inLanguage":"pl-PL","@id":"https:\/\/zsps.poznan.pl\/#\/schema\/logo\/image\/","url":"","contentUrl":"","caption":"Zesp\u00f3\u0142 Szk\u00f3\u0142 Przemys\u0142u Spo\u017cywczego"},"image":{"@id":"https:\/\/zsps.poznan.pl\/#\/schema\/logo\/image\/"},"sameAs":["https:\/\/www.facebook.com\/zsps.poznan"]},{"@type":"Person","@id":"https:\/\/zsps.poznan.pl\/#\/schema\/person\/bd2786aff3d28d572ee3d08aa13cfba8","name":"barteckir","image":{"@type":"ImageObject","inLanguage":"pl-PL","@id":"https:\/\/secure.gravatar.com\/avatar\/467135196b1d7899a43486e26008f7675b9e000444ef035aa409397837c4cfd8?s=96&d=retro&r=g","url":"https:\/\/secure.gravatar.com\/avatar\/467135196b1d7899a43486e26008f7675b9e000444ef035aa409397837c4cfd8?s=96&d=retro&r=g","contentUrl":"https:\/\/secure.gravatar.com\/avatar\/467135196b1d7899a43486e26008f7675b9e000444ef035aa409397837c4cfd8?s=96&d=retro&r=g","caption":"barteckir"}}]}},"_links":{"self":[{"href":"https:\/\/zsps.poznan.pl\/index.php\/wp-json\/wp\/v2\/posts\/8153","targetHints":{"allow":["GET"]}}],"collection":[{"href":"https:\/\/zsps.poznan.pl\/index.php\/wp-json\/wp\/v2\/posts"}],"about":[{"href":"https:\/\/zsps.poznan.pl\/index.php\/wp-json\/wp\/v2\/types\/post"}],"author":[{"embeddable":true,"href":"https:\/\/zsps.poznan.pl\/index.php\/wp-json\/wp\/v2\/users\/7"}],"replies":[{"embeddable":true,"href":"https:\/\/zsps.poznan.pl\/index.php\/wp-json\/wp\/v2\/comments?post=8153"}],"version-history":[{"count":3,"href":"https:\/\/zsps.poznan.pl\/index.php\/wp-json\/wp\/v2\/posts\/8153\/revisions"}],"predecessor-version":[{"id":8167,"href":"https:\/\/zsps.poznan.pl\/index.php\/wp-json\/wp\/v2\/posts\/8153\/revisions\/8167"}],"wp:attachment":[{"href":"https:\/\/zsps.poznan.pl\/index.php\/wp-json\/wp\/v2\/media?parent=8153"}],"wp:term":[{"taxonomy":"category","embeddable":true,"href":"https:\/\/zsps.poznan.pl\/index.php\/wp-json\/wp\/v2\/categories?post=8153"},{"taxonomy":"post_tag","embeddable":true,"href":"https:\/\/zsps.poznan.pl\/index.php\/wp-json\/wp\/v2\/tags?post=8153"}],"curies":[{"name":"wp","href":"https:\/\/api.w.org\/{rel}","templated":true}]}}