{"id":8332,"date":"2022-11-18T08:34:55","date_gmt":"2022-11-18T07:34:55","guid":{"rendered":"https:\/\/zsps.poznan.pl\/?p=8332"},"modified":"2022-11-18T08:38:04","modified_gmt":"2022-11-18T07:38:04","slug":"wybory-do-samorzadu-uczniowskiego-2","status":"publish","type":"post","link":"https:\/\/zsps.poznan.pl\/index.php\/wybory-do-samorzadu-uczniowskiego-2\/","title":{"rendered":"WYBORY DO SAMORZ\u0104DU UCZNIOWSKIEGO"},"content":{"rendered":"\t\t<div data-elementor-type=\"wp-post\" data-elementor-id=\"8332\" class=\"elementor elementor-8332\">\n\t\t\t\t\t\t<section class=\"elementor-section elementor-top-section elementor-element elementor-element-3ec9234 elementor-section-boxed elementor-section-height-default elementor-section-height-default\" data-id=\"3ec9234\" data-element_type=\"section\" data-e-type=\"section\">\n\t\t\t\t\t\t<div class=\"elementor-container elementor-column-gap-default\">\n\t\t\t\t\t<div class=\"elementor-column elementor-col-100 elementor-top-column elementor-element elementor-element-ca0e4ee\" data-id=\"ca0e4ee\" data-element_type=\"column\" data-e-type=\"column\">\n\t\t\t<div class=\"elementor-widget-wrap elementor-element-populated\">\n\t\t\t\t\t\t<div class=\"elementor-element elementor-element-195101d elementor-widget elementor-widget-text-editor\" data-id=\"195101d\" data-element_type=\"widget\" data-e-type=\"widget\" data-widget_type=\"text-editor.default\">\n\t\t\t\t<div class=\"elementor-widget-container\">\n\t\t\t\t\t\t\t\t\t<p>Ze wzgl\u0119du na obchody jubileuszu 70-lecia Szko\u0142y, tym razem wyj\u0105tkowo wybory do Zarz\u0105du Rady Uczniowskiej zosta\u0142y przesuni\u0119te na koniec pa\u017adziernika. Zwyci\u0119\u017cczyni\u0105 g\u0142osowania i zarazem now\u0105 przewodnicz\u0105c\u0105 Zarz\u0105du zosta\u0142a Julia \u015aLONZAK &#8211; z klasy 4P\u017bB, na kt\u00f3r\u0105 oddano 24,7% wa\u017cnych g\u0142os\u00f3w. Zast\u0119pc\u0105 przewodnicz\u0105cego zosta\u0142 Kacper POMIAN z klasy 3T, uzyskuj\u0105c 15,0% g\u0142os\u00f3w. Pozosta\u0142e miejsca zaj\u0119li: Jakub FILIPAK z klasy 2CP z wynikiem 14,8% oraz Vladyslav <strong>NEPOMNIASHCHYI<\/strong> z klasy 2\u017b, kt\u00f3ry uzyska\u0142 11,2% g\u0142os\u00f3w. W nowym Zarz\u0105dzie obejm\u0105 oni odpowiednio funkcj\u0119 sekretarza oraz skarbnika Rady Uczniowskiej. Pozostali kandydaci zasil\u0105 szeregi Rady Uczniowskiej. Wszystkim kandydatom gratulujemy ka\u017cdego pojedynczego zebranego g\u0142osu. To niew\u0105tpliwe Wasz sukces i dow\u00f3d zaufania jakim zostali\u015bcie obdarzeni przez elektorat \u2013 czyli szkolnych koleg\u00f3w i kole\u017canki. Dodatkowo zach\u0119camy wszystkich uczni\u00f3w szko\u0142y do w\u0142\u0105czenia si\u0119 w prace Samorz\u0105du Uczniowskiego. Zarz\u0105d Samorz\u0105du zosta\u0142 ju\u017c co prawda wybrany, ale ka\u017cdy ucze\u0144 pragn\u0105cy przys\u0142u\u017cy\u0107 si\u0119 naszej wsp\u00f3lnej sprawie (czyli naszej Szkole) jest na wag\u0119 z\u0142ota i jego wk\u0142ad nie zostanie pomini\u0119ty ani zapomniany. Zainteresowanych zapraszamy do kontaktu z opiekunami Samorz\u0105du Uczniowskiego \u2013 Profesorami: Ew\u0105 \u0141ukaszewsk\u0105 i Micha\u0142em W\u0142odarczakiem.<\/p><p>\u00a0<\/p><p>Opiekunowie SU<\/p>\t\t\t\t\t\t\t\t<\/div>\n\t\t\t\t<\/div>\n\t\t\t\t\t<\/div>\n\t\t<\/div>\n\t\t\t\t\t<\/div>\n\t\t<\/section>\n\t\t\t\t<section class=\"elementor-section elementor-top-section elementor-element elementor-element-0db675b elementor-section-boxed elementor-section-height-default elementor-section-height-default\" data-id=\"0db675b\" data-element_type=\"section\" data-e-type=\"section\">\n\t\t\t\t\t\t<div class=\"elementor-container elementor-column-gap-default\">\n\t\t\t\t\t<div class=\"elementor-column elementor-col-100 elementor-top-column elementor-element elementor-element-0642702\" data-id=\"0642702\" data-element_type=\"column\" data-e-type=\"column\">\n\t\t\t<div class=\"elementor-widget-wrap elementor-element-populated\">\n\t\t\t\t\t\t<div class=\"elementor-element elementor-element-d4590bb elementor-widget elementor-widget-image-gallery\" data-id=\"d4590bb\" data-element_type=\"widget\" data-e-type=\"widget\" data-widget_type=\"image-gallery.default\">\n\t\t\t\t<div class=\"elementor-widget-container\">\n\t\t\t\t\t\t\t<div class=\"elementor-image-gallery\">\n\t\t\t<div id='gallery-2' class='gallery galleryid-8332 gallery-columns-1 gallery-size-featured-blog-small'><figure class='gallery-item'>\n\t\t\t<div class='gallery-icon portrait'>\n\t\t\t\t<a data-elementor-open-lightbox=\"yes\" data-elementor-lightbox-slideshow=\"d4590bb\" data-e-action-hash=\"#elementor-action%3Aaction%3Dlightbox%26settings%3DeyJpZCI6ODMzMywidXJsIjoiaHR0cHM6XC9cL3pzcHMucG96bmFuLnBsXC93cC1jb250ZW50XC91cGxvYWRzXC8yMDIyXC8xMVwvMjAyMjEwMjFfMTIxMjQ3LmpwZyIsInNsaWRlc2hvdyI6ImQ0NTkwYmIifQ%3D%3D\" href='https:\/\/zsps.poznan.pl\/wp-content\/uploads\/2022\/11\/20221021_121247.jpg'><img fetchpriority=\"high\" decoding=\"async\" width=\"230\" height=\"230\" src=\"https:\/\/zsps.poznan.pl\/wp-content\/uploads\/2022\/11\/20221021_121247-230x230.jpg\" class=\"attachment-featured-blog-small size-featured-blog-small\" alt=\"\" srcset=\"https:\/\/zsps.poznan.pl\/wp-content\/uploads\/2022\/11\/20221021_121247-230x230.jpg 230w, https:\/\/zsps.poznan.pl\/wp-content\/uploads\/2022\/11\/20221021_121247-150x150.jpg 150w, https:\/\/zsps.poznan.pl\/wp-content\/uploads\/2022\/11\/20221021_121247-365x365.jpg 365w\" sizes=\"(max-width: 230px) 100vw, 230px\" \/><\/a>\n\t\t\t<\/div><\/figure>\n\t\t<\/div>\n\t\t<\/div>\n\t\t\t\t\t\t<\/div>\n\t\t\t\t<\/div>\n\t\t\t\t\t<\/div>\n\t\t<\/div>\n\t\t\t\t\t<\/div>\n\t\t<\/section>\n\t\t\t\t<\/div>\n\t\t","protected":false},"excerpt":{"rendered":"<p>Ze wzgl\u0119du na obchody jubileuszu 70-lecia Szko\u0142y, tym razem wyj\u0105tkowo wybory do Zarz\u0105du Rady Uczniowskiej zosta\u0142y przesuni\u0119te na koniec pa\u017adziernika. Zwyci\u0119\u017cczyni\u0105 g\u0142osowania i zarazem now\u0105 przewodnicz\u0105c\u0105 Zarz\u0105du zosta\u0142a Julia \u015aLONZAK &#8211; z klasy 4P\u017bB, na kt\u00f3r\u0105 oddano 24,7% wa\u017cnych g\u0142os\u00f3w.<\/p>\n","protected":false},"author":7,"featured_media":0,"comment_status":"closed","ping_status":"closed","sticky":false,"template":"","format":"standard","meta":{"footnotes":""},"categories":[1],"tags":[],"class_list":["post-8332","post","type-post","status-publish","format-standard","hentry","category-aktualnosci"],"yoast_head":"<!-- This site is optimized with the Yoast SEO plugin v27.4 - https:\/\/yoast.com\/product\/yoast-seo-wordpress\/ -->\n<title>WYBORY DO SAMORZ\u0104DU UCZNIOWSKIEGO - ZESP\u00d3\u0141 SZK\u00d3\u0141 PRZEMYS\u0141U SPO\u017bYWCZEGO<\/title>\n<meta name=\"robots\" content=\"index, follow, max-snippet:-1, max-image-preview:large, max-video-preview:-1\" \/>\n<link rel=\"canonical\" href=\"https:\/\/zsps.poznan.pl\/index.php\/wybory-do-samorzadu-uczniowskiego-2\/\" \/>\n<meta property=\"og:locale\" content=\"pl_PL\" \/>\n<meta property=\"og:type\" content=\"article\" \/>\n<meta property=\"og:title\" content=\"WYBORY DO SAMORZ\u0104DU UCZNIOWSKIEGO - ZESP\u00d3\u0141 SZK\u00d3\u0141 PRZEMYS\u0141U SPO\u017bYWCZEGO\" \/>\n<meta property=\"og:description\" content=\"Ze wzgl\u0119du na obchody jubileuszu 70-lecia Szko\u0142y, tym razem wyj\u0105tkowo wybory do Zarz\u0105du Rady Uczniowskiej zosta\u0142y przesuni\u0119te na koniec pa\u017adziernika. Zwyci\u0119\u017cczyni\u0105 g\u0142osowania i zarazem now\u0105 przewodnicz\u0105c\u0105 Zarz\u0105du zosta\u0142a Julia \u015aLONZAK &#8211; z klasy 4P\u017bB, na kt\u00f3r\u0105 oddano 24,7% wa\u017cnych g\u0142os\u00f3w.\" \/>\n<meta property=\"og:url\" content=\"https:\/\/zsps.poznan.pl\/index.php\/wybory-do-samorzadu-uczniowskiego-2\/\" \/>\n<meta property=\"og:site_name\" content=\"ZESP\u00d3\u0141 SZK\u00d3\u0141 PRZEMYS\u0141U SPO\u017bYWCZEGO\" \/>\n<meta property=\"article:publisher\" content=\"https:\/\/www.facebook.com\/zsps.poznan\" \/>\n<meta property=\"article:published_time\" content=\"2022-11-18T07:34:55+00:00\" \/>\n<meta property=\"article:modified_time\" content=\"2022-11-18T07:38:04+00:00\" \/>\n<meta property=\"og:image\" content=\"https:\/\/zsps.poznan.pl\/wp-content\/uploads\/2022\/11\/20221021_121247-230x230.jpg\" \/>\n<meta name=\"author\" content=\"barteckir\" \/>\n<meta name=\"twitter:card\" content=\"summary_large_image\" \/>\n<meta name=\"twitter:label1\" content=\"Napisane przez\" \/>\n\t<meta name=\"twitter:data1\" content=\"barteckir\" \/>\n\t<meta name=\"twitter:label2\" content=\"Szacowany czas czytania\" \/>\n\t<meta name=\"twitter:data2\" content=\"1 minuta\" \/>\n<script type=\"application\/ld+json\" class=\"yoast-schema-graph\">{\"@context\":\"https:\\\/\\\/schema.org\",\"@graph\":[{\"@type\":\"Article\",\"@id\":\"https:\\\/\\\/zsps.poznan.pl\\\/index.php\\\/wybory-do-samorzadu-uczniowskiego-2\\\/#article\",\"isPartOf\":{\"@id\":\"https:\\\/\\\/zsps.poznan.pl\\\/index.php\\\/wybory-do-samorzadu-uczniowskiego-2\\\/\"},\"author\":{\"name\":\"barteckir\",\"@id\":\"https:\\\/\\\/zsps.poznan.pl\\\/#\\\/schema\\\/person\\\/bd2786aff3d28d572ee3d08aa13cfba8\"},\"headline\":\"WYBORY DO SAMORZ\u0104DU UCZNIOWSKIEGO\",\"datePublished\":\"2022-11-18T07:34:55+00:00\",\"dateModified\":\"2022-11-18T07:38:04+00:00\",\"mainEntityOfPage\":{\"@id\":\"https:\\\/\\\/zsps.poznan.pl\\\/index.php\\\/wybory-do-samorzadu-uczniowskiego-2\\\/\"},\"wordCount\":226,\"publisher\":{\"@id\":\"https:\\\/\\\/zsps.poznan.pl\\\/#organization\"},\"image\":{\"@id\":\"https:\\\/\\\/zsps.poznan.pl\\\/index.php\\\/wybory-do-samorzadu-uczniowskiego-2\\\/#primaryimage\"},\"thumbnailUrl\":\"https:\\\/\\\/zsps.poznan.pl\\\/wp-content\\\/uploads\\\/2022\\\/11\\\/20221021_121247-230x230.jpg\",\"articleSection\":[\"Aktualno\u015bci\"],\"inLanguage\":\"pl-PL\"},{\"@type\":\"WebPage\",\"@id\":\"https:\\\/\\\/zsps.poznan.pl\\\/index.php\\\/wybory-do-samorzadu-uczniowskiego-2\\\/\",\"url\":\"https:\\\/\\\/zsps.poznan.pl\\\/index.php\\\/wybory-do-samorzadu-uczniowskiego-2\\\/\",\"name\":\"WYBORY DO SAMORZ\u0104DU UCZNIOWSKIEGO - ZESP\u00d3\u0141 SZK\u00d3\u0141 PRZEMYS\u0141U SPO\u017bYWCZEGO\",\"isPartOf\":{\"@id\":\"https:\\\/\\\/zsps.poznan.pl\\\/#website\"},\"primaryImageOfPage\":{\"@id\":\"https:\\\/\\\/zsps.poznan.pl\\\/index.php\\\/wybory-do-samorzadu-uczniowskiego-2\\\/#primaryimage\"},\"image\":{\"@id\":\"https:\\\/\\\/zsps.poznan.pl\\\/index.php\\\/wybory-do-samorzadu-uczniowskiego-2\\\/#primaryimage\"},\"thumbnailUrl\":\"https:\\\/\\\/zsps.poznan.pl\\\/wp-content\\\/uploads\\\/2022\\\/11\\\/20221021_121247-230x230.jpg\",\"datePublished\":\"2022-11-18T07:34:55+00:00\",\"dateModified\":\"2022-11-18T07:38:04+00:00\",\"breadcrumb\":{\"@id\":\"https:\\\/\\\/zsps.poznan.pl\\\/index.php\\\/wybory-do-samorzadu-uczniowskiego-2\\\/#breadcrumb\"},\"inLanguage\":\"pl-PL\",\"potentialAction\":[{\"@type\":\"ReadAction\",\"target\":[\"https:\\\/\\\/zsps.poznan.pl\\\/index.php\\\/wybory-do-samorzadu-uczniowskiego-2\\\/\"]}]},{\"@type\":\"ImageObject\",\"inLanguage\":\"pl-PL\",\"@id\":\"https:\\\/\\\/zsps.poznan.pl\\\/index.php\\\/wybory-do-samorzadu-uczniowskiego-2\\\/#primaryimage\",\"url\":\"https:\\\/\\\/zsps.poznan.pl\\\/wp-content\\\/uploads\\\/2022\\\/11\\\/20221021_121247.jpg\",\"contentUrl\":\"https:\\\/\\\/zsps.poznan.pl\\\/wp-content\\\/uploads\\\/2022\\\/11\\\/20221021_121247.jpg\",\"width\":750,\"height\":1000},{\"@type\":\"BreadcrumbList\",\"@id\":\"https:\\\/\\\/zsps.poznan.pl\\\/index.php\\\/wybory-do-samorzadu-uczniowskiego-2\\\/#breadcrumb\",\"itemListElement\":[{\"@type\":\"ListItem\",\"position\":1,\"name\":\"Strona g\u0142\u00f3wna\",\"item\":\"https:\\\/\\\/zsps.poznan.pl\\\/\"},{\"@type\":\"ListItem\",\"position\":2,\"name\":\"WYBORY DO SAMORZ\u0104DU UCZNIOWSKIEGO\"}]},{\"@type\":\"WebSite\",\"@id\":\"https:\\\/\\\/zsps.poznan.pl\\\/#website\",\"url\":\"https:\\\/\\\/zsps.poznan.pl\\\/\",\"name\":\"ZESP\u00d3\u0141 SZK\u00d3\u0141 PRZEMYS\u0141U SPO\u017bYWCZEGO\",\"description\":\"im. J. J. \u015aniadeckich w Poznaniu\",\"publisher\":{\"@id\":\"https:\\\/\\\/zsps.poznan.pl\\\/#organization\"},\"potentialAction\":[{\"@type\":\"SearchAction\",\"target\":{\"@type\":\"EntryPoint\",\"urlTemplate\":\"https:\\\/\\\/zsps.poznan.pl\\\/?s={search_term_string}\"},\"query-input\":{\"@type\":\"PropertyValueSpecification\",\"valueRequired\":true,\"valueName\":\"search_term_string\"}}],\"inLanguage\":\"pl-PL\"},{\"@type\":\"Organization\",\"@id\":\"https:\\\/\\\/zsps.poznan.pl\\\/#organization\",\"name\":\"Zesp\u00f3\u0142 Szk\u00f3\u0142 Przemys\u0142u Spo\u017cywczego\",\"url\":\"https:\\\/\\\/zsps.poznan.pl\\\/\",\"logo\":{\"@type\":\"ImageObject\",\"inLanguage\":\"pl-PL\",\"@id\":\"https:\\\/\\\/zsps.poznan.pl\\\/#\\\/schema\\\/logo\\\/image\\\/\",\"url\":\"\",\"contentUrl\":\"\",\"caption\":\"Zesp\u00f3\u0142 Szk\u00f3\u0142 Przemys\u0142u Spo\u017cywczego\"},\"image\":{\"@id\":\"https:\\\/\\\/zsps.poznan.pl\\\/#\\\/schema\\\/logo\\\/image\\\/\"},\"sameAs\":[\"https:\\\/\\\/www.facebook.com\\\/zsps.poznan\"]},{\"@type\":\"Person\",\"@id\":\"https:\\\/\\\/zsps.poznan.pl\\\/#\\\/schema\\\/person\\\/bd2786aff3d28d572ee3d08aa13cfba8\",\"name\":\"barteckir\",\"image\":{\"@type\":\"ImageObject\",\"inLanguage\":\"pl-PL\",\"@id\":\"https:\\\/\\\/secure.gravatar.com\\\/avatar\\\/467135196b1d7899a43486e26008f7675b9e000444ef035aa409397837c4cfd8?s=96&d=retro&r=g\",\"url\":\"https:\\\/\\\/secure.gravatar.com\\\/avatar\\\/467135196b1d7899a43486e26008f7675b9e000444ef035aa409397837c4cfd8?s=96&d=retro&r=g\",\"contentUrl\":\"https:\\\/\\\/secure.gravatar.com\\\/avatar\\\/467135196b1d7899a43486e26008f7675b9e000444ef035aa409397837c4cfd8?s=96&d=retro&r=g\",\"caption\":\"barteckir\"}}]}<\/script>\n<!-- \/ Yoast SEO plugin. -->","yoast_head_json":{"title":"WYBORY DO SAMORZ\u0104DU UCZNIOWSKIEGO - ZESP\u00d3\u0141 SZK\u00d3\u0141 PRZEMYS\u0141U SPO\u017bYWCZEGO","robots":{"index":"index","follow":"follow","max-snippet":"max-snippet:-1","max-image-preview":"max-image-preview:large","max-video-preview":"max-video-preview:-1"},"canonical":"https:\/\/zsps.poznan.pl\/index.php\/wybory-do-samorzadu-uczniowskiego-2\/","og_locale":"pl_PL","og_type":"article","og_title":"WYBORY DO SAMORZ\u0104DU UCZNIOWSKIEGO - ZESP\u00d3\u0141 SZK\u00d3\u0141 PRZEMYS\u0141U SPO\u017bYWCZEGO","og_description":"Ze wzgl\u0119du na obchody jubileuszu 70-lecia Szko\u0142y, tym razem wyj\u0105tkowo wybory do Zarz\u0105du Rady Uczniowskiej zosta\u0142y przesuni\u0119te na koniec pa\u017adziernika. Zwyci\u0119\u017cczyni\u0105 g\u0142osowania i zarazem now\u0105 przewodnicz\u0105c\u0105 Zarz\u0105du zosta\u0142a Julia \u015aLONZAK &#8211; z klasy 4P\u017bB, na kt\u00f3r\u0105 oddano 24,7% wa\u017cnych g\u0142os\u00f3w.","og_url":"https:\/\/zsps.poznan.pl\/index.php\/wybory-do-samorzadu-uczniowskiego-2\/","og_site_name":"ZESP\u00d3\u0141 SZK\u00d3\u0141 PRZEMYS\u0141U SPO\u017bYWCZEGO","article_publisher":"https:\/\/www.facebook.com\/zsps.poznan","article_published_time":"2022-11-18T07:34:55+00:00","article_modified_time":"2022-11-18T07:38:04+00:00","og_image":[{"url":"https:\/\/zsps.poznan.pl\/wp-content\/uploads\/2022\/11\/20221021_121247-230x230.jpg","type":"","width":"","height":""}],"author":"barteckir","twitter_card":"summary_large_image","twitter_misc":{"Napisane przez":"barteckir","Szacowany czas czytania":"1 minuta"},"schema":{"@context":"https:\/\/schema.org","@graph":[{"@type":"Article","@id":"https:\/\/zsps.poznan.pl\/index.php\/wybory-do-samorzadu-uczniowskiego-2\/#article","isPartOf":{"@id":"https:\/\/zsps.poznan.pl\/index.php\/wybory-do-samorzadu-uczniowskiego-2\/"},"author":{"name":"barteckir","@id":"https:\/\/zsps.poznan.pl\/#\/schema\/person\/bd2786aff3d28d572ee3d08aa13cfba8"},"headline":"WYBORY DO SAMORZ\u0104DU UCZNIOWSKIEGO","datePublished":"2022-11-18T07:34:55+00:00","dateModified":"2022-11-18T07:38:04+00:00","mainEntityOfPage":{"@id":"https:\/\/zsps.poznan.pl\/index.php\/wybory-do-samorzadu-uczniowskiego-2\/"},"wordCount":226,"publisher":{"@id":"https:\/\/zsps.poznan.pl\/#organization"},"image":{"@id":"https:\/\/zsps.poznan.pl\/index.php\/wybory-do-samorzadu-uczniowskiego-2\/#primaryimage"},"thumbnailUrl":"https:\/\/zsps.poznan.pl\/wp-content\/uploads\/2022\/11\/20221021_121247-230x230.jpg","articleSection":["Aktualno\u015bci"],"inLanguage":"pl-PL"},{"@type":"WebPage","@id":"https:\/\/zsps.poznan.pl\/index.php\/wybory-do-samorzadu-uczniowskiego-2\/","url":"https:\/\/zsps.poznan.pl\/index.php\/wybory-do-samorzadu-uczniowskiego-2\/","name":"WYBORY DO SAMORZ\u0104DU UCZNIOWSKIEGO - ZESP\u00d3\u0141 SZK\u00d3\u0141 PRZEMYS\u0141U SPO\u017bYWCZEGO","isPartOf":{"@id":"https:\/\/zsps.poznan.pl\/#website"},"primaryImageOfPage":{"@id":"https:\/\/zsps.poznan.pl\/index.php\/wybory-do-samorzadu-uczniowskiego-2\/#primaryimage"},"image":{"@id":"https:\/\/zsps.poznan.pl\/index.php\/wybory-do-samorzadu-uczniowskiego-2\/#primaryimage"},"thumbnailUrl":"https:\/\/zsps.poznan.pl\/wp-content\/uploads\/2022\/11\/20221021_121247-230x230.jpg","datePublished":"2022-11-18T07:34:55+00:00","dateModified":"2022-11-18T07:38:04+00:00","breadcrumb":{"@id":"https:\/\/zsps.poznan.pl\/index.php\/wybory-do-samorzadu-uczniowskiego-2\/#breadcrumb"},"inLanguage":"pl-PL","potentialAction":[{"@type":"ReadAction","target":["https:\/\/zsps.poznan.pl\/index.php\/wybory-do-samorzadu-uczniowskiego-2\/"]}]},{"@type":"ImageObject","inLanguage":"pl-PL","@id":"https:\/\/zsps.poznan.pl\/index.php\/wybory-do-samorzadu-uczniowskiego-2\/#primaryimage","url":"https:\/\/zsps.poznan.pl\/wp-content\/uploads\/2022\/11\/20221021_121247.jpg","contentUrl":"https:\/\/zsps.poznan.pl\/wp-content\/uploads\/2022\/11\/20221021_121247.jpg","width":750,"height":1000},{"@type":"BreadcrumbList","@id":"https:\/\/zsps.poznan.pl\/index.php\/wybory-do-samorzadu-uczniowskiego-2\/#breadcrumb","itemListElement":[{"@type":"ListItem","position":1,"name":"Strona g\u0142\u00f3wna","item":"https:\/\/zsps.poznan.pl\/"},{"@type":"ListItem","position":2,"name":"WYBORY DO SAMORZ\u0104DU UCZNIOWSKIEGO"}]},{"@type":"WebSite","@id":"https:\/\/zsps.poznan.pl\/#website","url":"https:\/\/zsps.poznan.pl\/","name":"ZESP\u00d3\u0141 SZK\u00d3\u0141 PRZEMYS\u0141U SPO\u017bYWCZEGO","description":"im. J. J. \u015aniadeckich w Poznaniu","publisher":{"@id":"https:\/\/zsps.poznan.pl\/#organization"},"potentialAction":[{"@type":"SearchAction","target":{"@type":"EntryPoint","urlTemplate":"https:\/\/zsps.poznan.pl\/?s={search_term_string}"},"query-input":{"@type":"PropertyValueSpecification","valueRequired":true,"valueName":"search_term_string"}}],"inLanguage":"pl-PL"},{"@type":"Organization","@id":"https:\/\/zsps.poznan.pl\/#organization","name":"Zesp\u00f3\u0142 Szk\u00f3\u0142 Przemys\u0142u Spo\u017cywczego","url":"https:\/\/zsps.poznan.pl\/","logo":{"@type":"ImageObject","inLanguage":"pl-PL","@id":"https:\/\/zsps.poznan.pl\/#\/schema\/logo\/image\/","url":"","contentUrl":"","caption":"Zesp\u00f3\u0142 Szk\u00f3\u0142 Przemys\u0142u Spo\u017cywczego"},"image":{"@id":"https:\/\/zsps.poznan.pl\/#\/schema\/logo\/image\/"},"sameAs":["https:\/\/www.facebook.com\/zsps.poznan"]},{"@type":"Person","@id":"https:\/\/zsps.poznan.pl\/#\/schema\/person\/bd2786aff3d28d572ee3d08aa13cfba8","name":"barteckir","image":{"@type":"ImageObject","inLanguage":"pl-PL","@id":"https:\/\/secure.gravatar.com\/avatar\/467135196b1d7899a43486e26008f7675b9e000444ef035aa409397837c4cfd8?s=96&d=retro&r=g","url":"https:\/\/secure.gravatar.com\/avatar\/467135196b1d7899a43486e26008f7675b9e000444ef035aa409397837c4cfd8?s=96&d=retro&r=g","contentUrl":"https:\/\/secure.gravatar.com\/avatar\/467135196b1d7899a43486e26008f7675b9e000444ef035aa409397837c4cfd8?s=96&d=retro&r=g","caption":"barteckir"}}]}},"_links":{"self":[{"href":"https:\/\/zsps.poznan.pl\/index.php\/wp-json\/wp\/v2\/posts\/8332","targetHints":{"allow":["GET"]}}],"collection":[{"href":"https:\/\/zsps.poznan.pl\/index.php\/wp-json\/wp\/v2\/posts"}],"about":[{"href":"https:\/\/zsps.poznan.pl\/index.php\/wp-json\/wp\/v2\/types\/post"}],"author":[{"embeddable":true,"href":"https:\/\/zsps.poznan.pl\/index.php\/wp-json\/wp\/v2\/users\/7"}],"replies":[{"embeddable":true,"href":"https:\/\/zsps.poznan.pl\/index.php\/wp-json\/wp\/v2\/comments?post=8332"}],"version-history":[{"count":3,"href":"https:\/\/zsps.poznan.pl\/index.php\/wp-json\/wp\/v2\/posts\/8332\/revisions"}],"predecessor-version":[{"id":8336,"href":"https:\/\/zsps.poznan.pl\/index.php\/wp-json\/wp\/v2\/posts\/8332\/revisions\/8336"}],"wp:attachment":[{"href":"https:\/\/zsps.poznan.pl\/index.php\/wp-json\/wp\/v2\/media?parent=8332"}],"wp:term":[{"taxonomy":"category","embeddable":true,"href":"https:\/\/zsps.poznan.pl\/index.php\/wp-json\/wp\/v2\/categories?post=8332"},{"taxonomy":"post_tag","embeddable":true,"href":"https:\/\/zsps.poznan.pl\/index.php\/wp-json\/wp\/v2\/tags?post=8332"}],"curies":[{"name":"wp","href":"https:\/\/api.w.org\/{rel}","templated":true}]}}