{"id":8956,"date":"2023-02-23T16:14:06","date_gmt":"2023-02-23T15:14:06","guid":{"rendered":"https:\/\/zsps.poznan.pl\/?p=8956"},"modified":"2023-02-23T16:14:42","modified_gmt":"2023-02-23T15:14:42","slug":"wycieczka-edukacyjna-do-garden-city","status":"publish","type":"post","link":"https:\/\/zsps.poznan.pl\/index.php\/wycieczka-edukacyjna-do-garden-city\/","title":{"rendered":"WYCIECZKA EDUKACYJNA DO GARDEN CITY"},"content":{"rendered":"\t\t<div data-elementor-type=\"wp-post\" data-elementor-id=\"8956\" class=\"elementor elementor-8956\">\n\t\t\t\t\t\t<section class=\"elementor-section elementor-top-section elementor-element elementor-element-6e77aa3 elementor-section-boxed elementor-section-height-default elementor-section-height-default\" data-id=\"6e77aa3\" data-element_type=\"section\" data-e-type=\"section\">\n\t\t\t\t\t\t<div class=\"elementor-container elementor-column-gap-default\">\n\t\t\t\t\t<div class=\"elementor-column elementor-col-100 elementor-top-column elementor-element elementor-element-250e2ab\" data-id=\"250e2ab\" data-element_type=\"column\" data-e-type=\"column\">\n\t\t\t<div class=\"elementor-widget-wrap elementor-element-populated\">\n\t\t\t\t\t\t<div class=\"elementor-element elementor-element-8c00f98 elementor-widget elementor-widget-text-editor\" data-id=\"8c00f98\" data-element_type=\"widget\" data-e-type=\"widget\" data-widget_type=\"text-editor.default\">\n\t\t\t\t<div class=\"elementor-widget-container\">\n\t\t\t\t\t\t\t\t\t<p>W tygodniu przed feriami klasa 2t wraz z wychowawczyni\u0105 go\u015bci\u0142a w Garden City na terenie Mi\u0119dzynarodowych Targ\u00f3w Pozna\u0144skich. Jest to trzypoziomowy kompleks restauracyjno \u2013 eventowy, kt\u00f3ry tworz\u0105 \u00a0designerskie restauracje i sale bankietowe: Oregano and Wine, Basilico Bistro, Saffro, Vanilla, Cinnamon i Tabasco. Profesjonalne podej\u015bcie do spraw przygotowania i serwowania posi\u0142k\u00f3w, organizowania konferencji i imprez otwartych przybli\u017cy\u0142 nam Szef Kuchni Tomasz Zdrenka &#8211; zwyci\u0119zca Kulinarnego Pucharu Polski oraz laureat wielu mi\u0119dzynarodowych konkurs\u00f3w kulinarnych, za co gor\u0105co dzi\u0119kujemy. Osobi\u015bcie mogli\u015bmy si\u0119 przekona\u0107, \u017ce dania przygotowywane dla go\u015bci <br \/>to ma\u0142e dzie\u0142a sztuki, kt\u00f3re rozp\u0142ywaj\u0105 si\u0119 w ustach. Dla m\u0142odzie\u017cy by\u0142a to niepowtarzalna okazja zetkni\u0119cia si\u0119 z pe\u0142nym profesjonalizmem.<\/p><p>Urszula Cicha<\/p>\t\t\t\t\t\t\t\t<\/div>\n\t\t\t\t<\/div>\n\t\t\t\t\t<\/div>\n\t\t<\/div>\n\t\t\t\t\t<\/div>\n\t\t<\/section>\n\t\t\t\t<section class=\"elementor-section elementor-top-section elementor-element elementor-element-f494ceb elementor-section-boxed elementor-section-height-default elementor-section-height-default\" data-id=\"f494ceb\" data-element_type=\"section\" data-e-type=\"section\">\n\t\t\t\t\t\t<div class=\"elementor-container elementor-column-gap-default\">\n\t\t\t\t\t<div class=\"elementor-column elementor-col-100 elementor-top-column elementor-element elementor-element-a528d7b\" data-id=\"a528d7b\" data-element_type=\"column\" data-e-type=\"column\">\n\t\t\t<div class=\"elementor-widget-wrap elementor-element-populated\">\n\t\t\t\t\t\t<div class=\"elementor-element elementor-element-df1e831 elementor-widget elementor-widget-image-gallery\" data-id=\"df1e831\" data-element_type=\"widget\" data-e-type=\"widget\" data-widget_type=\"image-gallery.default\">\n\t\t\t\t<div class=\"elementor-widget-container\">\n\t\t\t\t\t\t\t<div class=\"elementor-image-gallery\">\n\t\t\t<div id='gallery-1' class='gallery galleryid-8956 gallery-columns-7 gallery-size-thumbnail'><figure class='gallery-item'>\n\t\t\t<div class='gallery-icon landscape'>\n\t\t\t\t<a data-elementor-open-lightbox=\"yes\" data-elementor-lightbox-slideshow=\"df1e831\" data-e-action-hash=\"#elementor-action%3Aaction%3Dlightbox%26settings%3DeyJpZCI6ODk1OSwidXJsIjoiaHR0cHM6XC9cL3pzcHMucG96bmFuLnBsXC93cC1jb250ZW50XC91cGxvYWRzXC8yMDIzXC8wMlwvMjAyMzAxMjdfMTIyMzUyLmpwZyIsInNsaWRlc2hvdyI6ImRmMWU4MzEifQ%3D%3D\" href='https:\/\/zsps.poznan.pl\/wp-content\/uploads\/2023\/02\/20230127_122352.jpg'><img decoding=\"async\" width=\"150\" height=\"150\" src=\"https:\/\/zsps.poznan.pl\/wp-content\/uploads\/2023\/02\/20230127_122352-150x150.jpg\" class=\"attachment-thumbnail size-thumbnail\" alt=\"\" srcset=\"https:\/\/zsps.poznan.pl\/wp-content\/uploads\/2023\/02\/20230127_122352-150x150.jpg 150w, https:\/\/zsps.poznan.pl\/wp-content\/uploads\/2023\/02\/20230127_122352-230x230.jpg 230w, https:\/\/zsps.poznan.pl\/wp-content\/uploads\/2023\/02\/20230127_122352-365x365.jpg 365w\" sizes=\"(max-width: 150px) 100vw, 150px\" \/><\/a>\n\t\t\t<\/div><\/figure><figure class='gallery-item'>\n\t\t\t<div class='gallery-icon landscape'>\n\t\t\t\t<a data-elementor-open-lightbox=\"yes\" data-elementor-lightbox-slideshow=\"df1e831\" data-e-action-hash=\"#elementor-action%3Aaction%3Dlightbox%26settings%3DeyJpZCI6ODk1NywidXJsIjoiaHR0cHM6XC9cL3pzcHMucG96bmFuLnBsXC93cC1jb250ZW50XC91cGxvYWRzXC8yMDIzXC8wMlwvMjAyMzAxMjdfMTIyNDE0MC5qcGciLCJzbGlkZXNob3ciOiJkZjFlODMxIn0%3D\" href='https:\/\/zsps.poznan.pl\/wp-content\/uploads\/2023\/02\/20230127_1224140.jpg'><img decoding=\"async\" width=\"150\" height=\"150\" src=\"https:\/\/zsps.poznan.pl\/wp-content\/uploads\/2023\/02\/20230127_1224140-150x150.jpg\" class=\"attachment-thumbnail size-thumbnail\" alt=\"\" srcset=\"https:\/\/zsps.poznan.pl\/wp-content\/uploads\/2023\/02\/20230127_1224140-150x150.jpg 150w, https:\/\/zsps.poznan.pl\/wp-content\/uploads\/2023\/02\/20230127_1224140-230x230.jpg 230w, https:\/\/zsps.poznan.pl\/wp-content\/uploads\/2023\/02\/20230127_1224140-365x365.jpg 365w\" sizes=\"(max-width: 150px) 100vw, 150px\" \/><\/a>\n\t\t\t<\/div><\/figure><figure class='gallery-item'>\n\t\t\t<div class='gallery-icon landscape'>\n\t\t\t\t<a data-elementor-open-lightbox=\"yes\" data-elementor-lightbox-slideshow=\"df1e831\" data-e-action-hash=\"#elementor-action%3Aaction%3Dlightbox%26settings%3DeyJpZCI6ODk2NywidXJsIjoiaHR0cHM6XC9cL3pzcHMucG96bmFuLnBsXC93cC1jb250ZW50XC91cGxvYWRzXC8yMDIzXC8wMlwvMjAyMzAxMjdfMTAzMzEzLmpwZyIsInNsaWRlc2hvdyI6ImRmMWU4MzEifQ%3D%3D\" href='https:\/\/zsps.poznan.pl\/wp-content\/uploads\/2023\/02\/20230127_103313.jpg'><img decoding=\"async\" width=\"150\" height=\"150\" src=\"https:\/\/zsps.poznan.pl\/wp-content\/uploads\/2023\/02\/20230127_103313-150x150.jpg\" class=\"attachment-thumbnail size-thumbnail\" alt=\"\" srcset=\"https:\/\/zsps.poznan.pl\/wp-content\/uploads\/2023\/02\/20230127_103313-150x150.jpg 150w, https:\/\/zsps.poznan.pl\/wp-content\/uploads\/2023\/02\/20230127_103313-230x230.jpg 230w, https:\/\/zsps.poznan.pl\/wp-content\/uploads\/2023\/02\/20230127_103313-365x365.jpg 365w\" sizes=\"(max-width: 150px) 100vw, 150px\" \/><\/a>\n\t\t\t<\/div><\/figure><figure class='gallery-item'>\n\t\t\t<div class='gallery-icon landscape'>\n\t\t\t\t<a data-elementor-open-lightbox=\"yes\" data-elementor-lightbox-slideshow=\"df1e831\" data-e-action-hash=\"#elementor-action%3Aaction%3Dlightbox%26settings%3DeyJpZCI6ODk2OCwidXJsIjoiaHR0cHM6XC9cL3pzcHMucG96bmFuLnBsXC93cC1jb250ZW50XC91cGxvYWRzXC8yMDIzXC8wMlwvMjAyMzAxMjdfMTAxNzE2LmpwZyIsInNsaWRlc2hvdyI6ImRmMWU4MzEifQ%3D%3D\" href='https:\/\/zsps.poznan.pl\/wp-content\/uploads\/2023\/02\/20230127_101716.jpg'><img loading=\"lazy\" decoding=\"async\" width=\"150\" height=\"150\" src=\"https:\/\/zsps.poznan.pl\/wp-content\/uploads\/2023\/02\/20230127_101716-150x150.jpg\" class=\"attachment-thumbnail size-thumbnail\" alt=\"\" srcset=\"https:\/\/zsps.poznan.pl\/wp-content\/uploads\/2023\/02\/20230127_101716-150x150.jpg 150w, https:\/\/zsps.poznan.pl\/wp-content\/uploads\/2023\/02\/20230127_101716-230x230.jpg 230w, https:\/\/zsps.poznan.pl\/wp-content\/uploads\/2023\/02\/20230127_101716-365x365.jpg 365w\" sizes=\"(max-width: 150px) 100vw, 150px\" \/><\/a>\n\t\t\t<\/div><\/figure><figure class='gallery-item'>\n\t\t\t<div class='gallery-icon landscape'>\n\t\t\t\t<a data-elementor-open-lightbox=\"yes\" data-elementor-lightbox-slideshow=\"df1e831\" data-e-action-hash=\"#elementor-action%3Aaction%3Dlightbox%26settings%3DeyJpZCI6ODk2NCwidXJsIjoiaHR0cHM6XC9cL3pzcHMucG96bmFuLnBsXC93cC1jb250ZW50XC91cGxvYWRzXC8yMDIzXC8wMlwvMjAyMzAxMjdfMTA0NjU3LmpwZyIsInNsaWRlc2hvdyI6ImRmMWU4MzEifQ%3D%3D\" href='https:\/\/zsps.poznan.pl\/wp-content\/uploads\/2023\/02\/20230127_104657.jpg'><img loading=\"lazy\" decoding=\"async\" width=\"150\" height=\"150\" src=\"https:\/\/zsps.poznan.pl\/wp-content\/uploads\/2023\/02\/20230127_104657-150x150.jpg\" class=\"attachment-thumbnail size-thumbnail\" alt=\"\" srcset=\"https:\/\/zsps.poznan.pl\/wp-content\/uploads\/2023\/02\/20230127_104657-150x150.jpg 150w, https:\/\/zsps.poznan.pl\/wp-content\/uploads\/2023\/02\/20230127_104657-230x230.jpg 230w, https:\/\/zsps.poznan.pl\/wp-content\/uploads\/2023\/02\/20230127_104657-365x365.jpg 365w\" sizes=\"(max-width: 150px) 100vw, 150px\" \/><\/a>\n\t\t\t<\/div><\/figure><figure class='gallery-item'>\n\t\t\t<div class='gallery-icon landscape'>\n\t\t\t\t<a data-elementor-open-lightbox=\"yes\" data-elementor-lightbox-slideshow=\"df1e831\" data-e-action-hash=\"#elementor-action%3Aaction%3Dlightbox%26settings%3DeyJpZCI6ODk2NSwidXJsIjoiaHR0cHM6XC9cL3pzcHMucG96bmFuLnBsXC93cC1jb250ZW50XC91cGxvYWRzXC8yMDIzXC8wMlwvMjAyMzAxMjdfMTA0NzE3LmpwZyIsInNsaWRlc2hvdyI6ImRmMWU4MzEifQ%3D%3D\" href='https:\/\/zsps.poznan.pl\/wp-content\/uploads\/2023\/02\/20230127_104717.jpg'><img loading=\"lazy\" decoding=\"async\" width=\"150\" height=\"150\" src=\"https:\/\/zsps.poznan.pl\/wp-content\/uploads\/2023\/02\/20230127_104717-150x150.jpg\" class=\"attachment-thumbnail size-thumbnail\" alt=\"\" srcset=\"https:\/\/zsps.poznan.pl\/wp-content\/uploads\/2023\/02\/20230127_104717-150x150.jpg 150w, https:\/\/zsps.poznan.pl\/wp-content\/uploads\/2023\/02\/20230127_104717-230x230.jpg 230w, https:\/\/zsps.poznan.pl\/wp-content\/uploads\/2023\/02\/20230127_104717-365x365.jpg 365w\" sizes=\"(max-width: 150px) 100vw, 150px\" \/><\/a>\n\t\t\t<\/div><\/figure><figure class='gallery-item'>\n\t\t\t<div class='gallery-icon landscape'>\n\t\t\t\t<a data-elementor-open-lightbox=\"yes\" data-elementor-lightbox-slideshow=\"df1e831\" data-e-action-hash=\"#elementor-action%3Aaction%3Dlightbox%26settings%3DeyJpZCI6ODk2OSwidXJsIjoiaHR0cHM6XC9cL3pzcHMucG96bmFuLnBsXC93cC1jb250ZW50XC91cGxvYWRzXC8yMDIzXC8wMlwvMjAyMzAxMjdfMTAxNzMwLmpwZyIsInNsaWRlc2hvdyI6ImRmMWU4MzEifQ%3D%3D\" href='https:\/\/zsps.poznan.pl\/wp-content\/uploads\/2023\/02\/20230127_101730.jpg'><img loading=\"lazy\" decoding=\"async\" width=\"150\" height=\"150\" src=\"https:\/\/zsps.poznan.pl\/wp-content\/uploads\/2023\/02\/20230127_101730-150x150.jpg\" class=\"attachment-thumbnail size-thumbnail\" alt=\"\" srcset=\"https:\/\/zsps.poznan.pl\/wp-content\/uploads\/2023\/02\/20230127_101730-150x150.jpg 150w, https:\/\/zsps.poznan.pl\/wp-content\/uploads\/2023\/02\/20230127_101730-230x230.jpg 230w, https:\/\/zsps.poznan.pl\/wp-content\/uploads\/2023\/02\/20230127_101730-365x365.jpg 365w\" sizes=\"(max-width: 150px) 100vw, 150px\" \/><\/a>\n\t\t\t<\/div><\/figure><figure class='gallery-item'>\n\t\t\t<div class='gallery-icon landscape'>\n\t\t\t\t<a data-elementor-open-lightbox=\"yes\" data-elementor-lightbox-slideshow=\"df1e831\" data-e-action-hash=\"#elementor-action%3Aaction%3Dlightbox%26settings%3DeyJpZCI6ODk1OCwidXJsIjoiaHR0cHM6XC9cL3pzcHMucG96bmFuLnBsXC93cC1jb250ZW50XC91cGxvYWRzXC8yMDIzXC8wMlwvMjAyMzAxMjdfMTE1ODM1LmpwZyIsInNsaWRlc2hvdyI6ImRmMWU4MzEifQ%3D%3D\" href='https:\/\/zsps.poznan.pl\/wp-content\/uploads\/2023\/02\/20230127_115835.jpg'><img loading=\"lazy\" decoding=\"async\" width=\"150\" height=\"150\" src=\"https:\/\/zsps.poznan.pl\/wp-content\/uploads\/2023\/02\/20230127_115835-150x150.jpg\" class=\"attachment-thumbnail size-thumbnail\" alt=\"\" srcset=\"https:\/\/zsps.poznan.pl\/wp-content\/uploads\/2023\/02\/20230127_115835-150x150.jpg 150w, https:\/\/zsps.poznan.pl\/wp-content\/uploads\/2023\/02\/20230127_115835-230x230.jpg 230w, https:\/\/zsps.poznan.pl\/wp-content\/uploads\/2023\/02\/20230127_115835-365x365.jpg 365w\" sizes=\"(max-width: 150px) 100vw, 150px\" \/><\/a>\n\t\t\t<\/div><\/figure><figure class='gallery-item'>\n\t\t\t<div class='gallery-icon landscape'>\n\t\t\t\t<a data-elementor-open-lightbox=\"yes\" data-elementor-lightbox-slideshow=\"df1e831\" data-e-action-hash=\"#elementor-action%3Aaction%3Dlightbox%26settings%3DeyJpZCI6ODk2MCwidXJsIjoiaHR0cHM6XC9cL3pzcHMucG96bmFuLnBsXC93cC1jb250ZW50XC91cGxvYWRzXC8yMDIzXC8wMlwvMjAyMzAxMjdfMTA1ODMyLmpwZyIsInNsaWRlc2hvdyI6ImRmMWU4MzEifQ%3D%3D\" href='https:\/\/zsps.poznan.pl\/wp-content\/uploads\/2023\/02\/20230127_105832.jpg'><img loading=\"lazy\" decoding=\"async\" width=\"150\" height=\"150\" src=\"https:\/\/zsps.poznan.pl\/wp-content\/uploads\/2023\/02\/20230127_105832-150x150.jpg\" class=\"attachment-thumbnail size-thumbnail\" alt=\"\" srcset=\"https:\/\/zsps.poznan.pl\/wp-content\/uploads\/2023\/02\/20230127_105832-150x150.jpg 150w, https:\/\/zsps.poznan.pl\/wp-content\/uploads\/2023\/02\/20230127_105832-230x230.jpg 230w, https:\/\/zsps.poznan.pl\/wp-content\/uploads\/2023\/02\/20230127_105832-365x365.jpg 365w\" sizes=\"(max-width: 150px) 100vw, 150px\" \/><\/a>\n\t\t\t<\/div><\/figure><figure class='gallery-item'>\n\t\t\t<div class='gallery-icon landscape'>\n\t\t\t\t<a data-elementor-open-lightbox=\"yes\" data-elementor-lightbox-slideshow=\"df1e831\" data-e-action-hash=\"#elementor-action%3Aaction%3Dlightbox%26settings%3DeyJpZCI6ODk2MSwidXJsIjoiaHR0cHM6XC9cL3pzcHMucG96bmFuLnBsXC93cC1jb250ZW50XC91cGxvYWRzXC8yMDIzXC8wMlwvMjAyMzAxMjdfMTA1OTQ3LmpwZyIsInNsaWRlc2hvdyI6ImRmMWU4MzEifQ%3D%3D\" href='https:\/\/zsps.poznan.pl\/wp-content\/uploads\/2023\/02\/20230127_105947.jpg'><img loading=\"lazy\" decoding=\"async\" width=\"150\" height=\"150\" src=\"https:\/\/zsps.poznan.pl\/wp-content\/uploads\/2023\/02\/20230127_105947-150x150.jpg\" class=\"attachment-thumbnail size-thumbnail\" alt=\"\" srcset=\"https:\/\/zsps.poznan.pl\/wp-content\/uploads\/2023\/02\/20230127_105947-150x150.jpg 150w, https:\/\/zsps.poznan.pl\/wp-content\/uploads\/2023\/02\/20230127_105947-230x230.jpg 230w, https:\/\/zsps.poznan.pl\/wp-content\/uploads\/2023\/02\/20230127_105947-365x365.jpg 365w\" sizes=\"(max-width: 150px) 100vw, 150px\" \/><\/a>\n\t\t\t<\/div><\/figure><figure class='gallery-item'>\n\t\t\t<div class='gallery-icon portrait'>\n\t\t\t\t<a data-elementor-open-lightbox=\"yes\" data-elementor-lightbox-slideshow=\"df1e831\" data-e-action-hash=\"#elementor-action%3Aaction%3Dlightbox%26settings%3DeyJpZCI6ODk2MiwidXJsIjoiaHR0cHM6XC9cL3pzcHMucG96bmFuLnBsXC93cC1jb250ZW50XC91cGxvYWRzXC8yMDIzXC8wMlwvMjAyMzAxMjdfMTA0NzU0LmpwZyIsInNsaWRlc2hvdyI6ImRmMWU4MzEifQ%3D%3D\" href='https:\/\/zsps.poznan.pl\/wp-content\/uploads\/2023\/02\/20230127_104754.jpg'><img loading=\"lazy\" decoding=\"async\" width=\"150\" height=\"150\" src=\"https:\/\/zsps.poznan.pl\/wp-content\/uploads\/2023\/02\/20230127_104754-150x150.jpg\" class=\"attachment-thumbnail size-thumbnail\" alt=\"\" srcset=\"https:\/\/zsps.poznan.pl\/wp-content\/uploads\/2023\/02\/20230127_104754-150x150.jpg 150w, https:\/\/zsps.poznan.pl\/wp-content\/uploads\/2023\/02\/20230127_104754-230x230.jpg 230w, https:\/\/zsps.poznan.pl\/wp-content\/uploads\/2023\/02\/20230127_104754-365x365.jpg 365w\" sizes=\"(max-width: 150px) 100vw, 150px\" \/><\/a>\n\t\t\t<\/div><\/figure><figure class='gallery-item'>\n\t\t\t<div class='gallery-icon landscape'>\n\t\t\t\t<a data-elementor-open-lightbox=\"yes\" data-elementor-lightbox-slideshow=\"df1e831\" data-e-action-hash=\"#elementor-action%3Aaction%3Dlightbox%26settings%3DeyJpZCI6ODk2MywidXJsIjoiaHR0cHM6XC9cL3pzcHMucG96bmFuLnBsXC93cC1jb250ZW50XC91cGxvYWRzXC8yMDIzXC8wMlwvMjAyMzAxMjdfMTA1NDM5LmpwZyIsInNsaWRlc2hvdyI6ImRmMWU4MzEifQ%3D%3D\" href='https:\/\/zsps.poznan.pl\/wp-content\/uploads\/2023\/02\/20230127_105439.jpg'><img loading=\"lazy\" decoding=\"async\" width=\"150\" height=\"150\" src=\"https:\/\/zsps.poznan.pl\/wp-content\/uploads\/2023\/02\/20230127_105439-150x150.jpg\" class=\"attachment-thumbnail size-thumbnail\" alt=\"\" srcset=\"https:\/\/zsps.poznan.pl\/wp-content\/uploads\/2023\/02\/20230127_105439-150x150.jpg 150w, https:\/\/zsps.poznan.pl\/wp-content\/uploads\/2023\/02\/20230127_105439-230x230.jpg 230w, https:\/\/zsps.poznan.pl\/wp-content\/uploads\/2023\/02\/20230127_105439-365x365.jpg 365w\" sizes=\"(max-width: 150px) 100vw, 150px\" \/><\/a>\n\t\t\t<\/div><\/figure><figure class='gallery-item'>\n\t\t\t<div class='gallery-icon landscape'>\n\t\t\t\t<a data-elementor-open-lightbox=\"yes\" data-elementor-lightbox-slideshow=\"df1e831\" data-e-action-hash=\"#elementor-action%3Aaction%3Dlightbox%26settings%3DeyJpZCI6ODk2NiwidXJsIjoiaHR0cHM6XC9cL3pzcHMucG96bmFuLnBsXC93cC1jb250ZW50XC91cGxvYWRzXC8yMDIzXC8wMlwvMjAyMzAxMjdfMTAxNzU3LmpwZyIsInNsaWRlc2hvdyI6ImRmMWU4MzEifQ%3D%3D\" href='https:\/\/zsps.poznan.pl\/wp-content\/uploads\/2023\/02\/20230127_101757.jpg'><img loading=\"lazy\" decoding=\"async\" width=\"150\" height=\"150\" src=\"https:\/\/zsps.poznan.pl\/wp-content\/uploads\/2023\/02\/20230127_101757-150x150.jpg\" class=\"attachment-thumbnail size-thumbnail\" alt=\"\" srcset=\"https:\/\/zsps.poznan.pl\/wp-content\/uploads\/2023\/02\/20230127_101757-150x150.jpg 150w, https:\/\/zsps.poznan.pl\/wp-content\/uploads\/2023\/02\/20230127_101757-230x230.jpg 230w, https:\/\/zsps.poznan.pl\/wp-content\/uploads\/2023\/02\/20230127_101757-365x365.jpg 365w\" sizes=\"(max-width: 150px) 100vw, 150px\" \/><\/a>\n\t\t\t<\/div><\/figure>\n\t\t<\/div>\n\t\t<\/div>\n\t\t\t\t\t\t<\/div>\n\t\t\t\t<\/div>\n\t\t\t\t\t<\/div>\n\t\t<\/div>\n\t\t\t\t\t<\/div>\n\t\t<\/section>\n\t\t\t\t<\/div>\n\t\t","protected":false},"excerpt":{"rendered":"<p>W tygodniu przed feriami klasa 2t wraz z wychowawczyni\u0105 go\u015bci\u0142a w Garden City na terenie Mi\u0119dzynarodowych Targ\u00f3w Pozna\u0144skich. Jest to trzypoziomowy kompleks restauracyjno \u2013 eventowy, kt\u00f3ry tworz\u0105 \u00a0designerskie restauracje i sale bankietowe: Oregano and Wine, Basilico Bistro, Saffro, Vanilla, Cinnamon<\/p>\n","protected":false},"author":7,"featured_media":0,"comment_status":"closed","ping_status":"closed","sticky":false,"template":"","format":"standard","meta":{"footnotes":""},"categories":[1],"tags":[],"class_list":["post-8956","post","type-post","status-publish","format-standard","hentry","category-aktualnosci"],"yoast_head":"<!-- This site is optimized with the Yoast SEO plugin v27.5 - https:\/\/yoast.com\/product\/yoast-seo-wordpress\/ -->\n<title>WYCIECZKA EDUKACYJNA DO GARDEN CITY - ZESP\u00d3\u0141 SZK\u00d3\u0141 PRZEMYS\u0141U SPO\u017bYWCZEGO<\/title>\n<meta name=\"robots\" content=\"index, follow, max-snippet:-1, max-image-preview:large, max-video-preview:-1\" \/>\n<link rel=\"canonical\" href=\"https:\/\/zsps.poznan.pl\/index.php\/wycieczka-edukacyjna-do-garden-city\/\" \/>\n<meta property=\"og:locale\" content=\"pl_PL\" \/>\n<meta property=\"og:type\" content=\"article\" \/>\n<meta property=\"og:title\" content=\"WYCIECZKA EDUKACYJNA DO GARDEN CITY - ZESP\u00d3\u0141 SZK\u00d3\u0141 PRZEMYS\u0141U SPO\u017bYWCZEGO\" \/>\n<meta property=\"og:description\" content=\"W tygodniu przed feriami klasa 2t wraz z wychowawczyni\u0105 go\u015bci\u0142a w Garden City na terenie Mi\u0119dzynarodowych Targ\u00f3w Pozna\u0144skich. Jest to trzypoziomowy kompleks restauracyjno \u2013 eventowy, kt\u00f3ry tworz\u0105 \u00a0designerskie restauracje i sale bankietowe: Oregano and Wine, Basilico Bistro, Saffro, Vanilla, Cinnamon\" \/>\n<meta property=\"og:url\" content=\"https:\/\/zsps.poznan.pl\/index.php\/wycieczka-edukacyjna-do-garden-city\/\" \/>\n<meta property=\"og:site_name\" content=\"ZESP\u00d3\u0141 SZK\u00d3\u0141 PRZEMYS\u0141U SPO\u017bYWCZEGO\" \/>\n<meta property=\"article:publisher\" content=\"https:\/\/www.facebook.com\/zsps.poznan\" \/>\n<meta property=\"article:published_time\" content=\"2023-02-23T15:14:06+00:00\" \/>\n<meta property=\"article:modified_time\" content=\"2023-02-23T15:14:42+00:00\" \/>\n<meta property=\"og:image\" content=\"https:\/\/zsps.poznan.pl\/wp-content\/uploads\/2023\/02\/20230127_122352-150x150.jpg\" \/>\n<meta name=\"author\" content=\"barteckir\" \/>\n<meta name=\"twitter:card\" content=\"summary_large_image\" \/>\n<meta name=\"twitter:label1\" content=\"Napisane przez\" \/>\n\t<meta name=\"twitter:data1\" content=\"barteckir\" \/>\n\t<meta name=\"twitter:label2\" content=\"Szacowany czas czytania\" \/>\n\t<meta name=\"twitter:data2\" content=\"1 minuta\" \/>\n<script type=\"application\/ld+json\" class=\"yoast-schema-graph\">{\"@context\":\"https:\\\/\\\/schema.org\",\"@graph\":[{\"@type\":\"Article\",\"@id\":\"https:\\\/\\\/zsps.poznan.pl\\\/index.php\\\/wycieczka-edukacyjna-do-garden-city\\\/#article\",\"isPartOf\":{\"@id\":\"https:\\\/\\\/zsps.poznan.pl\\\/index.php\\\/wycieczka-edukacyjna-do-garden-city\\\/\"},\"author\":{\"name\":\"barteckir\",\"@id\":\"https:\\\/\\\/zsps.poznan.pl\\\/#\\\/schema\\\/person\\\/bd2786aff3d28d572ee3d08aa13cfba8\"},\"headline\":\"WYCIECZKA EDUKACYJNA DO GARDEN CITY\",\"datePublished\":\"2023-02-23T15:14:06+00:00\",\"dateModified\":\"2023-02-23T15:14:42+00:00\",\"mainEntityOfPage\":{\"@id\":\"https:\\\/\\\/zsps.poznan.pl\\\/index.php\\\/wycieczka-edukacyjna-do-garden-city\\\/\"},\"wordCount\":138,\"publisher\":{\"@id\":\"https:\\\/\\\/zsps.poznan.pl\\\/#organization\"},\"image\":{\"@id\":\"https:\\\/\\\/zsps.poznan.pl\\\/index.php\\\/wycieczka-edukacyjna-do-garden-city\\\/#primaryimage\"},\"thumbnailUrl\":\"https:\\\/\\\/zsps.poznan.pl\\\/wp-content\\\/uploads\\\/2023\\\/02\\\/20230127_122352-150x150.jpg\",\"articleSection\":[\"Aktualno\u015bci\"],\"inLanguage\":\"pl-PL\"},{\"@type\":\"WebPage\",\"@id\":\"https:\\\/\\\/zsps.poznan.pl\\\/index.php\\\/wycieczka-edukacyjna-do-garden-city\\\/\",\"url\":\"https:\\\/\\\/zsps.poznan.pl\\\/index.php\\\/wycieczka-edukacyjna-do-garden-city\\\/\",\"name\":\"WYCIECZKA EDUKACYJNA DO GARDEN CITY - ZESP\u00d3\u0141 SZK\u00d3\u0141 PRZEMYS\u0141U SPO\u017bYWCZEGO\",\"isPartOf\":{\"@id\":\"https:\\\/\\\/zsps.poznan.pl\\\/#website\"},\"primaryImageOfPage\":{\"@id\":\"https:\\\/\\\/zsps.poznan.pl\\\/index.php\\\/wycieczka-edukacyjna-do-garden-city\\\/#primaryimage\"},\"image\":{\"@id\":\"https:\\\/\\\/zsps.poznan.pl\\\/index.php\\\/wycieczka-edukacyjna-do-garden-city\\\/#primaryimage\"},\"thumbnailUrl\":\"https:\\\/\\\/zsps.poznan.pl\\\/wp-content\\\/uploads\\\/2023\\\/02\\\/20230127_122352-150x150.jpg\",\"datePublished\":\"2023-02-23T15:14:06+00:00\",\"dateModified\":\"2023-02-23T15:14:42+00:00\",\"breadcrumb\":{\"@id\":\"https:\\\/\\\/zsps.poznan.pl\\\/index.php\\\/wycieczka-edukacyjna-do-garden-city\\\/#breadcrumb\"},\"inLanguage\":\"pl-PL\",\"potentialAction\":[{\"@type\":\"ReadAction\",\"target\":[\"https:\\\/\\\/zsps.poznan.pl\\\/index.php\\\/wycieczka-edukacyjna-do-garden-city\\\/\"]}]},{\"@type\":\"ImageObject\",\"inLanguage\":\"pl-PL\",\"@id\":\"https:\\\/\\\/zsps.poznan.pl\\\/index.php\\\/wycieczka-edukacyjna-do-garden-city\\\/#primaryimage\",\"url\":\"https:\\\/\\\/zsps.poznan.pl\\\/wp-content\\\/uploads\\\/2023\\\/02\\\/20230127_122352.jpg\",\"contentUrl\":\"https:\\\/\\\/zsps.poznan.pl\\\/wp-content\\\/uploads\\\/2023\\\/02\\\/20230127_122352.jpg\",\"width\":1333,\"height\":1000},{\"@type\":\"BreadcrumbList\",\"@id\":\"https:\\\/\\\/zsps.poznan.pl\\\/index.php\\\/wycieczka-edukacyjna-do-garden-city\\\/#breadcrumb\",\"itemListElement\":[{\"@type\":\"ListItem\",\"position\":1,\"name\":\"Strona g\u0142\u00f3wna\",\"item\":\"https:\\\/\\\/zsps.poznan.pl\\\/\"},{\"@type\":\"ListItem\",\"position\":2,\"name\":\"WYCIECZKA EDUKACYJNA DO GARDEN CITY\"}]},{\"@type\":\"WebSite\",\"@id\":\"https:\\\/\\\/zsps.poznan.pl\\\/#website\",\"url\":\"https:\\\/\\\/zsps.poznan.pl\\\/\",\"name\":\"ZESP\u00d3\u0141 SZK\u00d3\u0141 PRZEMYS\u0141U SPO\u017bYWCZEGO\",\"description\":\"im. J. J. \u015aniadeckich w Poznaniu\",\"publisher\":{\"@id\":\"https:\\\/\\\/zsps.poznan.pl\\\/#organization\"},\"potentialAction\":[{\"@type\":\"SearchAction\",\"target\":{\"@type\":\"EntryPoint\",\"urlTemplate\":\"https:\\\/\\\/zsps.poznan.pl\\\/?s={search_term_string}\"},\"query-input\":{\"@type\":\"PropertyValueSpecification\",\"valueRequired\":true,\"valueName\":\"search_term_string\"}}],\"inLanguage\":\"pl-PL\"},{\"@type\":\"Organization\",\"@id\":\"https:\\\/\\\/zsps.poznan.pl\\\/#organization\",\"name\":\"Zesp\u00f3\u0142 Szk\u00f3\u0142 Przemys\u0142u Spo\u017cywczego\",\"url\":\"https:\\\/\\\/zsps.poznan.pl\\\/\",\"logo\":{\"@type\":\"ImageObject\",\"inLanguage\":\"pl-PL\",\"@id\":\"https:\\\/\\\/zsps.poznan.pl\\\/#\\\/schema\\\/logo\\\/image\\\/\",\"url\":\"\",\"contentUrl\":\"\",\"caption\":\"Zesp\u00f3\u0142 Szk\u00f3\u0142 Przemys\u0142u Spo\u017cywczego\"},\"image\":{\"@id\":\"https:\\\/\\\/zsps.poznan.pl\\\/#\\\/schema\\\/logo\\\/image\\\/\"},\"sameAs\":[\"https:\\\/\\\/www.facebook.com\\\/zsps.poznan\"]},{\"@type\":\"Person\",\"@id\":\"https:\\\/\\\/zsps.poznan.pl\\\/#\\\/schema\\\/person\\\/bd2786aff3d28d572ee3d08aa13cfba8\",\"name\":\"barteckir\",\"image\":{\"@type\":\"ImageObject\",\"inLanguage\":\"pl-PL\",\"@id\":\"https:\\\/\\\/secure.gravatar.com\\\/avatar\\\/467135196b1d7899a43486e26008f7675b9e000444ef035aa409397837c4cfd8?s=96&d=retro&r=g\",\"url\":\"https:\\\/\\\/secure.gravatar.com\\\/avatar\\\/467135196b1d7899a43486e26008f7675b9e000444ef035aa409397837c4cfd8?s=96&d=retro&r=g\",\"contentUrl\":\"https:\\\/\\\/secure.gravatar.com\\\/avatar\\\/467135196b1d7899a43486e26008f7675b9e000444ef035aa409397837c4cfd8?s=96&d=retro&r=g\",\"caption\":\"barteckir\"}}]}<\/script>\n<!-- \/ Yoast SEO plugin. -->","yoast_head_json":{"title":"WYCIECZKA EDUKACYJNA DO GARDEN CITY - ZESP\u00d3\u0141 SZK\u00d3\u0141 PRZEMYS\u0141U SPO\u017bYWCZEGO","robots":{"index":"index","follow":"follow","max-snippet":"max-snippet:-1","max-image-preview":"max-image-preview:large","max-video-preview":"max-video-preview:-1"},"canonical":"https:\/\/zsps.poznan.pl\/index.php\/wycieczka-edukacyjna-do-garden-city\/","og_locale":"pl_PL","og_type":"article","og_title":"WYCIECZKA EDUKACYJNA DO GARDEN CITY - ZESP\u00d3\u0141 SZK\u00d3\u0141 PRZEMYS\u0141U SPO\u017bYWCZEGO","og_description":"W tygodniu przed feriami klasa 2t wraz z wychowawczyni\u0105 go\u015bci\u0142a w Garden City na terenie Mi\u0119dzynarodowych Targ\u00f3w Pozna\u0144skich. Jest to trzypoziomowy kompleks restauracyjno \u2013 eventowy, kt\u00f3ry tworz\u0105 \u00a0designerskie restauracje i sale bankietowe: Oregano and Wine, Basilico Bistro, Saffro, Vanilla, Cinnamon","og_url":"https:\/\/zsps.poznan.pl\/index.php\/wycieczka-edukacyjna-do-garden-city\/","og_site_name":"ZESP\u00d3\u0141 SZK\u00d3\u0141 PRZEMYS\u0141U SPO\u017bYWCZEGO","article_publisher":"https:\/\/www.facebook.com\/zsps.poznan","article_published_time":"2023-02-23T15:14:06+00:00","article_modified_time":"2023-02-23T15:14:42+00:00","og_image":[{"url":"https:\/\/zsps.poznan.pl\/wp-content\/uploads\/2023\/02\/20230127_122352-150x150.jpg","type":"","width":"","height":""}],"author":"barteckir","twitter_card":"summary_large_image","twitter_misc":{"Napisane przez":"barteckir","Szacowany czas czytania":"1 minuta"},"schema":{"@context":"https:\/\/schema.org","@graph":[{"@type":"Article","@id":"https:\/\/zsps.poznan.pl\/index.php\/wycieczka-edukacyjna-do-garden-city\/#article","isPartOf":{"@id":"https:\/\/zsps.poznan.pl\/index.php\/wycieczka-edukacyjna-do-garden-city\/"},"author":{"name":"barteckir","@id":"https:\/\/zsps.poznan.pl\/#\/schema\/person\/bd2786aff3d28d572ee3d08aa13cfba8"},"headline":"WYCIECZKA EDUKACYJNA DO GARDEN CITY","datePublished":"2023-02-23T15:14:06+00:00","dateModified":"2023-02-23T15:14:42+00:00","mainEntityOfPage":{"@id":"https:\/\/zsps.poznan.pl\/index.php\/wycieczka-edukacyjna-do-garden-city\/"},"wordCount":138,"publisher":{"@id":"https:\/\/zsps.poznan.pl\/#organization"},"image":{"@id":"https:\/\/zsps.poznan.pl\/index.php\/wycieczka-edukacyjna-do-garden-city\/#primaryimage"},"thumbnailUrl":"https:\/\/zsps.poznan.pl\/wp-content\/uploads\/2023\/02\/20230127_122352-150x150.jpg","articleSection":["Aktualno\u015bci"],"inLanguage":"pl-PL"},{"@type":"WebPage","@id":"https:\/\/zsps.poznan.pl\/index.php\/wycieczka-edukacyjna-do-garden-city\/","url":"https:\/\/zsps.poznan.pl\/index.php\/wycieczka-edukacyjna-do-garden-city\/","name":"WYCIECZKA EDUKACYJNA DO GARDEN CITY - ZESP\u00d3\u0141 SZK\u00d3\u0141 PRZEMYS\u0141U SPO\u017bYWCZEGO","isPartOf":{"@id":"https:\/\/zsps.poznan.pl\/#website"},"primaryImageOfPage":{"@id":"https:\/\/zsps.poznan.pl\/index.php\/wycieczka-edukacyjna-do-garden-city\/#primaryimage"},"image":{"@id":"https:\/\/zsps.poznan.pl\/index.php\/wycieczka-edukacyjna-do-garden-city\/#primaryimage"},"thumbnailUrl":"https:\/\/zsps.poznan.pl\/wp-content\/uploads\/2023\/02\/20230127_122352-150x150.jpg","datePublished":"2023-02-23T15:14:06+00:00","dateModified":"2023-02-23T15:14:42+00:00","breadcrumb":{"@id":"https:\/\/zsps.poznan.pl\/index.php\/wycieczka-edukacyjna-do-garden-city\/#breadcrumb"},"inLanguage":"pl-PL","potentialAction":[{"@type":"ReadAction","target":["https:\/\/zsps.poznan.pl\/index.php\/wycieczka-edukacyjna-do-garden-city\/"]}]},{"@type":"ImageObject","inLanguage":"pl-PL","@id":"https:\/\/zsps.poznan.pl\/index.php\/wycieczka-edukacyjna-do-garden-city\/#primaryimage","url":"https:\/\/zsps.poznan.pl\/wp-content\/uploads\/2023\/02\/20230127_122352.jpg","contentUrl":"https:\/\/zsps.poznan.pl\/wp-content\/uploads\/2023\/02\/20230127_122352.jpg","width":1333,"height":1000},{"@type":"BreadcrumbList","@id":"https:\/\/zsps.poznan.pl\/index.php\/wycieczka-edukacyjna-do-garden-city\/#breadcrumb","itemListElement":[{"@type":"ListItem","position":1,"name":"Strona g\u0142\u00f3wna","item":"https:\/\/zsps.poznan.pl\/"},{"@type":"ListItem","position":2,"name":"WYCIECZKA EDUKACYJNA DO GARDEN CITY"}]},{"@type":"WebSite","@id":"https:\/\/zsps.poznan.pl\/#website","url":"https:\/\/zsps.poznan.pl\/","name":"ZESP\u00d3\u0141 SZK\u00d3\u0141 PRZEMYS\u0141U SPO\u017bYWCZEGO","description":"im. J. J. \u015aniadeckich w Poznaniu","publisher":{"@id":"https:\/\/zsps.poznan.pl\/#organization"},"potentialAction":[{"@type":"SearchAction","target":{"@type":"EntryPoint","urlTemplate":"https:\/\/zsps.poznan.pl\/?s={search_term_string}"},"query-input":{"@type":"PropertyValueSpecification","valueRequired":true,"valueName":"search_term_string"}}],"inLanguage":"pl-PL"},{"@type":"Organization","@id":"https:\/\/zsps.poznan.pl\/#organization","name":"Zesp\u00f3\u0142 Szk\u00f3\u0142 Przemys\u0142u Spo\u017cywczego","url":"https:\/\/zsps.poznan.pl\/","logo":{"@type":"ImageObject","inLanguage":"pl-PL","@id":"https:\/\/zsps.poznan.pl\/#\/schema\/logo\/image\/","url":"","contentUrl":"","caption":"Zesp\u00f3\u0142 Szk\u00f3\u0142 Przemys\u0142u Spo\u017cywczego"},"image":{"@id":"https:\/\/zsps.poznan.pl\/#\/schema\/logo\/image\/"},"sameAs":["https:\/\/www.facebook.com\/zsps.poznan"]},{"@type":"Person","@id":"https:\/\/zsps.poznan.pl\/#\/schema\/person\/bd2786aff3d28d572ee3d08aa13cfba8","name":"barteckir","image":{"@type":"ImageObject","inLanguage":"pl-PL","@id":"https:\/\/secure.gravatar.com\/avatar\/467135196b1d7899a43486e26008f7675b9e000444ef035aa409397837c4cfd8?s=96&d=retro&r=g","url":"https:\/\/secure.gravatar.com\/avatar\/467135196b1d7899a43486e26008f7675b9e000444ef035aa409397837c4cfd8?s=96&d=retro&r=g","contentUrl":"https:\/\/secure.gravatar.com\/avatar\/467135196b1d7899a43486e26008f7675b9e000444ef035aa409397837c4cfd8?s=96&d=retro&r=g","caption":"barteckir"}}]}},"_links":{"self":[{"href":"https:\/\/zsps.poznan.pl\/index.php\/wp-json\/wp\/v2\/posts\/8956","targetHints":{"allow":["GET"]}}],"collection":[{"href":"https:\/\/zsps.poznan.pl\/index.php\/wp-json\/wp\/v2\/posts"}],"about":[{"href":"https:\/\/zsps.poznan.pl\/index.php\/wp-json\/wp\/v2\/types\/post"}],"author":[{"embeddable":true,"href":"https:\/\/zsps.poznan.pl\/index.php\/wp-json\/wp\/v2\/users\/7"}],"replies":[{"embeddable":true,"href":"https:\/\/zsps.poznan.pl\/index.php\/wp-json\/wp\/v2\/comments?post=8956"}],"version-history":[{"count":3,"href":"https:\/\/zsps.poznan.pl\/index.php\/wp-json\/wp\/v2\/posts\/8956\/revisions"}],"predecessor-version":[{"id":8972,"href":"https:\/\/zsps.poznan.pl\/index.php\/wp-json\/wp\/v2\/posts\/8956\/revisions\/8972"}],"wp:attachment":[{"href":"https:\/\/zsps.poznan.pl\/index.php\/wp-json\/wp\/v2\/media?parent=8956"}],"wp:term":[{"taxonomy":"category","embeddable":true,"href":"https:\/\/zsps.poznan.pl\/index.php\/wp-json\/wp\/v2\/categories?post=8956"},{"taxonomy":"post_tag","embeddable":true,"href":"https:\/\/zsps.poznan.pl\/index.php\/wp-json\/wp\/v2\/tags?post=8956"}],"curies":[{"name":"wp","href":"https:\/\/api.w.org\/{rel}","templated":true}]}}