{"id":9234,"date":"2023-03-09T06:47:26","date_gmt":"2023-03-09T05:47:26","guid":{"rendered":"https:\/\/zsps.poznan.pl\/?p=9234"},"modified":"2023-03-09T06:50:09","modified_gmt":"2023-03-09T05:50:09","slug":"targi-edukacyjne-w-plewiskach","status":"publish","type":"post","link":"https:\/\/zsps.poznan.pl\/index.php\/targi-edukacyjne-w-plewiskach\/","title":{"rendered":"TARGI EDUKACYJNE W PLEWISKACH"},"content":{"rendered":"\t\t<div data-elementor-type=\"wp-post\" data-elementor-id=\"9234\" class=\"elementor elementor-9234\">\n\t\t\t\t\t\t<section class=\"elementor-section elementor-top-section elementor-element elementor-element-4a12e00 elementor-section-boxed elementor-section-height-default elementor-section-height-default\" data-id=\"4a12e00\" data-element_type=\"section\" data-e-type=\"section\">\n\t\t\t\t\t\t<div class=\"elementor-container elementor-column-gap-default\">\n\t\t\t\t\t<div class=\"elementor-column elementor-col-100 elementor-top-column elementor-element elementor-element-68aa5dc\" data-id=\"68aa5dc\" data-element_type=\"column\" data-e-type=\"column\">\n\t\t\t<div class=\"elementor-widget-wrap elementor-element-populated\">\n\t\t\t\t\t\t<div class=\"elementor-element elementor-element-63ed208 elementor-widget elementor-widget-text-editor\" data-id=\"63ed208\" data-element_type=\"widget\" data-e-type=\"widget\" data-widget_type=\"text-editor.default\">\n\t\t\t\t<div class=\"elementor-widget-container\">\n\t\t\t\t\t\t\t\t\t<p>Ju\u017c po raz kolejny wzi\u0119li\u015bmy udzia\u0142 w Targach Edukacyjnych tym razem organizowanych przez\u00a0 Szko\u0142\u0119 Podstawow\u0105\u00a0 nr 2 w Plewiskach. Uczennice Naszej Szko\u0142y Daria Gniewowska i Aleksandra Godek z klasy 1MT wraz z\u00a0nauczycielk\u0105 przedmiot\u00f3w zawodowych godnie promowa\u0142y ZSPS przedstawiaj\u0105c zawody, kierunki i specjalizacje zar\u00f3wno w Technikum Przemys\u0142u Spo\u017cywczego jak i w Bran\u017cowej Szkole I Stopnia. Jednocze\u015bnie w\u00a0czasie promocji mogli\u015bmy zach\u0119ci\u0107 uczni\u00f3w szk\u00f3\u0142 podstawowych do\u00a0zapoznania si\u0119 z ofert\u0105 edukacyjn\u0105 naszej szko\u0142y. Nasze stoisko cieszy\u0142o si\u0119 du\u017cym zainteresowaniem. Wiele uczni\u00f3w podchodzi\u0142o i z zaciekawieniem dopytywa\u0142o o\u00a0szczeg\u00f3\u0142y oferty.<br \/>To by\u0142 niezwykle inspiruj\u0105cy czas. Dzi\u0119kujemy wszystkim za fantastyczne rozmowy przy naszym wyj\u0105tkowym stoisku oraz zapraszamy na Drzwi Otwarte w ZSPS\u00a0 26 marca 2023 r.<\/p>\t\t\t\t\t\t\t\t<\/div>\n\t\t\t\t<\/div>\n\t\t\t\t\t<\/div>\n\t\t<\/div>\n\t\t\t\t\t<\/div>\n\t\t<\/section>\n\t\t\t\t<section class=\"elementor-section elementor-top-section elementor-element elementor-element-fd54c9e elementor-section-boxed elementor-section-height-default elementor-section-height-default\" data-id=\"fd54c9e\" data-element_type=\"section\" data-e-type=\"section\">\n\t\t\t\t\t\t<div class=\"elementor-container elementor-column-gap-default\">\n\t\t\t\t\t<div class=\"elementor-column elementor-col-100 elementor-top-column elementor-element elementor-element-2f8c816\" data-id=\"2f8c816\" data-element_type=\"column\" data-e-type=\"column\">\n\t\t\t<div class=\"elementor-widget-wrap elementor-element-populated\">\n\t\t\t\t\t\t<div class=\"elementor-element elementor-element-392d1dd elementor-widget elementor-widget-image-gallery\" data-id=\"392d1dd\" data-element_type=\"widget\" data-e-type=\"widget\" data-widget_type=\"image-gallery.default\">\n\t\t\t\t<div class=\"elementor-widget-container\">\n\t\t\t\t\t\t\t<div class=\"elementor-image-gallery\">\n\t\t\t<div id='gallery-1' class='gallery galleryid-9234 gallery-columns-6 gallery-size-thumbnail'><figure class='gallery-item'>\n\t\t\t<div class='gallery-icon portrait'>\n\t\t\t\t<a data-elementor-open-lightbox=\"yes\" data-elementor-lightbox-slideshow=\"392d1dd\" data-e-action-hash=\"#elementor-action%3Aaction%3Dlightbox%26settings%3DeyJpZCI6OTIzNSwidXJsIjoiaHR0cHM6XC9cL3pzcHMucG96bmFuLnBsXC93cC1jb250ZW50XC91cGxvYWRzXC8yMDIzXC8wM1wvMzMyNDIxMzY3XzE1NDU5NTQwNzQ2NTk3OF8xMTYzNzE0MTg1MjM3NTQ4MzcxX24uanBnIiwic2xpZGVzaG93IjoiMzkyZDFkZCJ9\" href='https:\/\/zsps.poznan.pl\/wp-content\/uploads\/2023\/03\/332421367_154595407465978_1163714185237548371_n.jpg'><img decoding=\"async\" width=\"150\" height=\"150\" src=\"https:\/\/zsps.poznan.pl\/wp-content\/uploads\/2023\/03\/332421367_154595407465978_1163714185237548371_n-150x150.jpg\" class=\"attachment-thumbnail size-thumbnail\" alt=\"\" srcset=\"https:\/\/zsps.poznan.pl\/wp-content\/uploads\/2023\/03\/332421367_154595407465978_1163714185237548371_n-150x150.jpg 150w, https:\/\/zsps.poznan.pl\/wp-content\/uploads\/2023\/03\/332421367_154595407465978_1163714185237548371_n-230x230.jpg 230w, https:\/\/zsps.poznan.pl\/wp-content\/uploads\/2023\/03\/332421367_154595407465978_1163714185237548371_n-365x365.jpg 365w\" sizes=\"(max-width: 150px) 100vw, 150px\" \/><\/a>\n\t\t\t<\/div><\/figure><figure class='gallery-item'>\n\t\t\t<div class='gallery-icon landscape'>\n\t\t\t\t<a data-elementor-open-lightbox=\"yes\" data-elementor-lightbox-slideshow=\"392d1dd\" data-e-action-hash=\"#elementor-action%3Aaction%3Dlightbox%26settings%3DeyJpZCI6OTIzNiwidXJsIjoiaHR0cHM6XC9cL3pzcHMucG96bmFuLnBsXC93cC1jb250ZW50XC91cGxvYWRzXC8yMDIzXC8wM1wvMzMyNTIxMDQ4Xzk3Mzg1ODQxMzYwNjY3MV82NDE1NTk4MzY4MDczNTYzMzk0X24uanBnIiwic2xpZGVzaG93IjoiMzkyZDFkZCJ9\" href='https:\/\/zsps.poznan.pl\/wp-content\/uploads\/2023\/03\/332521048_973858413606671_6415598368073563394_n.jpg'><img decoding=\"async\" width=\"150\" height=\"150\" src=\"https:\/\/zsps.poznan.pl\/wp-content\/uploads\/2023\/03\/332521048_973858413606671_6415598368073563394_n-150x150.jpg\" class=\"attachment-thumbnail size-thumbnail\" alt=\"\" srcset=\"https:\/\/zsps.poznan.pl\/wp-content\/uploads\/2023\/03\/332521048_973858413606671_6415598368073563394_n-150x150.jpg 150w, https:\/\/zsps.poznan.pl\/wp-content\/uploads\/2023\/03\/332521048_973858413606671_6415598368073563394_n-230x230.jpg 230w, https:\/\/zsps.poznan.pl\/wp-content\/uploads\/2023\/03\/332521048_973858413606671_6415598368073563394_n-365x365.jpg 365w\" sizes=\"(max-width: 150px) 100vw, 150px\" \/><\/a>\n\t\t\t<\/div><\/figure><figure class='gallery-item'>\n\t\t\t<div class='gallery-icon portrait'>\n\t\t\t\t<a data-elementor-open-lightbox=\"yes\" data-elementor-lightbox-slideshow=\"392d1dd\" data-e-action-hash=\"#elementor-action%3Aaction%3Dlightbox%26settings%3DeyJpZCI6OTIzNywidXJsIjoiaHR0cHM6XC9cL3pzcHMucG96bmFuLnBsXC93cC1jb250ZW50XC91cGxvYWRzXC8yMDIzXC8wM1wvMzMyNzIyMDQ1XzIyNDQ0NDE0NjY1NTEyMF8xNjcwOTA0ODQ5MTIwNjM5MzkzX24uanBnIiwic2xpZGVzaG93IjoiMzkyZDFkZCJ9\" href='https:\/\/zsps.poznan.pl\/wp-content\/uploads\/2023\/03\/332722045_224444146655120_1670904849120639393_n.jpg'><img decoding=\"async\" width=\"150\" height=\"150\" src=\"https:\/\/zsps.poznan.pl\/wp-content\/uploads\/2023\/03\/332722045_224444146655120_1670904849120639393_n-150x150.jpg\" class=\"attachment-thumbnail size-thumbnail\" alt=\"\" srcset=\"https:\/\/zsps.poznan.pl\/wp-content\/uploads\/2023\/03\/332722045_224444146655120_1670904849120639393_n-150x150.jpg 150w, https:\/\/zsps.poznan.pl\/wp-content\/uploads\/2023\/03\/332722045_224444146655120_1670904849120639393_n-230x230.jpg 230w, https:\/\/zsps.poznan.pl\/wp-content\/uploads\/2023\/03\/332722045_224444146655120_1670904849120639393_n-365x365.jpg 365w\" sizes=\"(max-width: 150px) 100vw, 150px\" \/><\/a>\n\t\t\t<\/div><\/figure><figure class='gallery-item'>\n\t\t\t<div class='gallery-icon portrait'>\n\t\t\t\t<a data-elementor-open-lightbox=\"yes\" data-elementor-lightbox-slideshow=\"392d1dd\" data-e-action-hash=\"#elementor-action%3Aaction%3Dlightbox%26settings%3DeyJpZCI6OTIzOCwidXJsIjoiaHR0cHM6XC9cL3pzcHMucG96bmFuLnBsXC93cC1jb250ZW50XC91cGxvYWRzXC8yMDIzXC8wM1wvMzMyMzcxOTQwXzk0Mjk5MDAxNjkyNjM1M18yMzUzNTI1Nzk2Njc2NjExNjA4X24uanBnIiwic2xpZGVzaG93IjoiMzkyZDFkZCJ9\" href='https:\/\/zsps.poznan.pl\/wp-content\/uploads\/2023\/03\/332371940_942990016926353_2353525796676611608_n.jpg'><img loading=\"lazy\" decoding=\"async\" width=\"150\" height=\"150\" src=\"https:\/\/zsps.poznan.pl\/wp-content\/uploads\/2023\/03\/332371940_942990016926353_2353525796676611608_n-150x150.jpg\" class=\"attachment-thumbnail size-thumbnail\" alt=\"\" srcset=\"https:\/\/zsps.poznan.pl\/wp-content\/uploads\/2023\/03\/332371940_942990016926353_2353525796676611608_n-150x150.jpg 150w, https:\/\/zsps.poznan.pl\/wp-content\/uploads\/2023\/03\/332371940_942990016926353_2353525796676611608_n-230x230.jpg 230w, https:\/\/zsps.poznan.pl\/wp-content\/uploads\/2023\/03\/332371940_942990016926353_2353525796676611608_n-365x365.jpg 365w\" sizes=\"(max-width: 150px) 100vw, 150px\" \/><\/a>\n\t\t\t<\/div><\/figure><figure class='gallery-item'>\n\t\t\t<div class='gallery-icon portrait'>\n\t\t\t\t<a data-elementor-open-lightbox=\"yes\" data-elementor-lightbox-slideshow=\"392d1dd\" data-e-action-hash=\"#elementor-action%3Aaction%3Dlightbox%26settings%3DeyJpZCI6OTIzOSwidXJsIjoiaHR0cHM6XC9cL3pzcHMucG96bmFuLnBsXC93cC1jb250ZW50XC91cGxvYWRzXC8yMDIzXC8wM1wvMzMxMzUxNDg2Xzk5MTc1MjY2ODQ2NDQ0Nl8zMTAxNDQwNjc2MTc4OTg2ODI1X24uanBnIiwic2xpZGVzaG93IjoiMzkyZDFkZCJ9\" href='https:\/\/zsps.poznan.pl\/wp-content\/uploads\/2023\/03\/331351486_991752668464446_3101440676178986825_n.jpg'><img loading=\"lazy\" decoding=\"async\" width=\"150\" height=\"150\" src=\"https:\/\/zsps.poznan.pl\/wp-content\/uploads\/2023\/03\/331351486_991752668464446_3101440676178986825_n-150x150.jpg\" class=\"attachment-thumbnail size-thumbnail\" alt=\"\" srcset=\"https:\/\/zsps.poznan.pl\/wp-content\/uploads\/2023\/03\/331351486_991752668464446_3101440676178986825_n-150x150.jpg 150w, https:\/\/zsps.poznan.pl\/wp-content\/uploads\/2023\/03\/331351486_991752668464446_3101440676178986825_n-230x230.jpg 230w, https:\/\/zsps.poznan.pl\/wp-content\/uploads\/2023\/03\/331351486_991752668464446_3101440676178986825_n-365x365.jpg 365w\" sizes=\"(max-width: 150px) 100vw, 150px\" \/><\/a>\n\t\t\t<\/div><\/figure><figure class='gallery-item'>\n\t\t\t<div class='gallery-icon portrait'>\n\t\t\t\t<a data-elementor-open-lightbox=\"yes\" data-elementor-lightbox-slideshow=\"392d1dd\" data-e-action-hash=\"#elementor-action%3Aaction%3Dlightbox%26settings%3DeyJpZCI6OTI0MCwidXJsIjoiaHR0cHM6XC9cL3pzcHMucG96bmFuLnBsXC93cC1jb250ZW50XC91cGxvYWRzXC8yMDIzXC8wM1wvMzMyMzAxOTAxXzkzOTMxNTUwMzczMzQ3NF83MDY0NDk4OTkwODc0NjMzMzQzX24uanBnIiwic2xpZGVzaG93IjoiMzkyZDFkZCJ9\" href='https:\/\/zsps.poznan.pl\/wp-content\/uploads\/2023\/03\/332301901_939315503733474_7064498990874633343_n.jpg'><img loading=\"lazy\" decoding=\"async\" width=\"150\" height=\"150\" src=\"https:\/\/zsps.poznan.pl\/wp-content\/uploads\/2023\/03\/332301901_939315503733474_7064498990874633343_n-150x150.jpg\" class=\"attachment-thumbnail size-thumbnail\" alt=\"\" srcset=\"https:\/\/zsps.poznan.pl\/wp-content\/uploads\/2023\/03\/332301901_939315503733474_7064498990874633343_n-150x150.jpg 150w, https:\/\/zsps.poznan.pl\/wp-content\/uploads\/2023\/03\/332301901_939315503733474_7064498990874633343_n-230x230.jpg 230w, https:\/\/zsps.poznan.pl\/wp-content\/uploads\/2023\/03\/332301901_939315503733474_7064498990874633343_n-365x365.jpg 365w\" sizes=\"(max-width: 150px) 100vw, 150px\" \/><\/a>\n\t\t\t<\/div><\/figure>\n\t\t<\/div>\n\t\t<\/div>\n\t\t\t\t\t\t<\/div>\n\t\t\t\t<\/div>\n\t\t\t\t\t<\/div>\n\t\t<\/div>\n\t\t\t\t\t<\/div>\n\t\t<\/section>\n\t\t\t\t<\/div>\n\t\t","protected":false},"excerpt":{"rendered":"<p>Ju\u017c po raz kolejny wzi\u0119li\u015bmy udzia\u0142 w Targach Edukacyjnych tym razem organizowanych przez\u00a0 Szko\u0142\u0119 Podstawow\u0105\u00a0 nr 2 w Plewiskach. Uczennice Naszej Szko\u0142y Daria Gniewowska i Aleksandra Godek z klasy 1MT wraz z\u00a0nauczycielk\u0105 przedmiot\u00f3w zawodowych godnie promowa\u0142y ZSPS przedstawiaj\u0105c zawody, kierunki<\/p>\n","protected":false},"author":7,"featured_media":0,"comment_status":"closed","ping_status":"closed","sticky":false,"template":"","format":"standard","meta":{"footnotes":""},"categories":[1],"tags":[],"class_list":["post-9234","post","type-post","status-publish","format-standard","hentry","category-aktualnosci"],"yoast_head":"<!-- This site is optimized with the Yoast SEO plugin v27.5 - https:\/\/yoast.com\/product\/yoast-seo-wordpress\/ -->\n<title>TARGI EDUKACYJNE W PLEWISKACH - ZESP\u00d3\u0141 SZK\u00d3\u0141 PRZEMYS\u0141U SPO\u017bYWCZEGO<\/title>\n<meta name=\"robots\" content=\"index, follow, max-snippet:-1, max-image-preview:large, max-video-preview:-1\" \/>\n<link rel=\"canonical\" href=\"https:\/\/zsps.poznan.pl\/index.php\/targi-edukacyjne-w-plewiskach\/\" \/>\n<meta property=\"og:locale\" content=\"pl_PL\" \/>\n<meta property=\"og:type\" content=\"article\" \/>\n<meta property=\"og:title\" content=\"TARGI EDUKACYJNE W PLEWISKACH - ZESP\u00d3\u0141 SZK\u00d3\u0141 PRZEMYS\u0141U SPO\u017bYWCZEGO\" \/>\n<meta property=\"og:description\" content=\"Ju\u017c po raz kolejny wzi\u0119li\u015bmy udzia\u0142 w Targach Edukacyjnych tym razem organizowanych przez\u00a0 Szko\u0142\u0119 Podstawow\u0105\u00a0 nr 2 w Plewiskach. Uczennice Naszej Szko\u0142y Daria Gniewowska i Aleksandra Godek z klasy 1MT wraz z\u00a0nauczycielk\u0105 przedmiot\u00f3w zawodowych godnie promowa\u0142y ZSPS przedstawiaj\u0105c zawody, kierunki\" \/>\n<meta property=\"og:url\" content=\"https:\/\/zsps.poznan.pl\/index.php\/targi-edukacyjne-w-plewiskach\/\" \/>\n<meta property=\"og:site_name\" content=\"ZESP\u00d3\u0141 SZK\u00d3\u0141 PRZEMYS\u0141U SPO\u017bYWCZEGO\" \/>\n<meta property=\"article:publisher\" content=\"https:\/\/www.facebook.com\/zsps.poznan\" \/>\n<meta property=\"article:published_time\" content=\"2023-03-09T05:47:26+00:00\" \/>\n<meta property=\"article:modified_time\" content=\"2023-03-09T05:50:09+00:00\" \/>\n<meta property=\"og:image\" content=\"https:\/\/zsps.poznan.pl\/wp-content\/uploads\/2023\/03\/332421367_154595407465978_1163714185237548371_n-150x150.jpg\" \/>\n<meta name=\"author\" content=\"barteckir\" \/>\n<meta name=\"twitter:card\" content=\"summary_large_image\" \/>\n<meta name=\"twitter:label1\" content=\"Napisane przez\" \/>\n\t<meta name=\"twitter:data1\" content=\"barteckir\" \/>\n\t<meta name=\"twitter:label2\" content=\"Szacowany czas czytania\" \/>\n\t<meta name=\"twitter:data2\" content=\"1 minuta\" \/>\n<script type=\"application\/ld+json\" class=\"yoast-schema-graph\">{\"@context\":\"https:\\\/\\\/schema.org\",\"@graph\":[{\"@type\":\"Article\",\"@id\":\"https:\\\/\\\/zsps.poznan.pl\\\/index.php\\\/targi-edukacyjne-w-plewiskach\\\/#article\",\"isPartOf\":{\"@id\":\"https:\\\/\\\/zsps.poznan.pl\\\/index.php\\\/targi-edukacyjne-w-plewiskach\\\/\"},\"author\":{\"name\":\"barteckir\",\"@id\":\"https:\\\/\\\/zsps.poznan.pl\\\/#\\\/schema\\\/person\\\/bd2786aff3d28d572ee3d08aa13cfba8\"},\"headline\":\"TARGI EDUKACYJNE W PLEWISKACH\",\"datePublished\":\"2023-03-09T05:47:26+00:00\",\"dateModified\":\"2023-03-09T05:50:09+00:00\",\"mainEntityOfPage\":{\"@id\":\"https:\\\/\\\/zsps.poznan.pl\\\/index.php\\\/targi-edukacyjne-w-plewiskach\\\/\"},\"wordCount\":138,\"publisher\":{\"@id\":\"https:\\\/\\\/zsps.poznan.pl\\\/#organization\"},\"image\":{\"@id\":\"https:\\\/\\\/zsps.poznan.pl\\\/index.php\\\/targi-edukacyjne-w-plewiskach\\\/#primaryimage\"},\"thumbnailUrl\":\"https:\\\/\\\/zsps.poznan.pl\\\/wp-content\\\/uploads\\\/2023\\\/03\\\/332421367_154595407465978_1163714185237548371_n-150x150.jpg\",\"articleSection\":[\"Aktualno\u015bci\"],\"inLanguage\":\"pl-PL\"},{\"@type\":\"WebPage\",\"@id\":\"https:\\\/\\\/zsps.poznan.pl\\\/index.php\\\/targi-edukacyjne-w-plewiskach\\\/\",\"url\":\"https:\\\/\\\/zsps.poznan.pl\\\/index.php\\\/targi-edukacyjne-w-plewiskach\\\/\",\"name\":\"TARGI EDUKACYJNE W PLEWISKACH - ZESP\u00d3\u0141 SZK\u00d3\u0141 PRZEMYS\u0141U SPO\u017bYWCZEGO\",\"isPartOf\":{\"@id\":\"https:\\\/\\\/zsps.poznan.pl\\\/#website\"},\"primaryImageOfPage\":{\"@id\":\"https:\\\/\\\/zsps.poznan.pl\\\/index.php\\\/targi-edukacyjne-w-plewiskach\\\/#primaryimage\"},\"image\":{\"@id\":\"https:\\\/\\\/zsps.poznan.pl\\\/index.php\\\/targi-edukacyjne-w-plewiskach\\\/#primaryimage\"},\"thumbnailUrl\":\"https:\\\/\\\/zsps.poznan.pl\\\/wp-content\\\/uploads\\\/2023\\\/03\\\/332421367_154595407465978_1163714185237548371_n-150x150.jpg\",\"datePublished\":\"2023-03-09T05:47:26+00:00\",\"dateModified\":\"2023-03-09T05:50:09+00:00\",\"breadcrumb\":{\"@id\":\"https:\\\/\\\/zsps.poznan.pl\\\/index.php\\\/targi-edukacyjne-w-plewiskach\\\/#breadcrumb\"},\"inLanguage\":\"pl-PL\",\"potentialAction\":[{\"@type\":\"ReadAction\",\"target\":[\"https:\\\/\\\/zsps.poznan.pl\\\/index.php\\\/targi-edukacyjne-w-plewiskach\\\/\"]}]},{\"@type\":\"ImageObject\",\"inLanguage\":\"pl-PL\",\"@id\":\"https:\\\/\\\/zsps.poznan.pl\\\/index.php\\\/targi-edukacyjne-w-plewiskach\\\/#primaryimage\",\"url\":\"https:\\\/\\\/zsps.poznan.pl\\\/wp-content\\\/uploads\\\/2023\\\/03\\\/332421367_154595407465978_1163714185237548371_n.jpg\",\"contentUrl\":\"https:\\\/\\\/zsps.poznan.pl\\\/wp-content\\\/uploads\\\/2023\\\/03\\\/332421367_154595407465978_1163714185237548371_n.jpg\",\"width\":750,\"height\":1000},{\"@type\":\"BreadcrumbList\",\"@id\":\"https:\\\/\\\/zsps.poznan.pl\\\/index.php\\\/targi-edukacyjne-w-plewiskach\\\/#breadcrumb\",\"itemListElement\":[{\"@type\":\"ListItem\",\"position\":1,\"name\":\"Strona g\u0142\u00f3wna\",\"item\":\"https:\\\/\\\/zsps.poznan.pl\\\/\"},{\"@type\":\"ListItem\",\"position\":2,\"name\":\"TARGI EDUKACYJNE W PLEWISKACH\"}]},{\"@type\":\"WebSite\",\"@id\":\"https:\\\/\\\/zsps.poznan.pl\\\/#website\",\"url\":\"https:\\\/\\\/zsps.poznan.pl\\\/\",\"name\":\"ZESP\u00d3\u0141 SZK\u00d3\u0141 PRZEMYS\u0141U SPO\u017bYWCZEGO\",\"description\":\"im. J. J. \u015aniadeckich w Poznaniu\",\"publisher\":{\"@id\":\"https:\\\/\\\/zsps.poznan.pl\\\/#organization\"},\"potentialAction\":[{\"@type\":\"SearchAction\",\"target\":{\"@type\":\"EntryPoint\",\"urlTemplate\":\"https:\\\/\\\/zsps.poznan.pl\\\/?s={search_term_string}\"},\"query-input\":{\"@type\":\"PropertyValueSpecification\",\"valueRequired\":true,\"valueName\":\"search_term_string\"}}],\"inLanguage\":\"pl-PL\"},{\"@type\":\"Organization\",\"@id\":\"https:\\\/\\\/zsps.poznan.pl\\\/#organization\",\"name\":\"Zesp\u00f3\u0142 Szk\u00f3\u0142 Przemys\u0142u Spo\u017cywczego\",\"url\":\"https:\\\/\\\/zsps.poznan.pl\\\/\",\"logo\":{\"@type\":\"ImageObject\",\"inLanguage\":\"pl-PL\",\"@id\":\"https:\\\/\\\/zsps.poznan.pl\\\/#\\\/schema\\\/logo\\\/image\\\/\",\"url\":\"\",\"contentUrl\":\"\",\"caption\":\"Zesp\u00f3\u0142 Szk\u00f3\u0142 Przemys\u0142u Spo\u017cywczego\"},\"image\":{\"@id\":\"https:\\\/\\\/zsps.poznan.pl\\\/#\\\/schema\\\/logo\\\/image\\\/\"},\"sameAs\":[\"https:\\\/\\\/www.facebook.com\\\/zsps.poznan\"]},{\"@type\":\"Person\",\"@id\":\"https:\\\/\\\/zsps.poznan.pl\\\/#\\\/schema\\\/person\\\/bd2786aff3d28d572ee3d08aa13cfba8\",\"name\":\"barteckir\",\"image\":{\"@type\":\"ImageObject\",\"inLanguage\":\"pl-PL\",\"@id\":\"https:\\\/\\\/secure.gravatar.com\\\/avatar\\\/467135196b1d7899a43486e26008f7675b9e000444ef035aa409397837c4cfd8?s=96&d=retro&r=g\",\"url\":\"https:\\\/\\\/secure.gravatar.com\\\/avatar\\\/467135196b1d7899a43486e26008f7675b9e000444ef035aa409397837c4cfd8?s=96&d=retro&r=g\",\"contentUrl\":\"https:\\\/\\\/secure.gravatar.com\\\/avatar\\\/467135196b1d7899a43486e26008f7675b9e000444ef035aa409397837c4cfd8?s=96&d=retro&r=g\",\"caption\":\"barteckir\"}}]}<\/script>\n<!-- \/ Yoast SEO plugin. -->","yoast_head_json":{"title":"TARGI EDUKACYJNE W PLEWISKACH - ZESP\u00d3\u0141 SZK\u00d3\u0141 PRZEMYS\u0141U SPO\u017bYWCZEGO","robots":{"index":"index","follow":"follow","max-snippet":"max-snippet:-1","max-image-preview":"max-image-preview:large","max-video-preview":"max-video-preview:-1"},"canonical":"https:\/\/zsps.poznan.pl\/index.php\/targi-edukacyjne-w-plewiskach\/","og_locale":"pl_PL","og_type":"article","og_title":"TARGI EDUKACYJNE W PLEWISKACH - ZESP\u00d3\u0141 SZK\u00d3\u0141 PRZEMYS\u0141U SPO\u017bYWCZEGO","og_description":"Ju\u017c po raz kolejny wzi\u0119li\u015bmy udzia\u0142 w Targach Edukacyjnych tym razem organizowanych przez\u00a0 Szko\u0142\u0119 Podstawow\u0105\u00a0 nr 2 w Plewiskach. Uczennice Naszej Szko\u0142y Daria Gniewowska i Aleksandra Godek z klasy 1MT wraz z\u00a0nauczycielk\u0105 przedmiot\u00f3w zawodowych godnie promowa\u0142y ZSPS przedstawiaj\u0105c zawody, kierunki","og_url":"https:\/\/zsps.poznan.pl\/index.php\/targi-edukacyjne-w-plewiskach\/","og_site_name":"ZESP\u00d3\u0141 SZK\u00d3\u0141 PRZEMYS\u0141U SPO\u017bYWCZEGO","article_publisher":"https:\/\/www.facebook.com\/zsps.poznan","article_published_time":"2023-03-09T05:47:26+00:00","article_modified_time":"2023-03-09T05:50:09+00:00","og_image":[{"url":"https:\/\/zsps.poznan.pl\/wp-content\/uploads\/2023\/03\/332421367_154595407465978_1163714185237548371_n-150x150.jpg","type":"","width":"","height":""}],"author":"barteckir","twitter_card":"summary_large_image","twitter_misc":{"Napisane przez":"barteckir","Szacowany czas czytania":"1 minuta"},"schema":{"@context":"https:\/\/schema.org","@graph":[{"@type":"Article","@id":"https:\/\/zsps.poznan.pl\/index.php\/targi-edukacyjne-w-plewiskach\/#article","isPartOf":{"@id":"https:\/\/zsps.poznan.pl\/index.php\/targi-edukacyjne-w-plewiskach\/"},"author":{"name":"barteckir","@id":"https:\/\/zsps.poznan.pl\/#\/schema\/person\/bd2786aff3d28d572ee3d08aa13cfba8"},"headline":"TARGI EDUKACYJNE W PLEWISKACH","datePublished":"2023-03-09T05:47:26+00:00","dateModified":"2023-03-09T05:50:09+00:00","mainEntityOfPage":{"@id":"https:\/\/zsps.poznan.pl\/index.php\/targi-edukacyjne-w-plewiskach\/"},"wordCount":138,"publisher":{"@id":"https:\/\/zsps.poznan.pl\/#organization"},"image":{"@id":"https:\/\/zsps.poznan.pl\/index.php\/targi-edukacyjne-w-plewiskach\/#primaryimage"},"thumbnailUrl":"https:\/\/zsps.poznan.pl\/wp-content\/uploads\/2023\/03\/332421367_154595407465978_1163714185237548371_n-150x150.jpg","articleSection":["Aktualno\u015bci"],"inLanguage":"pl-PL"},{"@type":"WebPage","@id":"https:\/\/zsps.poznan.pl\/index.php\/targi-edukacyjne-w-plewiskach\/","url":"https:\/\/zsps.poznan.pl\/index.php\/targi-edukacyjne-w-plewiskach\/","name":"TARGI EDUKACYJNE W PLEWISKACH - ZESP\u00d3\u0141 SZK\u00d3\u0141 PRZEMYS\u0141U SPO\u017bYWCZEGO","isPartOf":{"@id":"https:\/\/zsps.poznan.pl\/#website"},"primaryImageOfPage":{"@id":"https:\/\/zsps.poznan.pl\/index.php\/targi-edukacyjne-w-plewiskach\/#primaryimage"},"image":{"@id":"https:\/\/zsps.poznan.pl\/index.php\/targi-edukacyjne-w-plewiskach\/#primaryimage"},"thumbnailUrl":"https:\/\/zsps.poznan.pl\/wp-content\/uploads\/2023\/03\/332421367_154595407465978_1163714185237548371_n-150x150.jpg","datePublished":"2023-03-09T05:47:26+00:00","dateModified":"2023-03-09T05:50:09+00:00","breadcrumb":{"@id":"https:\/\/zsps.poznan.pl\/index.php\/targi-edukacyjne-w-plewiskach\/#breadcrumb"},"inLanguage":"pl-PL","potentialAction":[{"@type":"ReadAction","target":["https:\/\/zsps.poznan.pl\/index.php\/targi-edukacyjne-w-plewiskach\/"]}]},{"@type":"ImageObject","inLanguage":"pl-PL","@id":"https:\/\/zsps.poznan.pl\/index.php\/targi-edukacyjne-w-plewiskach\/#primaryimage","url":"https:\/\/zsps.poznan.pl\/wp-content\/uploads\/2023\/03\/332421367_154595407465978_1163714185237548371_n.jpg","contentUrl":"https:\/\/zsps.poznan.pl\/wp-content\/uploads\/2023\/03\/332421367_154595407465978_1163714185237548371_n.jpg","width":750,"height":1000},{"@type":"BreadcrumbList","@id":"https:\/\/zsps.poznan.pl\/index.php\/targi-edukacyjne-w-plewiskach\/#breadcrumb","itemListElement":[{"@type":"ListItem","position":1,"name":"Strona g\u0142\u00f3wna","item":"https:\/\/zsps.poznan.pl\/"},{"@type":"ListItem","position":2,"name":"TARGI EDUKACYJNE W PLEWISKACH"}]},{"@type":"WebSite","@id":"https:\/\/zsps.poznan.pl\/#website","url":"https:\/\/zsps.poznan.pl\/","name":"ZESP\u00d3\u0141 SZK\u00d3\u0141 PRZEMYS\u0141U SPO\u017bYWCZEGO","description":"im. J. J. \u015aniadeckich w Poznaniu","publisher":{"@id":"https:\/\/zsps.poznan.pl\/#organization"},"potentialAction":[{"@type":"SearchAction","target":{"@type":"EntryPoint","urlTemplate":"https:\/\/zsps.poznan.pl\/?s={search_term_string}"},"query-input":{"@type":"PropertyValueSpecification","valueRequired":true,"valueName":"search_term_string"}}],"inLanguage":"pl-PL"},{"@type":"Organization","@id":"https:\/\/zsps.poznan.pl\/#organization","name":"Zesp\u00f3\u0142 Szk\u00f3\u0142 Przemys\u0142u Spo\u017cywczego","url":"https:\/\/zsps.poznan.pl\/","logo":{"@type":"ImageObject","inLanguage":"pl-PL","@id":"https:\/\/zsps.poznan.pl\/#\/schema\/logo\/image\/","url":"","contentUrl":"","caption":"Zesp\u00f3\u0142 Szk\u00f3\u0142 Przemys\u0142u Spo\u017cywczego"},"image":{"@id":"https:\/\/zsps.poznan.pl\/#\/schema\/logo\/image\/"},"sameAs":["https:\/\/www.facebook.com\/zsps.poznan"]},{"@type":"Person","@id":"https:\/\/zsps.poznan.pl\/#\/schema\/person\/bd2786aff3d28d572ee3d08aa13cfba8","name":"barteckir","image":{"@type":"ImageObject","inLanguage":"pl-PL","@id":"https:\/\/secure.gravatar.com\/avatar\/467135196b1d7899a43486e26008f7675b9e000444ef035aa409397837c4cfd8?s=96&d=retro&r=g","url":"https:\/\/secure.gravatar.com\/avatar\/467135196b1d7899a43486e26008f7675b9e000444ef035aa409397837c4cfd8?s=96&d=retro&r=g","contentUrl":"https:\/\/secure.gravatar.com\/avatar\/467135196b1d7899a43486e26008f7675b9e000444ef035aa409397837c4cfd8?s=96&d=retro&r=g","caption":"barteckir"}}]}},"_links":{"self":[{"href":"https:\/\/zsps.poznan.pl\/index.php\/wp-json\/wp\/v2\/posts\/9234","targetHints":{"allow":["GET"]}}],"collection":[{"href":"https:\/\/zsps.poznan.pl\/index.php\/wp-json\/wp\/v2\/posts"}],"about":[{"href":"https:\/\/zsps.poznan.pl\/index.php\/wp-json\/wp\/v2\/types\/post"}],"author":[{"embeddable":true,"href":"https:\/\/zsps.poznan.pl\/index.php\/wp-json\/wp\/v2\/users\/7"}],"replies":[{"embeddable":true,"href":"https:\/\/zsps.poznan.pl\/index.php\/wp-json\/wp\/v2\/comments?post=9234"}],"version-history":[{"count":3,"href":"https:\/\/zsps.poznan.pl\/index.php\/wp-json\/wp\/v2\/posts\/9234\/revisions"}],"predecessor-version":[{"id":9243,"href":"https:\/\/zsps.poznan.pl\/index.php\/wp-json\/wp\/v2\/posts\/9234\/revisions\/9243"}],"wp:attachment":[{"href":"https:\/\/zsps.poznan.pl\/index.php\/wp-json\/wp\/v2\/media?parent=9234"}],"wp:term":[{"taxonomy":"category","embeddable":true,"href":"https:\/\/zsps.poznan.pl\/index.php\/wp-json\/wp\/v2\/categories?post=9234"},{"taxonomy":"post_tag","embeddable":true,"href":"https:\/\/zsps.poznan.pl\/index.php\/wp-json\/wp\/v2\/tags?post=9234"}],"curies":[{"name":"wp","href":"https:\/\/api.w.org\/{rel}","templated":true}]}}