{"id":9440,"date":"2023-03-13T20:26:19","date_gmt":"2023-03-13T19:26:19","guid":{"rendered":"https:\/\/zsps.poznan.pl\/?p=9440"},"modified":"2023-03-13T20:42:54","modified_gmt":"2023-03-13T19:42:54","slug":"xxvi-ogolnopolski-turniej-piekarski-im-anny-butki","status":"publish","type":"post","link":"https:\/\/zsps.poznan.pl\/index.php\/xxvi-ogolnopolski-turniej-piekarski-im-anny-butki\/","title":{"rendered":"XXVI Og\u00f3lnopolski Turniej Piekarski im. Anny Butki"},"content":{"rendered":"\t\t<div data-elementor-type=\"wp-post\" data-elementor-id=\"9440\" class=\"elementor elementor-9440\">\n\t\t\t\t\t\t<section class=\"elementor-section elementor-top-section elementor-element elementor-element-4d1dcdb elementor-section-boxed elementor-section-height-default elementor-section-height-default\" data-id=\"4d1dcdb\" data-element_type=\"section\" data-e-type=\"section\">\n\t\t\t\t\t\t<div class=\"elementor-container elementor-column-gap-default\">\n\t\t\t\t\t<div class=\"elementor-column elementor-col-100 elementor-top-column elementor-element elementor-element-d9f0ade\" data-id=\"d9f0ade\" data-element_type=\"column\" data-e-type=\"column\">\n\t\t\t<div class=\"elementor-widget-wrap elementor-element-populated\">\n\t\t\t\t\t\t<div class=\"elementor-element elementor-element-96a0920 elementor-widget elementor-widget-text-editor\" data-id=\"96a0920\" data-element_type=\"widget\" data-e-type=\"widget\" data-widget_type=\"text-editor.default\">\n\t\t\t\t<div class=\"elementor-widget-container\">\n\t\t\t\t\t\t\t\t\t<p>W dniach 9 i 10 marca 2023 r. odby\u0142 si\u0119 fina\u0142 XXVI Og\u00f3lnopolskiego Turnieju Piekarskiego im. Anny Butki. Organizatorami Turnieju s\u0105 Wielkopolska Izba Rzemie\u015blnicza oraz Zesp\u00f3\u0142 Szk\u00f3\u0142 Przemys\u0142u Spo\u017cywczego w Poznaniu.<\/p><p>W tegorocznym Turnieju wystartowa\u0142o 13 uczni\u00f3w z 6 r\u00f3\u017cnych szk\u00f3\u0142 z ca\u0142ej Polski. Zmagania rozpocz\u0119\u0142y si\u0119 od sprawdzenia wiedzy teoretycznej czyli testu wiadomo\u015bci, p\u00f3\u017aniej uczniowie przyst\u0105pili do wykonania zada\u0144 praktycznych \u2013 formowali i wypiekali po 3 rodzaje pieczywa wyborowego (bu\u0142ki, pieczywo regionalne i plecionki) oraz p\u00f3\u0142cukierniczego (rogale, cha\u0142ki i dro\u017cd\u017c\u00f3wki) oraz tworzyli eksponat artystyczny.<\/p><p>Komisja oceniaj\u0105ca\u00a0 pracowa\u0142a w sk\u0142adzie: Stanis\u0142aw Butka \u2013 przewodnicz\u0105cy komisji oceniaj\u0105cej, Katarzyna Mojzykiewicz, Piotr \u0141akomy, Arkady Mojzykiewicz i Przemys\u0142aw Koperski oraz nauczyciele przedmiot\u00f3w zawodowych Izabela R\u00f3\u017ca\u0144ska, Katarzyna Pro\u015bci\u0144ska i Sabina Guz.<\/p><p>Podczas uroczystego zako\u0144czenia w Izbie Rzemie\u015blniczej dowiedzieli\u015bmy si\u0119, \u017ce pierwsze miejsce przypad\u0142o w udziale Amelii uczennicy klasy trzeciej ze szko\u0142y w Rokietnicy, drugie miejsce zaj\u0119\u0142a Emilia z Lublina, a na ostatnim stopniu podium stan\u0105\u0142 Micha\u0142 \u2013 ucze\u0144 ZSPSP z Poznania.<\/p><p>Wszystkim finalistom gratulujemy, a tak\u017ce dzi\u0119kujemy nauczycielom i instruktorom praktycznej nauki zawodu za przygotowanie uczni\u00f3w i zapraszamy do ogl\u0105dania galerii zdj\u0119\u0107.<\/p><p>Serdeczne podzi\u0119kowania sk\u0142adam nauczycielom i uczniom ZSPS w Poznaniu, kt\u00f3rzy pomagali w organizacji oraz podczas trwania XXVI fina\u0142u Og\u00f3lnopolskiego Turnieju Piekarskiego im. Anny Butki.<\/p><p>Dzi\u0119kuj\u0119 r\u00f3wnie\u017c sponsorom, bez wsparcia kt\u00f3rych zorganizowanie Turnieju by\u0142oby niemo\u017cliwe. Dzi\u0119kuj\u0119: Kuratorium O\u015bwiaty w Poznaniu; Wydzia\u0142owi O\u015bwiaty Urz\u0119du Miasta Poznania; Centrum Wsparcia Rzemios\u0142a, Kszta\u0142cenia Dualnego i Zawodowego w Poznaniu; Wielkopolskiej Izbie Rzemie\u015blniczej; oraz firmom: Sp\u00f3\u0142dzielni Obrotu Towarowego Przemys\u0142u Mleczarskiego; Bakels Polska, Puratos Polska; Komplet Polska; Dora Metal; Piekarni Cukierni Krzysztof i Leszek Nowaczyk, Hotelowi Mercure Centrum Pozna\u0144.<\/p><p>Serdecznie zapraszamy w przysz\u0142ym roku szkolnym do udzia\u0142u w kolejnej edycji Turnieju.<\/p><p>Maria Lutowska<\/p>\t\t\t\t\t\t\t\t<\/div>\n\t\t\t\t<\/div>\n\t\t\t\t\t<\/div>\n\t\t<\/div>\n\t\t\t\t\t<\/div>\n\t\t<\/section>\n\t\t\t\t<section class=\"elementor-section elementor-top-section elementor-element elementor-element-1756874 elementor-section-boxed elementor-section-height-default elementor-section-height-default\" data-id=\"1756874\" data-element_type=\"section\" data-e-type=\"section\">\n\t\t\t\t\t\t<div class=\"elementor-container elementor-column-gap-default\">\n\t\t\t\t\t<div class=\"elementor-column elementor-col-100 elementor-top-column elementor-element elementor-element-dc5dbf0\" data-id=\"dc5dbf0\" data-element_type=\"column\" data-e-type=\"column\">\n\t\t\t<div class=\"elementor-widget-wrap elementor-element-populated\">\n\t\t\t\t\t\t<div class=\"elementor-element elementor-element-80f3cc9 elementor-widget elementor-widget-text-editor\" data-id=\"80f3cc9\" data-element_type=\"widget\" data-e-type=\"widget\" data-widget_type=\"text-editor.default\">\n\t\t\t\t<div class=\"elementor-widget-container\">\n\t\t\t\t\t\t\t\t\t<h6 class=\"elementor-heading-title elementor-size-medium\"><a href=\"https:\/\/www.zsps.poznan.pl\/index.php\/piekarski\/\"><strong>Relacja z Og\u00f3lnopolskiego Turnieju Piekarskiego 9-10.03.2023<\/strong><\/a><\/h6>\t\t\t\t\t\t\t\t<\/div>\n\t\t\t\t<\/div>\n\t\t\t\t\t<\/div>\n\t\t<\/div>\n\t\t\t\t\t<\/div>\n\t\t<\/section>\n\t\t\t\t<\/div>\n\t\t","protected":false},"excerpt":{"rendered":"<p>W dniach 9 i 10 marca 2023 r. odby\u0142 si\u0119 fina\u0142 XXVI Og\u00f3lnopolskiego Turnieju Piekarskiego im. Anny Butki. Organizatorami Turnieju s\u0105 Wielkopolska Izba Rzemie\u015blnicza oraz Zesp\u00f3\u0142 Szk\u00f3\u0142 Przemys\u0142u Spo\u017cywczego w Poznaniu. W tegorocznym Turnieju wystartowa\u0142o 13 uczni\u00f3w z 6 r\u00f3\u017cnych<\/p>\n","protected":false},"author":7,"featured_media":0,"comment_status":"closed","ping_status":"closed","sticky":false,"template":"","format":"standard","meta":{"footnotes":""},"categories":[1],"tags":[],"class_list":["post-9440","post","type-post","status-publish","format-standard","hentry","category-aktualnosci"],"yoast_head":"<!-- This site is optimized with the Yoast SEO plugin v27.5 - https:\/\/yoast.com\/product\/yoast-seo-wordpress\/ -->\n<title>XXVI Og\u00f3lnopolski Turniej Piekarski im. Anny Butki - ZESP\u00d3\u0141 SZK\u00d3\u0141 PRZEMYS\u0141U SPO\u017bYWCZEGO<\/title>\n<meta name=\"robots\" content=\"index, follow, max-snippet:-1, max-image-preview:large, max-video-preview:-1\" \/>\n<link rel=\"canonical\" href=\"https:\/\/zsps.poznan.pl\/index.php\/xxvi-ogolnopolski-turniej-piekarski-im-anny-butki\/\" \/>\n<meta property=\"og:locale\" content=\"pl_PL\" \/>\n<meta property=\"og:type\" content=\"article\" \/>\n<meta property=\"og:title\" content=\"XXVI Og\u00f3lnopolski Turniej Piekarski im. Anny Butki - ZESP\u00d3\u0141 SZK\u00d3\u0141 PRZEMYS\u0141U SPO\u017bYWCZEGO\" \/>\n<meta property=\"og:description\" content=\"W dniach 9 i 10 marca 2023 r. odby\u0142 si\u0119 fina\u0142 XXVI Og\u00f3lnopolskiego Turnieju Piekarskiego im. Anny Butki. Organizatorami Turnieju s\u0105 Wielkopolska Izba Rzemie\u015blnicza oraz Zesp\u00f3\u0142 Szk\u00f3\u0142 Przemys\u0142u Spo\u017cywczego w Poznaniu. W tegorocznym Turnieju wystartowa\u0142o 13 uczni\u00f3w z 6 r\u00f3\u017cnych\" \/>\n<meta property=\"og:url\" content=\"https:\/\/zsps.poznan.pl\/index.php\/xxvi-ogolnopolski-turniej-piekarski-im-anny-butki\/\" \/>\n<meta property=\"og:site_name\" content=\"ZESP\u00d3\u0141 SZK\u00d3\u0141 PRZEMYS\u0141U SPO\u017bYWCZEGO\" \/>\n<meta property=\"article:publisher\" content=\"https:\/\/www.facebook.com\/zsps.poznan\" \/>\n<meta property=\"article:published_time\" content=\"2023-03-13T19:26:19+00:00\" \/>\n<meta property=\"article:modified_time\" content=\"2023-03-13T19:42:54+00:00\" \/>\n<meta name=\"author\" content=\"barteckir\" \/>\n<meta name=\"twitter:card\" content=\"summary_large_image\" \/>\n<meta name=\"twitter:label1\" content=\"Napisane przez\" \/>\n\t<meta name=\"twitter:data1\" content=\"barteckir\" \/>\n\t<meta name=\"twitter:label2\" content=\"Szacowany czas czytania\" \/>\n\t<meta name=\"twitter:data2\" content=\"2 minuty\" \/>\n<script type=\"application\/ld+json\" class=\"yoast-schema-graph\">{\"@context\":\"https:\\\/\\\/schema.org\",\"@graph\":[{\"@type\":\"Article\",\"@id\":\"https:\\\/\\\/zsps.poznan.pl\\\/index.php\\\/xxvi-ogolnopolski-turniej-piekarski-im-anny-butki\\\/#article\",\"isPartOf\":{\"@id\":\"https:\\\/\\\/zsps.poznan.pl\\\/index.php\\\/xxvi-ogolnopolski-turniej-piekarski-im-anny-butki\\\/\"},\"author\":{\"name\":\"barteckir\",\"@id\":\"https:\\\/\\\/zsps.poznan.pl\\\/#\\\/schema\\\/person\\\/bd2786aff3d28d572ee3d08aa13cfba8\"},\"headline\":\"XXVI Og\u00f3lnopolski Turniej Piekarski im. Anny Butki\",\"datePublished\":\"2023-03-13T19:26:19+00:00\",\"dateModified\":\"2023-03-13T19:42:54+00:00\",\"mainEntityOfPage\":{\"@id\":\"https:\\\/\\\/zsps.poznan.pl\\\/index.php\\\/xxvi-ogolnopolski-turniej-piekarski-im-anny-butki\\\/\"},\"wordCount\":339,\"publisher\":{\"@id\":\"https:\\\/\\\/zsps.poznan.pl\\\/#organization\"},\"articleSection\":[\"Aktualno\u015bci\"],\"inLanguage\":\"pl-PL\"},{\"@type\":\"WebPage\",\"@id\":\"https:\\\/\\\/zsps.poznan.pl\\\/index.php\\\/xxvi-ogolnopolski-turniej-piekarski-im-anny-butki\\\/\",\"url\":\"https:\\\/\\\/zsps.poznan.pl\\\/index.php\\\/xxvi-ogolnopolski-turniej-piekarski-im-anny-butki\\\/\",\"name\":\"XXVI Og\u00f3lnopolski Turniej Piekarski im. Anny Butki - ZESP\u00d3\u0141 SZK\u00d3\u0141 PRZEMYS\u0141U SPO\u017bYWCZEGO\",\"isPartOf\":{\"@id\":\"https:\\\/\\\/zsps.poznan.pl\\\/#website\"},\"datePublished\":\"2023-03-13T19:26:19+00:00\",\"dateModified\":\"2023-03-13T19:42:54+00:00\",\"breadcrumb\":{\"@id\":\"https:\\\/\\\/zsps.poznan.pl\\\/index.php\\\/xxvi-ogolnopolski-turniej-piekarski-im-anny-butki\\\/#breadcrumb\"},\"inLanguage\":\"pl-PL\",\"potentialAction\":[{\"@type\":\"ReadAction\",\"target\":[\"https:\\\/\\\/zsps.poznan.pl\\\/index.php\\\/xxvi-ogolnopolski-turniej-piekarski-im-anny-butki\\\/\"]}]},{\"@type\":\"BreadcrumbList\",\"@id\":\"https:\\\/\\\/zsps.poznan.pl\\\/index.php\\\/xxvi-ogolnopolski-turniej-piekarski-im-anny-butki\\\/#breadcrumb\",\"itemListElement\":[{\"@type\":\"ListItem\",\"position\":1,\"name\":\"Strona g\u0142\u00f3wna\",\"item\":\"https:\\\/\\\/zsps.poznan.pl\\\/\"},{\"@type\":\"ListItem\",\"position\":2,\"name\":\"XXVI Og\u00f3lnopolski Turniej Piekarski im. Anny Butki\"}]},{\"@type\":\"WebSite\",\"@id\":\"https:\\\/\\\/zsps.poznan.pl\\\/#website\",\"url\":\"https:\\\/\\\/zsps.poznan.pl\\\/\",\"name\":\"ZESP\u00d3\u0141 SZK\u00d3\u0141 PRZEMYS\u0141U SPO\u017bYWCZEGO\",\"description\":\"im. J. J. \u015aniadeckich w Poznaniu\",\"publisher\":{\"@id\":\"https:\\\/\\\/zsps.poznan.pl\\\/#organization\"},\"potentialAction\":[{\"@type\":\"SearchAction\",\"target\":{\"@type\":\"EntryPoint\",\"urlTemplate\":\"https:\\\/\\\/zsps.poznan.pl\\\/?s={search_term_string}\"},\"query-input\":{\"@type\":\"PropertyValueSpecification\",\"valueRequired\":true,\"valueName\":\"search_term_string\"}}],\"inLanguage\":\"pl-PL\"},{\"@type\":\"Organization\",\"@id\":\"https:\\\/\\\/zsps.poznan.pl\\\/#organization\",\"name\":\"Zesp\u00f3\u0142 Szk\u00f3\u0142 Przemys\u0142u Spo\u017cywczego\",\"url\":\"https:\\\/\\\/zsps.poznan.pl\\\/\",\"logo\":{\"@type\":\"ImageObject\",\"inLanguage\":\"pl-PL\",\"@id\":\"https:\\\/\\\/zsps.poznan.pl\\\/#\\\/schema\\\/logo\\\/image\\\/\",\"url\":\"\",\"contentUrl\":\"\",\"caption\":\"Zesp\u00f3\u0142 Szk\u00f3\u0142 Przemys\u0142u Spo\u017cywczego\"},\"image\":{\"@id\":\"https:\\\/\\\/zsps.poznan.pl\\\/#\\\/schema\\\/logo\\\/image\\\/\"},\"sameAs\":[\"https:\\\/\\\/www.facebook.com\\\/zsps.poznan\"]},{\"@type\":\"Person\",\"@id\":\"https:\\\/\\\/zsps.poznan.pl\\\/#\\\/schema\\\/person\\\/bd2786aff3d28d572ee3d08aa13cfba8\",\"name\":\"barteckir\",\"image\":{\"@type\":\"ImageObject\",\"inLanguage\":\"pl-PL\",\"@id\":\"https:\\\/\\\/secure.gravatar.com\\\/avatar\\\/467135196b1d7899a43486e26008f7675b9e000444ef035aa409397837c4cfd8?s=96&d=retro&r=g\",\"url\":\"https:\\\/\\\/secure.gravatar.com\\\/avatar\\\/467135196b1d7899a43486e26008f7675b9e000444ef035aa409397837c4cfd8?s=96&d=retro&r=g\",\"contentUrl\":\"https:\\\/\\\/secure.gravatar.com\\\/avatar\\\/467135196b1d7899a43486e26008f7675b9e000444ef035aa409397837c4cfd8?s=96&d=retro&r=g\",\"caption\":\"barteckir\"}}]}<\/script>\n<!-- \/ Yoast SEO plugin. -->","yoast_head_json":{"title":"XXVI Og\u00f3lnopolski Turniej Piekarski im. Anny Butki - ZESP\u00d3\u0141 SZK\u00d3\u0141 PRZEMYS\u0141U SPO\u017bYWCZEGO","robots":{"index":"index","follow":"follow","max-snippet":"max-snippet:-1","max-image-preview":"max-image-preview:large","max-video-preview":"max-video-preview:-1"},"canonical":"https:\/\/zsps.poznan.pl\/index.php\/xxvi-ogolnopolski-turniej-piekarski-im-anny-butki\/","og_locale":"pl_PL","og_type":"article","og_title":"XXVI Og\u00f3lnopolski Turniej Piekarski im. Anny Butki - ZESP\u00d3\u0141 SZK\u00d3\u0141 PRZEMYS\u0141U SPO\u017bYWCZEGO","og_description":"W dniach 9 i 10 marca 2023 r. odby\u0142 si\u0119 fina\u0142 XXVI Og\u00f3lnopolskiego Turnieju Piekarskiego im. Anny Butki. Organizatorami Turnieju s\u0105 Wielkopolska Izba Rzemie\u015blnicza oraz Zesp\u00f3\u0142 Szk\u00f3\u0142 Przemys\u0142u Spo\u017cywczego w Poznaniu. W tegorocznym Turnieju wystartowa\u0142o 13 uczni\u00f3w z 6 r\u00f3\u017cnych","og_url":"https:\/\/zsps.poznan.pl\/index.php\/xxvi-ogolnopolski-turniej-piekarski-im-anny-butki\/","og_site_name":"ZESP\u00d3\u0141 SZK\u00d3\u0141 PRZEMYS\u0141U SPO\u017bYWCZEGO","article_publisher":"https:\/\/www.facebook.com\/zsps.poznan","article_published_time":"2023-03-13T19:26:19+00:00","article_modified_time":"2023-03-13T19:42:54+00:00","author":"barteckir","twitter_card":"summary_large_image","twitter_misc":{"Napisane przez":"barteckir","Szacowany czas czytania":"2 minuty"},"schema":{"@context":"https:\/\/schema.org","@graph":[{"@type":"Article","@id":"https:\/\/zsps.poznan.pl\/index.php\/xxvi-ogolnopolski-turniej-piekarski-im-anny-butki\/#article","isPartOf":{"@id":"https:\/\/zsps.poznan.pl\/index.php\/xxvi-ogolnopolski-turniej-piekarski-im-anny-butki\/"},"author":{"name":"barteckir","@id":"https:\/\/zsps.poznan.pl\/#\/schema\/person\/bd2786aff3d28d572ee3d08aa13cfba8"},"headline":"XXVI Og\u00f3lnopolski Turniej Piekarski im. Anny Butki","datePublished":"2023-03-13T19:26:19+00:00","dateModified":"2023-03-13T19:42:54+00:00","mainEntityOfPage":{"@id":"https:\/\/zsps.poznan.pl\/index.php\/xxvi-ogolnopolski-turniej-piekarski-im-anny-butki\/"},"wordCount":339,"publisher":{"@id":"https:\/\/zsps.poznan.pl\/#organization"},"articleSection":["Aktualno\u015bci"],"inLanguage":"pl-PL"},{"@type":"WebPage","@id":"https:\/\/zsps.poznan.pl\/index.php\/xxvi-ogolnopolski-turniej-piekarski-im-anny-butki\/","url":"https:\/\/zsps.poznan.pl\/index.php\/xxvi-ogolnopolski-turniej-piekarski-im-anny-butki\/","name":"XXVI Og\u00f3lnopolski Turniej Piekarski im. Anny Butki - ZESP\u00d3\u0141 SZK\u00d3\u0141 PRZEMYS\u0141U SPO\u017bYWCZEGO","isPartOf":{"@id":"https:\/\/zsps.poznan.pl\/#website"},"datePublished":"2023-03-13T19:26:19+00:00","dateModified":"2023-03-13T19:42:54+00:00","breadcrumb":{"@id":"https:\/\/zsps.poznan.pl\/index.php\/xxvi-ogolnopolski-turniej-piekarski-im-anny-butki\/#breadcrumb"},"inLanguage":"pl-PL","potentialAction":[{"@type":"ReadAction","target":["https:\/\/zsps.poznan.pl\/index.php\/xxvi-ogolnopolski-turniej-piekarski-im-anny-butki\/"]}]},{"@type":"BreadcrumbList","@id":"https:\/\/zsps.poznan.pl\/index.php\/xxvi-ogolnopolski-turniej-piekarski-im-anny-butki\/#breadcrumb","itemListElement":[{"@type":"ListItem","position":1,"name":"Strona g\u0142\u00f3wna","item":"https:\/\/zsps.poznan.pl\/"},{"@type":"ListItem","position":2,"name":"XXVI Og\u00f3lnopolski Turniej Piekarski im. Anny Butki"}]},{"@type":"WebSite","@id":"https:\/\/zsps.poznan.pl\/#website","url":"https:\/\/zsps.poznan.pl\/","name":"ZESP\u00d3\u0141 SZK\u00d3\u0141 PRZEMYS\u0141U SPO\u017bYWCZEGO","description":"im. J. J. \u015aniadeckich w Poznaniu","publisher":{"@id":"https:\/\/zsps.poznan.pl\/#organization"},"potentialAction":[{"@type":"SearchAction","target":{"@type":"EntryPoint","urlTemplate":"https:\/\/zsps.poznan.pl\/?s={search_term_string}"},"query-input":{"@type":"PropertyValueSpecification","valueRequired":true,"valueName":"search_term_string"}}],"inLanguage":"pl-PL"},{"@type":"Organization","@id":"https:\/\/zsps.poznan.pl\/#organization","name":"Zesp\u00f3\u0142 Szk\u00f3\u0142 Przemys\u0142u Spo\u017cywczego","url":"https:\/\/zsps.poznan.pl\/","logo":{"@type":"ImageObject","inLanguage":"pl-PL","@id":"https:\/\/zsps.poznan.pl\/#\/schema\/logo\/image\/","url":"","contentUrl":"","caption":"Zesp\u00f3\u0142 Szk\u00f3\u0142 Przemys\u0142u Spo\u017cywczego"},"image":{"@id":"https:\/\/zsps.poznan.pl\/#\/schema\/logo\/image\/"},"sameAs":["https:\/\/www.facebook.com\/zsps.poznan"]},{"@type":"Person","@id":"https:\/\/zsps.poznan.pl\/#\/schema\/person\/bd2786aff3d28d572ee3d08aa13cfba8","name":"barteckir","image":{"@type":"ImageObject","inLanguage":"pl-PL","@id":"https:\/\/secure.gravatar.com\/avatar\/467135196b1d7899a43486e26008f7675b9e000444ef035aa409397837c4cfd8?s=96&d=retro&r=g","url":"https:\/\/secure.gravatar.com\/avatar\/467135196b1d7899a43486e26008f7675b9e000444ef035aa409397837c4cfd8?s=96&d=retro&r=g","contentUrl":"https:\/\/secure.gravatar.com\/avatar\/467135196b1d7899a43486e26008f7675b9e000444ef035aa409397837c4cfd8?s=96&d=retro&r=g","caption":"barteckir"}}]}},"_links":{"self":[{"href":"https:\/\/zsps.poznan.pl\/index.php\/wp-json\/wp\/v2\/posts\/9440","targetHints":{"allow":["GET"]}}],"collection":[{"href":"https:\/\/zsps.poznan.pl\/index.php\/wp-json\/wp\/v2\/posts"}],"about":[{"href":"https:\/\/zsps.poznan.pl\/index.php\/wp-json\/wp\/v2\/types\/post"}],"author":[{"embeddable":true,"href":"https:\/\/zsps.poznan.pl\/index.php\/wp-json\/wp\/v2\/users\/7"}],"replies":[{"embeddable":true,"href":"https:\/\/zsps.poznan.pl\/index.php\/wp-json\/wp\/v2\/comments?post=9440"}],"version-history":[{"count":12,"href":"https:\/\/zsps.poznan.pl\/index.php\/wp-json\/wp\/v2\/posts\/9440\/revisions"}],"predecessor-version":[{"id":9453,"href":"https:\/\/zsps.poznan.pl\/index.php\/wp-json\/wp\/v2\/posts\/9440\/revisions\/9453"}],"wp:attachment":[{"href":"https:\/\/zsps.poznan.pl\/index.php\/wp-json\/wp\/v2\/media?parent=9440"}],"wp:term":[{"taxonomy":"category","embeddable":true,"href":"https:\/\/zsps.poznan.pl\/index.php\/wp-json\/wp\/v2\/categories?post=9440"},{"taxonomy":"post_tag","embeddable":true,"href":"https:\/\/zsps.poznan.pl\/index.php\/wp-json\/wp\/v2\/tags?post=9440"}],"curies":[{"name":"wp","href":"https:\/\/api.w.org\/{rel}","templated":true}]}}